{"id":16481,"date":"2018-08-11T17:28:28","date_gmt":"2018-08-11T20:28:28","guid":{"rendered":"http:\/\/blogs.correio24horas.com.br\/mesalte\/?p=16481"},"modified":"2018-08-15T17:59:58","modified_gmt":"2018-08-15T20:59:58","slug":"liniker-a-sintonia-e-a-representatividade","status":"publish","type":"post","link":"https:\/\/blogs.correio24horas.com.br\/mesalte\/liniker-a-sintonia-e-a-representatividade\/","title":{"rendered":"Liniker no palco: a sintonia e a representatividade"},"content":{"rendered":"<p>Liniker \u00e9 um raio de sol na noite de lua. J\u00e1 nem me lembro mais de quantas vezes a vi em cima de um palco. Ontem, no Pelourinho, tinha algo diferente &#8211; pra melhor! O semblante dela e dos Caramelows (sua banda) at\u00e9 poderia remeter cansa\u00e7o por conta da longa turn\u00ea que fizeram recentemente pela Europa. Mas a sinergia com o p\u00fablico foi uma das mais intensas que j\u00e1 vi.<\/p>\n<p>Da primeira \u00e0 \u00faltima can\u00e7\u00e3o. Todas foram cantadas em coro. A voz da Liniker, obviamente, emanava poder. Zero, Tua&#8230;Remonta. Todas as can\u00e7\u00f5es reverberaram verdades pelos espa\u00e7os do Pel\u00f4 e pelos cora\u00e7\u00f5es que estavam na plateia.<\/p>\n<p>O p\u00fablico, por sua vez, seguia uma heterogeneidade \u00e9tnica.\u00a0 Bixhas pretas REPRESENTADAS em sua ess\u00eancia. Pessoas cis, trans, sem g\u00eanero&#8230;. Todas congra\u00e7avam uma sensa\u00e7\u00e3o de pertencimento. Um misto de orgulho e emo\u00e7\u00e3o por ver a Liniker plena no palco.<\/p>\n<p>Do vestido branco aos cabelos cacheados passando pela sintonia com sua banda, Liniker cada vez mais mostra sua pot\u00eancia art\u00edstica sem muitos melindres nem holofotes desnecess\u00e1rios.<\/p>\n<p><em>Acesse o Instagram no Me Salte e veja v\u00eddeos do show<\/em><\/p>\n<p>Agora, s\u00f3 resta rever a mem\u00f3rias, os v\u00eddeos e aguardar o pr\u00f3ximo encontro.<\/p>\n","protected":false},"excerpt":{"rendered":"<p>Liniker \u00e9 um raio de sol na noite de lua. J\u00e1 nem me lembro mais de quantas vezes a vi em cima de um palco. Ontem, [&hellip;]<\/p>\n","protected":false},"author":1,"featured_media":16482,"comment_status":"open","ping_status":"open","sticky":false,"template":"","format":"image","meta":{"footnotes":""},"categories":[80,9],"tags":[],"class_list":["post-16481","post","type-post","status-publish","format-image","has-post-thumbnail","hentry","category-home","category-me-orgulho","post_format-post-format-image"],"_links":{"self":[{"href":"https:\/\/blogs.correio24horas.com.br\/mesalte\/wp-json\/wp\/v2\/posts\/16481","targetHints":{"allow":["GET"]}}],"collection":[{"href":"https:\/\/blogs.correio24horas.com.br\/mesalte\/wp-json\/wp\/v2\/posts"}],"about":[{"href":"https:\/\/blogs.correio24horas.com.br\/mesalte\/wp-json\/wp\/v2\/types\/post"}],"author":[{"embeddable":true,"href":"https:\/\/blogs.correio24horas.com.br\/mesalte\/wp-json\/wp\/v2\/users\/1"}],"replies":[{"embeddable":true,"href":"https:\/\/blogs.correio24horas.com.br\/mesalte\/wp-json\/wp\/v2\/comments?post=16481"}],"version-history":[{"count":3,"href":"https:\/\/blogs.correio24horas.com.br\/mesalte\/wp-json\/wp\/v2\/posts\/16481\/revisions"}],"predecessor-version":[{"id":16517,"href":"https:\/\/blogs.correio24horas.com.br\/mesalte\/wp-json\/wp\/v2\/posts\/16481\/revisions\/16517"}],"wp:featuredmedia":[{"embeddable":true,"href":"https:\/\/blogs.correio24horas.com.br\/mesalte\/wp-json\/wp\/v2\/media\/16482"}],"wp:attachment":[{"href":"https:\/\/blogs.correio24horas.com.br\/mesalte\/wp-json\/wp\/v2\/media?parent=16481"}],"wp:term":[{"taxonomy":"category","embeddable":true,"href":"https:\/\/blogs.correio24horas.com.br\/mesalte\/wp-json\/wp\/v2\/categories?post=16481"},{"taxonomy":"post_tag","embeddable":true,"href":"https:\/\/blogs.correio24horas.com.br\/mesalte\/wp-json\/wp\/v2\/tags?post=16481"}],"curies":[{"name":"wp","href":"https:\/\/api.w.org\/{rel}","templated":true}]}}