{"id":16472,"date":"2018-08-10T09:45:13","date_gmt":"2018-08-10T12:45:13","guid":{"rendered":"http:\/\/blogs.correio24horas.com.br\/mesalte\/?p=16472"},"modified":"2018-08-10T09:45:13","modified_gmt":"2018-08-10T12:45:13","slug":"lulu-santos-lanca-musica-orgulho-e-preconceito-e-fala-do-novo-amor","status":"publish","type":"post","link":"https:\/\/blogs.correio24horas.com.br\/mesalte\/lulu-santos-lanca-musica-orgulho-e-preconceito-e-fala-do-novo-amor\/","title":{"rendered":"Lulu Santos lan\u00e7a m\u00fasica &#8216;Orgulho e Preconceito&#8217; e fala do novo amor"},"content":{"rendered":"<p>Ah, o amor! O cantor e compositor Lulu Santos lan\u00e7ou oficialmente nesta quinta-feira (9), no The Voice Brasil (TV Globo) seu\u00a0mais novo single: Orgulho e Preconceito. A can\u00e7\u00e3o , que fala de amor, ganhou o p\u00fablico na internet, que exaltou um dos trechos. \u201cEsta can\u00e7\u00e3o \u00e9 pra voc\u00ea nunca mais ter que sussurrar quando diz que me ama. Pra te libertar de todo julgamento alheio. Pra voc\u00ea poder dizer sem receio: Te Amo!&#8221;, diz Lulu no seu\u00a0novo single.<\/p>\n<p>Al\u00e9m da nova can\u00e7\u00e3o, o t\u00e9cnico recebeu uma homenagem de tirar o f\u00f4lego, onde relembrou sua carreira e, pela primeira vez na TV, falou sobre Clebson Teixeira, seu namorado.<\/p>\n<blockquote class=\"instagram-media\" style=\"background: #FFF; border: 0; border-radius: 3px; box-shadow: 0 0 1px 0 rgba(0,0,0,0.5),0 1px 10px 0 rgba(0,0,0,0.15); margin: 1px; max-width: 540px; min-width: 326px; padding: 0; width: calc(100% - 2px);\" data-instgrm-captioned=\"\" data-instgrm-permalink=\"https:\/\/www.instagram.com\/p\/BmSEC8bhcR5\/?utm_source=ig_embed\" data-instgrm-version=\"9\">\n<div style=\"padding: 8px;\">\n<div style=\"background: #F8F8F8; line-height: 0; margin-top: 40px; padding: 50.0% 0; text-align: center; width: 100%;\"><\/div>\n<p style=\"margin: 8px 0 0 0; padding: 0 4px;\"><a style=\"color: #000; font-family: Arial,sans-serif; font-size: 14px; font-style: normal; font-weight: normal; line-height: 17px; text-decoration: none; word-wrap: break-word;\" href=\"https:\/\/www.instagram.com\/p\/BmSEC8bhcR5\/?utm_source=ig_embed\" target=\"_blank\">\u201cConsideramos justa toda forma de amor\u201d &#x1f495;\u2728 achei fofo demais ele falando sobre a vida e sobre o AMOR (&#x1f3a5;: @redeglobo) #thevoice #lulu #maravilhoso #loveislove<\/a><\/p>\n<p style=\"color: #c9c8cd; font-family: Arial,sans-serif; font-size: 14px; line-height: 17px; margin-bottom: 0; margin-top: 8px; overflow: hidden; padding: 8px 0 7px; text-align: center; text-overflow: ellipsis; white-space: nowrap;\">Uma publica\u00e7\u00e3o compartilhada por <a style=\"color: #c9c8cd; font-family: Arial,sans-serif; font-size: 14px; font-style: normal; font-weight: normal; line-height: 17px;\" href=\"https:\/\/www.instagram.com\/vemmebuscarhebe\/?utm_source=ig_embed\" target=\"_blank\"> Vem Me Buscar Hebe<\/a> (@vemmebuscarhebe) em <time style=\"font-family: Arial,sans-serif; font-size: 14px; line-height: 17px;\" datetime=\"2018-08-10T02:52:34+00:00\">9 de Ago, 2018 \u00e0s 7:52 PDT<\/time><\/p>\n<\/div>\n<\/blockquote>\n<p><script src=\"\/\/www.instagram.com\/embed.js\" async=\"\" defer=\"defer\"><\/script><\/p>\n<p>&#8220;Uma vida s\u00f3 se completa, de fato, com outra e eu tenho encontrado h\u00e1 pouco tempo na minha vida, mas de uma forma muito determinante, esta outra vida com quem eu resolvi dividir a minha. \u00c9 essa pessoa de uma alma extraordin\u00e1ria, que soube abrigar todos os meus desejos e anseios numa vida plena e de fato feliz. Se chama Clebson Teixeira.&#8221;<\/p>\n<p>Semana passada, o\u00a0t\u00e9cnico do The Voice Brasil, da Rede Globo\/TV Bahia, <a href=\"https:\/\/blogs.correio24horas.com.br\/mesalte\/viva-o-amor-lulu-santos-assume-namoro-com-baiano-e-agradece-carinho-dos-fas-felizes\/\" target=\"_blank\">compartilhou no seu\u00a0Instagram uma foto de um passeio de helic\u00f3ptero ao lado do baiano Clebson Teixeira<\/a>, 26 anos, assumindo\u00a0o namoro entre os dois.<\/p>\n<p>\u201cMe leve para a lua\u201d, escreveu Lulu na legenda da imagem em que aparece com o rapaz. Em seguida ele escreveu respondendo a um seguidor: \u201c\u00c9 realmente um privil\u00e9gio, me sinto aben\u00e7oado por tanto carinho e boas vibra\u00e7\u00f5es. Do fundo do cora\u00e7\u00e3o, nosso muit\u00edssimo obrigado!\u201d<\/p>\n<p>Clebson tamb\u00e9m confirmou o relacionamento ao responder uma outra f\u00e3 que desejou felicidades. \u201cPode deixar, no que depender de mim ele ser\u00e1 plenamente feliz\u201d, escreveu o rapaz.<\/p>\n","protected":false},"excerpt":{"rendered":"<p>Ah, o amor! O cantor e compositor Lulu Santos lan\u00e7ou oficialmente nesta quinta-feira (9), no The Voice Brasil (TV Globo) seu\u00a0mais novo single: Orgulho e Preconceito. [&hellip;]<\/p>\n","protected":false},"author":1,"featured_media":16474,"comment_status":"open","ping_status":"open","sticky":false,"template":"","format":"image","meta":{"footnotes":""},"categories":[28,80],"tags":[1718,1719,1720],"class_list":["post-16472","post","type-post","status-publish","format-image","has-post-thumbnail","hentry","category-farofa-digital","category-home","tag-lulu","tag-lulu-santos","tag-the-voice","post_format-post-format-image"],"_links":{"self":[{"href":"https:\/\/blogs.correio24horas.com.br\/mesalte\/wp-json\/wp\/v2\/posts\/16472","targetHints":{"allow":["GET"]}}],"collection":[{"href":"https:\/\/blogs.correio24horas.com.br\/mesalte\/wp-json\/wp\/v2\/posts"}],"about":[{"href":"https:\/\/blogs.correio24horas.com.br\/mesalte\/wp-json\/wp\/v2\/types\/post"}],"author":[{"embeddable":true,"href":"https:\/\/blogs.correio24horas.com.br\/mesalte\/wp-json\/wp\/v2\/users\/1"}],"replies":[{"embeddable":true,"href":"https:\/\/blogs.correio24horas.com.br\/mesalte\/wp-json\/wp\/v2\/comments?post=16472"}],"version-history":[{"count":2,"href":"https:\/\/blogs.correio24horas.com.br\/mesalte\/wp-json\/wp\/v2\/posts\/16472\/revisions"}],"predecessor-version":[{"id":16475,"href":"https:\/\/blogs.correio24horas.com.br\/mesalte\/wp-json\/wp\/v2\/posts\/16472\/revisions\/16475"}],"wp:featuredmedia":[{"embeddable":true,"href":"https:\/\/blogs.correio24horas.com.br\/mesalte\/wp-json\/wp\/v2\/media\/16474"}],"wp:attachment":[{"href":"https:\/\/blogs.correio24horas.com.br\/mesalte\/wp-json\/wp\/v2\/media?parent=16472"}],"wp:term":[{"taxonomy":"category","embeddable":true,"href":"https:\/\/blogs.correio24horas.com.br\/mesalte\/wp-json\/wp\/v2\/categories?post=16472"},{"taxonomy":"post_tag","embeddable":true,"href":"https:\/\/blogs.correio24horas.com.br\/mesalte\/wp-json\/wp\/v2\/tags?post=16472"}],"curies":[{"name":"wp","href":"https:\/\/api.w.org\/{rel}","templated":true}]}}