{"id":16460,"date":"2018-08-10T07:20:54","date_gmt":"2018-08-10T10:20:54","guid":{"rendered":"http:\/\/blogs.correio24horas.com.br\/mesalte\/?p=16460"},"modified":"2018-08-10T07:44:14","modified_gmt":"2018-08-10T10:44:14","slug":"xereca-com-xereca-e-revolucao-frases-de-protesto-se-espalham-em-universidade-federal-na-bahia","status":"publish","type":"post","link":"https:\/\/blogs.correio24horas.com.br\/mesalte\/xereca-com-xereca-e-revolucao-frases-de-protesto-se-espalham-em-universidade-federal-na-bahia\/","title":{"rendered":"&#8216;Xereca com xereca \u00e9 revolu\u00e7\u00e3o&#8217;: frases de protesto se espalham em universidade federal na Bahia"},"content":{"rendered":"<p><img loading=\"lazy\" decoding=\"async\" class=\"aligncenter size-full wp-image-13793\" src=\"https:\/\/blogs.correio24h.com.br\/mesalte\/wp-content\/uploads\/2017\/12\/topo_meSalte_cheiroCouro.jpg\" alt=\"topo_meSalte_cheiroCouro\" width=\"940\" height=\"100\" srcset=\"https:\/\/blogs.correio24h.com.br\/mesalte\/wp-content\/uploads\/2017\/12\/topo_meSalte_cheiroCouro.jpg 940w, https:\/\/blogs.correio24h.com.br\/mesalte\/wp-content\/uploads\/2017\/12\/topo_meSalte_cheiroCouro-300x32.jpg 300w, https:\/\/blogs.correio24h.com.br\/mesalte\/wp-content\/uploads\/2017\/12\/topo_meSalte_cheiroCouro-768x82.jpg 768w, https:\/\/blogs.correio24h.com.br\/mesalte\/wp-content\/uploads\/2017\/12\/topo_meSalte_cheiroCouro-260x28.jpg 260w, https:\/\/blogs.correio24h.com.br\/mesalte\/wp-content\/uploads\/2017\/12\/topo_meSalte_cheiroCouro-50x5.jpg 50w, https:\/\/blogs.correio24h.com.br\/mesalte\/wp-content\/uploads\/2017\/12\/topo_meSalte_cheiroCouro-150x16.jpg 150w\" sizes=\"auto, (max-width: 940px) 100vw, 940px\" \/><\/p>\n<p>Por Clarissa Pacheco<\/p>\n<div><\/div>\n<div>Fui a Cachoeira, no Rec\u00f4ncavo Baiano, esta semana e voltei com um desejo pra vida: comprar umas latas de tinta e sair escrevendo nas paredes um monte de coisas que me der na telha. Escreveria nas paredes aqui de casa tamb\u00e9m, mas a real \u00e9 que eu n\u00e3o quero guardar isso pra mim ou para quem me visita em casa. O que eu queria mesmo era ter uma vers\u00e3o do CAHL (Centro de Artes, Humanidade e Letras) da Universidade Federal do Rec\u00f4ncavo da Bahia (UFRB) pra chamar de\u00a0minha\u00a0nossa.<\/div>\n<div><\/div>\n<div>\n<p><img loading=\"lazy\" decoding=\"async\" class=\"aligncenter size-large wp-image-16462\" src=\"https:\/\/blogs.correio24h.com.br\/mesalte\/wp-content\/uploads\/2018\/08\/foto-1-768x1024.jpg\" alt=\"foto 1\" width=\"768\" height=\"1024\" srcset=\"https:\/\/blogs.correio24h.com.br\/mesalte\/wp-content\/uploads\/2018\/08\/foto-1-768x1024.jpg 768w, https:\/\/blogs.correio24h.com.br\/mesalte\/wp-content\/uploads\/2018\/08\/foto-1-225x300.jpg 225w, https:\/\/blogs.correio24h.com.br\/mesalte\/wp-content\/uploads\/2018\/08\/foto-1-110x146.jpg 110w, https:\/\/blogs.correio24h.com.br\/mesalte\/wp-content\/uploads\/2018\/08\/foto-1-38x50.jpg 38w, https:\/\/blogs.correio24h.com.br\/mesalte\/wp-content\/uploads\/2018\/08\/foto-1-56x75.jpg 56w, https:\/\/blogs.correio24h.com.br\/mesalte\/wp-content\/uploads\/2018\/08\/foto-1.jpg 780w\" sizes=\"auto, (max-width: 768px) 100vw, 768px\" \/><\/p>\n<p>\u00c9 s\u00e9rio, aquele lugar \u00e9 um hino! Um exemplo de resist\u00eancia, de orgulho, de posicionamento que a gente devia estampar por a\u00ed e divulgar. Tem protesto, m\u00fasica, poesia, afronte e, sobretudo, verdades. Muitas verdades que precisam mesmo ser ditas. Verdades sobre respeito \u00e0s mulheres, aos gays, sobre empoderamento, combate \u00e0 homofobia e ao machismo. As paredes do CAHL re\u00fanem de tudo. Tem at\u00e9 uma men\u00e7\u00e3o a cupcakes, quase de frente a uma frase que pede justi\u00e7a para Mariele Franco e outra que fala sobre a presen\u00e7a de Deus no lugar.<\/p>\n\n\t\t\t<style type='text\/css'>\n\t\t\t\t#gallery-1 {\n\t\t\t\t\tmargin: auto;\n\t\t\t\t}\n\t\t\t\t#gallery-1 .gallery-item {\n\t\t\t\t\tfloat: left;\n\t\t\t\t\tmargin-top: 10px;\n\t\t\t\t\ttext-align: center;\n\t\t\t\t\twidth: 49.99%;\n\t\t\t\t}\n\t\t\t\t#gallery-1 img {\n\t\t\t\t\tborder: 2px solid #cfcfcf;\n\t\t\t\t}\n\t\t\t\t#gallery-1 .gallery-caption {\n\t\t\t\t\tmargin-left: 0;\n\t\t\t\t}\n\t\t\t\t\/* see gallery_shortcode() in wp-includes\/media.php *\/\n\t\t\t<\/style>\n\t\t<div id='gallery-1' class='gallery galleryid-16460 gallery-columns-2 gallery-size-large file'><dl class='gallery-item'>\n\t\t\t\t<dt class='gallery-icon portrait'>\n\t\t\t\t\t<a href='https:\/\/blogs.correio24h.com.br\/mesalte\/wp-content\/uploads\/2018\/08\/foto-2.jpg'><img loading=\"lazy\" decoding=\"async\" width=\"768\" height=\"1024\" src=\"https:\/\/blogs.correio24h.com.br\/mesalte\/wp-content\/uploads\/2018\/08\/foto-2-768x1024.jpg\" class=\"attachment-large size-large\" alt=\"\" srcset=\"https:\/\/blogs.correio24h.com.br\/mesalte\/wp-content\/uploads\/2018\/08\/foto-2-768x1024.jpg 768w, https:\/\/blogs.correio24h.com.br\/mesalte\/wp-content\/uploads\/2018\/08\/foto-2-225x300.jpg 225w, https:\/\/blogs.correio24h.com.br\/mesalte\/wp-content\/uploads\/2018\/08\/foto-2-110x146.jpg 110w, https:\/\/blogs.correio24h.com.br\/mesalte\/wp-content\/uploads\/2018\/08\/foto-2-38x50.jpg 38w, https:\/\/blogs.correio24h.com.br\/mesalte\/wp-content\/uploads\/2018\/08\/foto-2-56x75.jpg 56w, https:\/\/blogs.correio24h.com.br\/mesalte\/wp-content\/uploads\/2018\/08\/foto-2.jpg 780w\" sizes=\"auto, (max-width: 768px) 100vw, 768px\" \/><\/a>\n\t\t\t\t<\/dt><\/dl>\n\t\t\t\t<br style='clear: both' \/>\n\t\t\t<\/div>\n\n<p>No andar de cima, sacadas bem humoradas de defesa aos &#8220;ervoafetivos&#8221; e um pedido de socorro que, tenho certeza, passa pela cabe\u00e7a de muitos estudantes: &#8220;N\u00e3o deixem a universidade atrapalhar seus estudos&#8221;. Circulei por l\u00e1 durante dois dias e a cada passo, uma nova descoberta. &#8220;As melhores s\u00e3o no caminho da biblioteca&#8221;, disse um rapaz, ao ver a minha cara e dos meus tr\u00eas colegas, registrando tudo.<\/p>\n<p>N\u00e3o d\u00e1 para dizer que o p\u00e1tio do CAHL n\u00e3o seja a imagem de uma comunidade que vive a universidade e que deixa ali suas certezas &#8211; e incertezas &#8211; seus protestos, suas dores, frustra\u00e7\u00f5es, mas tamb\u00e9m sua alegria, a empolga\u00e7\u00e3o de dizer o que se sente e de se sentir representado no que o outro colocou ali. Mas, certamente, parte da comunidade n\u00e3o convive bem com aquelas paredes.<\/p>\n<p>Como imaginei, o Centro de Artes que empolga olhares como o meu, que me senti t\u00e3o representada em muitas daquelas frases, \u00e9 motivo de repulsa para outros. O &#8216;Reverso Online&#8217;, publica\u00e7\u00e3o do curso de Jornalismo da pr\u00f3pria UFRB, trata da pol\u00eamica. O texto de <a href=\"https:\/\/www3.ufrb.edu.br\/reverso\/paredes-pintadas-do-cahl-dividem-opinioes\/\" target=\"_blank\">Magno do Ros\u00e1rio<\/a>\u00a0 mostra os posicionamentos distintos sobre o assunto. De um lado, estudantes como Fernanda Abreu, de Artes Visuais, que n\u00e3o enxerga um Centro de Artes com paredes brancas.<\/p>\n<p><img loading=\"lazy\" decoding=\"async\" class=\"aligncenter size-large wp-image-16465\" src=\"https:\/\/blogs.correio24h.com.br\/mesalte\/wp-content\/uploads\/2018\/08\/foto4-1024x768.jpg\" alt=\"foto4\" width=\"1024\" height=\"768\" srcset=\"https:\/\/blogs.correio24h.com.br\/mesalte\/wp-content\/uploads\/2018\/08\/foto4-1024x768.jpg 1024w, https:\/\/blogs.correio24h.com.br\/mesalte\/wp-content\/uploads\/2018\/08\/foto4-300x225.jpg 300w, https:\/\/blogs.correio24h.com.br\/mesalte\/wp-content\/uploads\/2018\/08\/foto4-768x576.jpg 768w, https:\/\/blogs.correio24h.com.br\/mesalte\/wp-content\/uploads\/2018\/08\/foto4-195x146.jpg 195w, https:\/\/blogs.correio24h.com.br\/mesalte\/wp-content\/uploads\/2018\/08\/foto4-50x38.jpg 50w, https:\/\/blogs.correio24h.com.br\/mesalte\/wp-content\/uploads\/2018\/08\/foto4-100x75.jpg 100w, https:\/\/blogs.correio24h.com.br\/mesalte\/wp-content\/uploads\/2018\/08\/foto4.jpg 1040w\" sizes=\"auto, (max-width: 1024px) 100vw, 1024px\" \/><\/p>\n<p>&#8220;E como assim um centro de artes com as paredes todas brancas, sem arte, sem nada sendo exposto? As pessoas precisam ter uma transforma\u00e7\u00e3o&#8221;, disse ela \u00e0 Reverso Online. Na mesma reportagem, o ator Cl\u00e1udio dos Santos mostra outro ponto de vista: &#8220;Se eu, como visitante, me senti envergonhado ao circular pelo local, imagino tamb\u00e9m a decep\u00e7\u00e3o de outras pessoas que aqui chegam&#8221;.<\/p>\n<p>H\u00e1, inclusive, pedidos para que a dire\u00e7\u00e3o do Centro pinte as paredes, removendo as interven\u00e7\u00f5es feitas no local. No final de 2015, a dire\u00e7\u00e3o do CAHL divulgou uma nota em que afirmava ser &#8220;sens\u00edvel \u00e0s quest\u00f5es de g\u00eanero, de diversidade sexual e de ra\u00e7a, no combate ao sexismo, ao racismo, \u00e0 LGBTfobia e \u00e0s tantas outras formas de opress\u00e3o, discrimina\u00e7\u00e3o e desrespeito&#8221;. No entanto, dizia &#8220;desaprovar a a\u00e7\u00e3o empreendida nas paredes&#8221;.<\/p>\n\n\t\t\t<style type='text\/css'>\n\t\t\t\t#gallery-2 {\n\t\t\t\t\tmargin: auto;\n\t\t\t\t}\n\t\t\t\t#gallery-2 .gallery-item {\n\t\t\t\t\tfloat: left;\n\t\t\t\t\tmargin-top: 10px;\n\t\t\t\t\ttext-align: center;\n\t\t\t\t\twidth: 49.99%;\n\t\t\t\t}\n\t\t\t\t#gallery-2 img {\n\t\t\t\t\tborder: 2px solid #cfcfcf;\n\t\t\t\t}\n\t\t\t\t#gallery-2 .gallery-caption {\n\t\t\t\t\tmargin-left: 0;\n\t\t\t\t}\n\t\t\t\t\/* see gallery_shortcode() in wp-includes\/media.php *\/\n\t\t\t<\/style>\n\t\t<div id='gallery-2' class='gallery galleryid-16460 gallery-columns-2 gallery-size-medium file'><dl class='gallery-item'>\n\t\t\t\t<dt class='gallery-icon portrait'>\n\t\t\t\t\t<a href='https:\/\/blogs.correio24h.com.br\/mesalte\/wp-content\/uploads\/2018\/08\/foto5.jpg'><img loading=\"lazy\" decoding=\"async\" width=\"195\" height=\"300\" src=\"https:\/\/blogs.correio24h.com.br\/mesalte\/wp-content\/uploads\/2018\/08\/foto5-195x300.jpg\" class=\"attachment-medium size-medium\" alt=\"\" srcset=\"https:\/\/blogs.correio24h.com.br\/mesalte\/wp-content\/uploads\/2018\/08\/foto5-195x300.jpg 195w, https:\/\/blogs.correio24h.com.br\/mesalte\/wp-content\/uploads\/2018\/08\/foto5-95x146.jpg 95w, https:\/\/blogs.correio24h.com.br\/mesalte\/wp-content\/uploads\/2018\/08\/foto5-33x50.jpg 33w, https:\/\/blogs.correio24h.com.br\/mesalte\/wp-content\/uploads\/2018\/08\/foto5-49x75.jpg 49w, https:\/\/blogs.correio24h.com.br\/mesalte\/wp-content\/uploads\/2018\/08\/foto5.jpg 558w\" sizes=\"auto, (max-width: 195px) 100vw, 195px\" \/><\/a>\n\t\t\t\t<\/dt><\/dl><dl class='gallery-item'>\n\t\t\t\t<dt class='gallery-icon portrait'>\n\t\t\t\t\t<a href='https:\/\/blogs.correio24h.com.br\/mesalte\/wp-content\/uploads\/2018\/08\/foto-6.jpg'><img loading=\"lazy\" decoding=\"async\" width=\"225\" height=\"300\" src=\"https:\/\/blogs.correio24h.com.br\/mesalte\/wp-content\/uploads\/2018\/08\/foto-6-225x300.jpg\" class=\"attachment-medium size-medium\" alt=\"\" srcset=\"https:\/\/blogs.correio24h.com.br\/mesalte\/wp-content\/uploads\/2018\/08\/foto-6-225x300.jpg 225w, https:\/\/blogs.correio24h.com.br\/mesalte\/wp-content\/uploads\/2018\/08\/foto-6-768x1024.jpg 768w, https:\/\/blogs.correio24h.com.br\/mesalte\/wp-content\/uploads\/2018\/08\/foto-6-110x146.jpg 110w, https:\/\/blogs.correio24h.com.br\/mesalte\/wp-content\/uploads\/2018\/08\/foto-6-38x50.jpg 38w, https:\/\/blogs.correio24h.com.br\/mesalte\/wp-content\/uploads\/2018\/08\/foto-6-56x75.jpg 56w, https:\/\/blogs.correio24h.com.br\/mesalte\/wp-content\/uploads\/2018\/08\/foto-6.jpg 780w\" sizes=\"auto, (max-width: 225px) 100vw, 225px\" \/><\/a>\n\t\t\t\t<\/dt><\/dl><br style=\"clear: both\" \/>\n\t\t\t<\/div>\n\n<p>Ao que parece, as interven\u00e7\u00f5es ganharam apoio da atual dire\u00e7\u00e3o. Mas, com o sem aval, fato \u00e9 que Centro de Artes da UFRB permanece chamando a aten\u00e7\u00e3o, reverberando a voz de quem est\u00e1 ali todos os dias, vivendo, sentindo.<\/p>\n<p>&nbsp;<\/p>\n<\/div>\n","protected":false},"excerpt":{"rendered":"<p>Por Clarissa Pacheco Fui a Cachoeira, no Rec\u00f4ncavo Baiano, esta semana e voltei com um desejo pra vida: comprar umas latas de tinta e sair escrevendo [&hellip;]<\/p>\n","protected":false},"author":2,"featured_media":16468,"comment_status":"open","ping_status":"open","sticky":false,"template":"","format":"image","meta":{"footnotes":""},"categories":[80,9],"tags":[],"class_list":["post-16460","post","type-post","status-publish","format-image","has-post-thumbnail","hentry","category-home","category-me-orgulho","post_format-post-format-image"],"_links":{"self":[{"href":"https:\/\/blogs.correio24horas.com.br\/mesalte\/wp-json\/wp\/v2\/posts\/16460","targetHints":{"allow":["GET"]}}],"collection":[{"href":"https:\/\/blogs.correio24horas.com.br\/mesalte\/wp-json\/wp\/v2\/posts"}],"about":[{"href":"https:\/\/blogs.correio24horas.com.br\/mesalte\/wp-json\/wp\/v2\/types\/post"}],"author":[{"embeddable":true,"href":"https:\/\/blogs.correio24horas.com.br\/mesalte\/wp-json\/wp\/v2\/users\/2"}],"replies":[{"embeddable":true,"href":"https:\/\/blogs.correio24horas.com.br\/mesalte\/wp-json\/wp\/v2\/comments?post=16460"}],"version-history":[{"count":4,"href":"https:\/\/blogs.correio24horas.com.br\/mesalte\/wp-json\/wp\/v2\/posts\/16460\/revisions"}],"predecessor-version":[{"id":16471,"href":"https:\/\/blogs.correio24horas.com.br\/mesalte\/wp-json\/wp\/v2\/posts\/16460\/revisions\/16471"}],"wp:featuredmedia":[{"embeddable":true,"href":"https:\/\/blogs.correio24horas.com.br\/mesalte\/wp-json\/wp\/v2\/media\/16468"}],"wp:attachment":[{"href":"https:\/\/blogs.correio24horas.com.br\/mesalte\/wp-json\/wp\/v2\/media?parent=16460"}],"wp:term":[{"taxonomy":"category","embeddable":true,"href":"https:\/\/blogs.correio24horas.com.br\/mesalte\/wp-json\/wp\/v2\/categories?post=16460"},{"taxonomy":"post_tag","embeddable":true,"href":"https:\/\/blogs.correio24horas.com.br\/mesalte\/wp-json\/wp\/v2\/tags?post=16460"}],"curies":[{"name":"wp","href":"https:\/\/api.w.org\/{rel}","templated":true}]}}