{"id":16453,"date":"2018-08-09T18:18:09","date_gmt":"2018-08-09T21:18:09","guid":{"rendered":"http:\/\/blogs.correio24horas.com.br\/mesalte\/?p=16453"},"modified":"2018-08-09T18:18:51","modified_gmt":"2018-08-09T21:18:51","slug":"nao-existe-uma-luta-individual-diz-james-green-que-lanca-livro-sexta-10-em-salvador","status":"publish","type":"post","link":"https:\/\/blogs.correio24horas.com.br\/mesalte\/nao-existe-uma-luta-individual-diz-james-green-que-lanca-livro-sexta-10-em-salvador\/","title":{"rendered":"&#8216;N\u00e3o existe uma luta individual&#8217;, diz James Green que lan\u00e7a livro sexta (10) em Salvador"},"content":{"rendered":"<p>Em 1976, o americano James Green chegou ao Brasil pela primeira vez para ficar hospedado por tr\u00eas semanas. Se encantou pelo pa\u00eds e nossas hist\u00f3rias a ponto de viver aqui em outras temporadas e agora lan\u00e7a seu terceiro livro sobre viv\u00eancias brasileiras tendo os aspectos de g\u00eanero como cen\u00e1rio.<\/p>\n<p>Green, de 67 anos, \u00e9 professor de Hist\u00f3ria Latino-Americana na Brown University, \u00e9 ativista de causas pol\u00edticas e LGBT. Viveu no Brasil de 1976 at\u00e9 1982, \u00e9poca em que participou de diversas organiza\u00e7\u00f5es pol\u00edticas e identit\u00e1rias, como o Grupo Somos de Afirma\u00e7\u00e3o Homossexual (Somos), do qual foi um dos fundadores. Atualmente \u00e9 diretor da Brown\u2019s Brazil Initiative e do Opening the Archives Project, e diretor executivo da Brazilian Studies Association. Este \u00e9 seu primeiro livro pela Civiliza\u00e7\u00e3o Brasileira.<\/p>\n<p>Nesta sexta-feira (10), em Salvador, ele lan\u00e7a seu novo livro \u2018Revolucion\u00e1rio e Gay \u2013 a vida extraordin\u00e1ria de Herbert Daniel\u201d. O livro conta a hist\u00f3ria de Daniel, um dos pioneiros do movimento LGBT no Brasil e ativista pela democracia durante a ditadura.\u00a0O lan\u00e7amento acontecer\u00e1 \u00e0s 19h\u00a0 na livraria Saraiva no Shopping Barra.<\/p>\n<p>Estudante de Medicina em Belo Horizonte no in\u00edcio da d\u00e9cada de 1960, Herbert Daniel logo se juntou \u00e0s fileiras da resist\u00eancia \u00e0 ditadura civil-militar instaurada no Brasil em 1964. Entrou para a luta armada e conviveu com nomes ilustres do movimento, como o capit\u00e3o Carlos Lamarca e a ex-presidente Dilma Rousseff. Um dos \u00faltimos brasileiros a voltar do ex\u00edlio, na d\u00e9cada de 1980, escreveu e editou livros e ainda engajou-se nas campanhas pela defesa do meio ambiente e das minorias e foi um importante ativista pelos direitos das pessoas portadoras de HIV\/Aids no Brasil.<\/p>\n<p>Herbert Daniel foi tamb\u00e9m pioneiro ao se candidatar a deputado estadual e a se assumir publicamente como homossexual, fazendo campanha e militando no embrion\u00e1rio movimento LGBT no Brasi Para o autor, para ser aceito nos grupos de esquerda e participar da luta armada Daniel precisou reprimir sua homossexualidade, vista com maus olhos pelos militantes da \u00e9poca, e viveu, segundo ele, uma esp\u00e9cie de \u201cex\u00edlio interno\u201d.<\/p>\n<blockquote><p>Ele teve que reprimir a sua sexualidade por conta do preconceito. Ele teve que se reprimir para ser aceito com um bom revolucion\u00e1rio. Ele \u00e9 uma pessoa que foi esquecida e que eu quero recuperar e mem\u00f3ria dele. Eu li sobre ele no jornal Lampi\u00e3o, que foi publicado no Brasil entre 1978 e 1981. Eu falei com a m\u00e3e dele e comecei a escrever a biografia do filho dela.<\/p><\/blockquote>\n<p>A motiva\u00e7\u00e3o para escrever a biografia\u00a0 &#8211; que demorou mais de 10 anos para ser escrito &#8211; veio da percep\u00e7\u00e3o de que, mesmo com toda a sua import\u00e2ncia no ativismo de esquerda e pelos direitos humanos, Daniel foi esquecido.<\/p>\n<p>\u201cEle foi uma pessoa que vivia em certo sentido antes do seu tempo, pois a sociedade brasileira n\u00e3o estava preparada para receber as novidades que ele apresentava, por exemplo, na sua campanha eleitoral de 1986 ou inclusive nas campanhas sobre HIV\/Aids. O pa\u00eds tamb\u00e9m passou por muitas crises econ\u00f4micas, pol\u00edticas e sociais desde 1992, quando ele faleceu. N\u00e3o sei se \u00e9 verdade que os brasileiros n\u00e3o t\u00eam mem\u00f3ria, mas \u00e0s vezes \u00e9 essencial oferecer um livro, um document\u00e1rio, ou um filme sobre uma pessoa extremamente importante numa determinada sociedade justamente para relembrar as pessoas sobre estas figuras extraordin\u00e1rias, que viveram em outros momentos\u201d, diz Green.<\/p>\n<p>O livro, que tem orelha de Dilma Rousseff e um encarte de fotos.\u00a0\u00a0Em conversa com o Me Salte, nesta quinta-feira (09), o escritor e ativista\u00a0destacou a relev\u00e2ncia do exemplo de Daniel. &#8220;Ele vivia a necessidade de lutar e de transformar as a\u00e7\u00f5es de forma democr\u00e1tica. A mensagem que ele compartilhou com o mundo \u00e9 que \u00e9 importante tentar integrar todas as lutas para se ter um mundo melhor e mais democr\u00e1tico&#8221;, explica o escritor destacando a necessidade da inspira\u00e7\u00e3o das pessoas\u00a0para transformar suas realidades.<\/p>\n<p>Green pondera que, inclusive, \u00e9 preciso que as\u00a0pessoas precisam entender as interseccionalidades das lutas.&#8221;N\u00e3o d\u00e1 para lutar s\u00f3 pelo racismo sem lutar contra o sexismo.\u00a0\u00c9 necess\u00e1rio juntar as for\u00e7as.\u00a0N\u00e3o existe uma luta individual. \u00c9 preciso respeitar as diferen\u00e7as da sociedade e respeitar a unidade dos movimentos&#8221;, afirma.<\/p>\n<p><img loading=\"lazy\" decoding=\"async\" class=\"aligncenter size-full wp-image-16457\" src=\"https:\/\/blogs.correio24h.com.br\/mesalte\/wp-content\/uploads\/2018\/08\/capa-livro.jpg\" alt=\"capa livro\" width=\"215\" height=\"332\" srcset=\"https:\/\/blogs.correio24h.com.br\/mesalte\/wp-content\/uploads\/2018\/08\/capa-livro.jpg 215w, https:\/\/blogs.correio24h.com.br\/mesalte\/wp-content\/uploads\/2018\/08\/capa-livro-194x300.jpg 194w, https:\/\/blogs.correio24h.com.br\/mesalte\/wp-content\/uploads\/2018\/08\/capa-livro-95x146.jpg 95w, https:\/\/blogs.correio24h.com.br\/mesalte\/wp-content\/uploads\/2018\/08\/capa-livro-32x50.jpg 32w, https:\/\/blogs.correio24h.com.br\/mesalte\/wp-content\/uploads\/2018\/08\/capa-livro-49x75.jpg 49w\" sizes=\"auto, (max-width: 215px) 100vw, 215px\" \/><\/p>\n<p>Tradu\u00e7\u00e3o: Mar\u00edlia Sette C\u00e2mara<br \/>\nP\u00e1ginas: 378<br \/>\nPre\u00e7o: R$ 69,90<br \/>\nEditora: Civiliza\u00e7\u00e3o Brasileira | Grupo Editorial Record<\/p>\n","protected":false},"excerpt":{"rendered":"<p>Em 1976, o americano James Green chegou ao Brasil pela primeira vez para ficar hospedado por tr\u00eas semanas. Se encantou pelo pa\u00eds e nossas hist\u00f3rias a [&hellip;]<\/p>\n","protected":false},"author":3,"featured_media":16458,"comment_status":"open","ping_status":"open","sticky":false,"template":"","format":"image","meta":{"footnotes":""},"categories":[80,9],"tags":[],"class_list":["post-16453","post","type-post","status-publish","format-image","has-post-thumbnail","hentry","category-home","category-me-orgulho","post_format-post-format-image"],"_links":{"self":[{"href":"https:\/\/blogs.correio24horas.com.br\/mesalte\/wp-json\/wp\/v2\/posts\/16453","targetHints":{"allow":["GET"]}}],"collection":[{"href":"https:\/\/blogs.correio24horas.com.br\/mesalte\/wp-json\/wp\/v2\/posts"}],"about":[{"href":"https:\/\/blogs.correio24horas.com.br\/mesalte\/wp-json\/wp\/v2\/types\/post"}],"author":[{"embeddable":true,"href":"https:\/\/blogs.correio24horas.com.br\/mesalte\/wp-json\/wp\/v2\/users\/3"}],"replies":[{"embeddable":true,"href":"https:\/\/blogs.correio24horas.com.br\/mesalte\/wp-json\/wp\/v2\/comments?post=16453"}],"version-history":[{"count":4,"href":"https:\/\/blogs.correio24horas.com.br\/mesalte\/wp-json\/wp\/v2\/posts\/16453\/revisions"}],"predecessor-version":[{"id":16459,"href":"https:\/\/blogs.correio24horas.com.br\/mesalte\/wp-json\/wp\/v2\/posts\/16453\/revisions\/16459"}],"wp:featuredmedia":[{"embeddable":true,"href":"https:\/\/blogs.correio24horas.com.br\/mesalte\/wp-json\/wp\/v2\/media\/16458"}],"wp:attachment":[{"href":"https:\/\/blogs.correio24horas.com.br\/mesalte\/wp-json\/wp\/v2\/media?parent=16453"}],"wp:term":[{"taxonomy":"category","embeddable":true,"href":"https:\/\/blogs.correio24horas.com.br\/mesalte\/wp-json\/wp\/v2\/categories?post=16453"},{"taxonomy":"post_tag","embeddable":true,"href":"https:\/\/blogs.correio24horas.com.br\/mesalte\/wp-json\/wp\/v2\/tags?post=16453"}],"curies":[{"name":"wp","href":"https:\/\/api.w.org\/{rel}","templated":true}]}}