{"id":16450,"date":"2018-08-09T10:50:01","date_gmt":"2018-08-09T13:50:01","guid":{"rendered":"http:\/\/blogs.correio24horas.com.br\/mesalte\/?p=16450"},"modified":"2018-08-09T10:50:01","modified_gmt":"2018-08-09T13:50:01","slug":"gabriel-povoas-faz-tres-shows-em-salvador","status":"publish","type":"post","link":"https:\/\/blogs.correio24horas.com.br\/mesalte\/gabriel-povoas-faz-tres-shows-em-salvador\/","title":{"rendered":"Gabriel Povoas faz tr\u00eas shows em Salvador"},"content":{"rendered":"<p>O cantor, compositor e poeta Gabriel P\u00f3voas \u00a0far\u00e1 tr\u00eas apresenta\u00e7\u00f5es nesta semana. Na quinta (09), ele se apresenta \u00e0s 20h no tradicional Bar Cultural do Velho Espanha (Barris), acompanhado do maestro Ricardo Sibalde na flauta e sax. O couvert individual custa R$ 15 para quem sentar nas mesas internas do estabelecimento. Na \u00e1rea externa, ser\u00e1 empregado o sistema \u201cpague quanto puder\u201d. Reserva de mesa no 71 3043-7481.<\/p>\n<p>J\u00e1 no s\u00e1bado (11), \u00e0s 20h30, Gabriel estreia no Quintal Caf\u00e9 e Bistr\u00f4, localizado no Caminho das \u00c1rvores, tamb\u00e9m acompanhado da flauta e sax de Sibalde. Para esta apresenta\u00e7\u00e3o, n\u00e3o ser\u00e1 cobrado couvert.\u00a0A reserva de mesa acontece pelo telefone 71 9 9988-2620.<\/p>\n<p>Domingo (12), \u00e9 a vez de comemorar o Dia dos Pais com show de Gabriel no Quintal da Mangueira (Imbu\u00ed), \u00e0s 14h. A apresenta\u00e7\u00e3o ter\u00e1 Eugenio Biondi no violoncelo e Ricardo Sibalde. Couvert R$ 10. Reserva de mesa no 71 99707-9120.<br \/>\nPara os tr\u00eas shows, o m\u00fasico preparou um repert\u00f3rio repleto de lirismo e poesia, com maioria de can\u00e7\u00f5es autorais, dentre as quais algumas assinadas em parceria com a m\u00e3e do artista, a cantora Daniela Mercury, al\u00e9m de outros nomes consagrados nacionalmente como Capinan, Marcelo Quintanilha e Aderbal Duarte, al\u00e9m de releituras de cl\u00e1ssicos da MPB e internacional. A produ\u00e7\u00e3o executiva \u00e9 de Claudinha Ferraz.<\/p>\n","protected":false},"excerpt":{"rendered":"<p>O cantor, compositor e poeta Gabriel P\u00f3voas \u00a0far\u00e1 tr\u00eas apresenta\u00e7\u00f5es nesta semana. Na quinta (09), ele se apresenta \u00e0s 20h no tradicional Bar Cultural do Velho [&hellip;]<\/p>\n","protected":false},"author":1,"featured_media":16451,"comment_status":"open","ping_status":"open","sticky":false,"template":"","format":"image","meta":{"footnotes":""},"categories":[80,16],"tags":[],"class_list":["post-16450","post","type-post","status-publish","format-image","has-post-thumbnail","hentry","category-home","category-me-jogo","post_format-post-format-image"],"_links":{"self":[{"href":"https:\/\/blogs.correio24horas.com.br\/mesalte\/wp-json\/wp\/v2\/posts\/16450","targetHints":{"allow":["GET"]}}],"collection":[{"href":"https:\/\/blogs.correio24horas.com.br\/mesalte\/wp-json\/wp\/v2\/posts"}],"about":[{"href":"https:\/\/blogs.correio24horas.com.br\/mesalte\/wp-json\/wp\/v2\/types\/post"}],"author":[{"embeddable":true,"href":"https:\/\/blogs.correio24horas.com.br\/mesalte\/wp-json\/wp\/v2\/users\/1"}],"replies":[{"embeddable":true,"href":"https:\/\/blogs.correio24horas.com.br\/mesalte\/wp-json\/wp\/v2\/comments?post=16450"}],"version-history":[{"count":1,"href":"https:\/\/blogs.correio24horas.com.br\/mesalte\/wp-json\/wp\/v2\/posts\/16450\/revisions"}],"predecessor-version":[{"id":16452,"href":"https:\/\/blogs.correio24horas.com.br\/mesalte\/wp-json\/wp\/v2\/posts\/16450\/revisions\/16452"}],"wp:featuredmedia":[{"embeddable":true,"href":"https:\/\/blogs.correio24horas.com.br\/mesalte\/wp-json\/wp\/v2\/media\/16451"}],"wp:attachment":[{"href":"https:\/\/blogs.correio24horas.com.br\/mesalte\/wp-json\/wp\/v2\/media?parent=16450"}],"wp:term":[{"taxonomy":"category","embeddable":true,"href":"https:\/\/blogs.correio24horas.com.br\/mesalte\/wp-json\/wp\/v2\/categories?post=16450"},{"taxonomy":"post_tag","embeddable":true,"href":"https:\/\/blogs.correio24horas.com.br\/mesalte\/wp-json\/wp\/v2\/tags?post=16450"}],"curies":[{"name":"wp","href":"https:\/\/api.w.org\/{rel}","templated":true}]}}