{"id":16437,"date":"2018-08-07T16:07:50","date_gmt":"2018-08-07T19:07:50","guid":{"rendered":"http:\/\/blogs.correio24horas.com.br\/mesalte\/?p=16437"},"modified":"2018-08-07T16:27:21","modified_gmt":"2018-08-07T19:27:21","slug":"conheca-a-criadora-do-bordao-teile-e-zaga-que-viralizou-na-internet-e-inspirou-musica-da-la-furia","status":"publish","type":"post","link":"https:\/\/blogs.correio24horas.com.br\/mesalte\/conheca-a-criadora-do-bordao-teile-e-zaga-que-viralizou-na-internet-e-inspirou-musica-da-la-furia\/","title":{"rendered":"Conhe\u00e7a a criadora do bord\u00e3o &#8216;Teile e Zaga&#8217; que viralizou na internet e inspirou m\u00fasica da La F\u00faria"},"content":{"rendered":"<p>Modelo abusada. Quicada lateral. Movimento confuso. E zaga! E teile! \u00a0E zaga! E teile! Quebrada de cu lateral.\u00a0\u00a0E zaga! E teile! Marca\u00e7\u00e3o vertical. Cruzamento eg\u00edpcio. E teile. E zaga.\u00a0\u00a0Se voc\u00ea andou rondando pela internet na \u00faltima semana certamente se deparou com algum v\u00eddeo com essa narra\u00e7\u00e3o junto com um sotaque tipicamente pernambucano. Estudante de Engenharia e empreendedora, a recifense Alcione Alves, 29 anos, \u00e9 a autora do novo viral das redes sociais. O Me Salte conversou com Alcione e descobriu que o sucesso &#8211; somente no instagram ela tem mais de 310 mil seguidores &#8211; veio de uma inspira\u00e7\u00e3o bastante inusitada.<\/p>\n<p>&#8220;A ideia de fazer as narra\u00e7\u00f5es surgiu quando eu vi uma briga entre dois ratos. Eu achei legal aquilo ali e resolvi narrar. Depois eu sai colocando voz em v\u00eddeos de outras pessoas e isso foi dando certo. O\u00a0&#8216;zaga&#8217;, o &#8216;teile&#8217; s\u00e3o express\u00f5es que vieram do nada. N\u00e3o sei nem te dizer como foi que veio. S\u00f3 sei que veio.\u00a0Acho que foi coisa de Deus mesmo&#8221;, contou Alcione.<\/p>\n<blockquote class=\"instagram-media\" style=\"background: #FFF; border: 0; border-radius: 3px; box-shadow: 0 0 1px 0 rgba(0,0,0,0.5),0 1px 10px 0 rgba(0,0,0,0.15); margin: 1px; max-width: 540px; min-width: 326px; padding: 0; width: calc(100% - 2px);\" data-instgrm-captioned=\"\" data-instgrm-permalink=\"https:\/\/www.instagram.com\/p\/Bl3pNKDAeyu\/?utm_source=ig_embed\" data-instgrm-version=\"9\">\n<div style=\"padding: 8px;\">\n<div style=\"background: #F8F8F8; line-height: 0; margin-top: 40px; padding: 50.0% 0; text-align: center; width: 100%;\"><\/div>\n<p style=\"margin: 8px 0 0 0; padding: 0 4px;\"><a style=\"color: #000; font-family: Arial,sans-serif; font-size: 14px; font-style: normal; font-weight: normal; line-height: 17px; text-decoration: none; word-wrap: break-word;\" href=\"https:\/\/www.instagram.com\/p\/Bl3pNKDAeyu\/?utm_source=ig_embed\" target=\"_blank\">Narra\u00e7\u00e3o com; @yrlan_souza ( O mais dif\u00edcil que fiz &#x1f605; os movimentos um encima do outro) #desfilematahusky #teile #zaga<\/a><\/p>\n<p style=\"color: #c9c8cd; font-family: Arial,sans-serif; font-size: 14px; line-height: 17px; margin-bottom: 0; margin-top: 8px; overflow: hidden; padding: 8px 0 7px; text-align: center; text-overflow: ellipsis; white-space: nowrap;\">Uma publica\u00e7\u00e3o compartilhada por <a style=\"color: #c9c8cd; font-family: Arial,sans-serif; font-size: 14px; font-style: normal; font-weight: normal; line-height: 17px;\" href=\"https:\/\/www.instagram.com\/alcionealves27\/?utm_source=ig_embed\" target=\"_blank\"> Alcione Alves<\/a> (@alcionealves27) em <time style=\"font-family: Arial,sans-serif; font-size: 14px; line-height: 17px;\" datetime=\"2018-07-30T20:38:40+00:00\">30 de Jul, 2018 \u00e0s 1:38 PDT<\/time><\/p>\n<\/div>\n<\/blockquote>\n<p><script src=\"\/\/www.instagram.com\/embed.js\" async=\"\" defer=\"defer\"><\/script><\/p>\n<p>Era s\u00f3 quest\u00e3o de tempo para os passos de dan\u00e7a que encantaram a internet na semana passada ganharem uma trilha musical.\u00a0A banda baiana La F\u00faria transformou em m\u00fasica a narra\u00e7\u00e3o da estudante\u00a0 para a coreografia encenada pelo dan\u00e7arino Yrlan Souza. &#8220;Teile e zaga (modelo abusada)&#8221; foi lan\u00e7ada na quinta-feira (3).<\/p>\n<p>A letra foi feita no mesmo dia, pelo vocalista do grupo, Bruno Magnata, que entrou em contato com Alcione pelo instagram. Ela aprovou a letra que virou sucesso.\u00a0&#8220;Ele antes de fazer a m\u00fasica ele me pediu. Ele me perguntou se poderia fazer e tal. A\u00ed foi e fez. Inclusive quando ficou pronta ele mandou pra mim&#8221;, relata Alcione. A m\u00fasica tamb\u00e9m ganhou trechos que remetem \u00e0s can\u00e7\u00f5es da Bahia como &#8216;pau que nasce torto nunca se endireita&#8217;. A empresa de dan\u00e7a FitDance tamb\u00e9m gravou clipe ensinando a coreografia da can\u00e7\u00e3o que j\u00e1 tem mais de 400 mil visualiza\u00e7\u00f5es.<\/p>\n<p><iframe loading=\"lazy\" src=\"https:\/\/www.youtube.com\/embed\/PiD_W4tEows\" width=\"560\" height=\"315\" frameborder=\"0\" allowfullscreen=\"allowfullscreen\"><\/iframe><\/p>\n<p>O meme original foi compartilhado por Preta Gil, Vivian Amorim, David Brazil e outros famosos. Lorena Improta, ex-bailarina do &#8220;Doming\u00e3o do Faust\u00e3o&#8221; (TV Globo) e celebridade da internet, j\u00e1 dan\u00e7ou a vers\u00e3o do La F\u00faria no Instagram.\u00a0O pr\u00f3ximo passo \u00e9 um clipe, que deve ser rodado ainda neste m\u00eas. Especula-se que Alcione far\u00e1 participa\u00e7\u00e3o especial.<\/p>\n<p>A fecha\u00e7\u00e3o do meme obviamente atraiu a aten\u00e7\u00e3o dos LGBTs. Alcione comemora a receptividade. &#8220;Eu acho muito massa essa receptividade do p\u00fablico LGBT at\u00e9 porque eu tamb\u00e9m sou gay. Ent\u00e3o, eu estou inclu\u00edda nesse grupo. Eu acredito que a gente veio para dominar o mundo&#8221;, destaca ela que diz que acaba nem rindo muito na hora de fazer as narra\u00e7\u00f5es.<\/p>\n<blockquote><p>Por eu repetir tanto e analisar para sair certinho eu n\u00e3o fico rindo com nada. Na verdade eu morro de rir mais com os coment\u00e1rios aqui nas p\u00e1ginas.\u00a0Minha rela\u00e7\u00e3o com o humor \u00e9 total. Eu fa\u00e7o humor h\u00e1 muito tempo. J\u00e1 produzi algumas pessoas, mas s\u00f3 aqui no Recife. Sempre tive esse dom comigo da criatividade para fazer as pessoas rirem.<\/p><\/blockquote>\n","protected":false},"excerpt":{"rendered":"<p>Modelo abusada. Quicada lateral. Movimento confuso. E zaga! E teile! \u00a0E zaga! E teile! Quebrada de cu lateral.\u00a0\u00a0E zaga! E teile! Marca\u00e7\u00e3o vertical. Cruzamento eg\u00edpcio. E [&hellip;]<\/p>\n","protected":false},"author":1,"featured_media":16441,"comment_status":"open","ping_status":"open","sticky":false,"template":"","format":"image","meta":{"footnotes":""},"categories":[28,80],"tags":[1715,1716,1717],"class_list":["post-16437","post","type-post","status-publish","format-image","has-post-thumbnail","hentry","category-farofa-digital","category-home","tag-alcione","tag-teile","tag-zaga","post_format-post-format-image"],"_links":{"self":[{"href":"https:\/\/blogs.correio24horas.com.br\/mesalte\/wp-json\/wp\/v2\/posts\/16437","targetHints":{"allow":["GET"]}}],"collection":[{"href":"https:\/\/blogs.correio24horas.com.br\/mesalte\/wp-json\/wp\/v2\/posts"}],"about":[{"href":"https:\/\/blogs.correio24horas.com.br\/mesalte\/wp-json\/wp\/v2\/types\/post"}],"author":[{"embeddable":true,"href":"https:\/\/blogs.correio24horas.com.br\/mesalte\/wp-json\/wp\/v2\/users\/1"}],"replies":[{"embeddable":true,"href":"https:\/\/blogs.correio24horas.com.br\/mesalte\/wp-json\/wp\/v2\/comments?post=16437"}],"version-history":[{"count":4,"href":"https:\/\/blogs.correio24horas.com.br\/mesalte\/wp-json\/wp\/v2\/posts\/16437\/revisions"}],"predecessor-version":[{"id":16443,"href":"https:\/\/blogs.correio24horas.com.br\/mesalte\/wp-json\/wp\/v2\/posts\/16437\/revisions\/16443"}],"wp:featuredmedia":[{"embeddable":true,"href":"https:\/\/blogs.correio24horas.com.br\/mesalte\/wp-json\/wp\/v2\/media\/16441"}],"wp:attachment":[{"href":"https:\/\/blogs.correio24horas.com.br\/mesalte\/wp-json\/wp\/v2\/media?parent=16437"}],"wp:term":[{"taxonomy":"category","embeddable":true,"href":"https:\/\/blogs.correio24horas.com.br\/mesalte\/wp-json\/wp\/v2\/categories?post=16437"},{"taxonomy":"post_tag","embeddable":true,"href":"https:\/\/blogs.correio24horas.com.br\/mesalte\/wp-json\/wp\/v2\/tags?post=16437"}],"curies":[{"name":"wp","href":"https:\/\/api.w.org\/{rel}","templated":true}]}}