{"id":16411,"date":"2018-08-03T13:31:18","date_gmt":"2018-08-03T16:31:18","guid":{"rendered":"http:\/\/blogs.correio24horas.com.br\/mesalte\/?p=16411"},"modified":"2018-08-06T11:46:36","modified_gmt":"2018-08-06T14:46:36","slug":"com-a-bencao-dos-orixas-madame-sata-aporta-em-salvador-na-pele-mistica-de-suliva-bispo","status":"publish","type":"post","link":"https:\/\/blogs.correio24horas.com.br\/mesalte\/com-a-bencao-dos-orixas-madame-sata-aporta-em-salvador-na-pele-mistica-de-suliva-bispo\/","title":{"rendered":"Com a ben\u00e7\u00e3o dos orix\u00e1s, Madame Sat\u00e3 aporta em Salvador na pele m\u00edstica de Suliv\u00e3 Bispo"},"content":{"rendered":"<p>Quem v\u00ea Suliv\u00e3 Bispo, 25 anos, na pele de Mainha (na webs\u00e9rie Na R\u00e9dea Curta &#8211; antiga Frases de Mainha) n\u00e3o sabe quantas hist\u00f3rias ele consegue carregar no seu corpo. Nos \u00faltimos anos j\u00e1 o vi diversas vezes no teatro com personagens performances dan\u00e7antes ou at\u00e9 mesmo com simbologias de religi\u00f5es de matriz africana. Mas, ontem, vi Suliv\u00e3 na sua melhor ess\u00eancia: Madame Sat\u00e3 .<\/p>\n<p>Sat\u00e3 \u00e9 um dos representantes mais ilustres da malandragem da Lapa bo\u00eamia do Rio de Janeiro, da primeira metade do s\u00e9culo XX. O personagem re\u00fane, ainda, tra\u00e7os que o inserem em outras categorias, tais como negro, homossexual e marginal.<\/p>\n<p>A compara\u00e7\u00e3o com L\u00e1zaro Ramos (que deu vida \u00e0 Sat\u00e3 no cinema) parecia inevit\u00e1vel, mas o olhar de Suliv\u00e3 com as vestes de Sat\u00e3 j\u00e1 na primeira cena em que aparece coloca isso em segundo plano.<\/p>\n<p>A Sat\u00e3 de Suliv\u00e3 tem a ben\u00e7\u00e3o de Ogum e Ians\u00e3, dos caboclos e da luta dos movimentos sociais. O ator da Liberdade compartilha o palco com Thiago Almasy, Anderson Danttas, Silara Aguiar, Gen\u00e1rio Neto, Antenor Azevedo, Victor Corujeira, Daddi Lima, Caique Copque, Gleison Richelle, Nitor\u00ea Akad\u00e3, Larissa Lib\u00f3rio e Diogo Teixeira.<\/p>\n<p>A maioria de atores negros em cena n\u00e3o \u00e9 por acaso. Faz jus \u00e0 hist\u00f3ria de Sat\u00e3, de Suliv\u00e3 e de toda tradi\u00e7\u00e3o e sofrimento vivida pelos negros no Brasil &#8211; qui\u00e7\u00e1 no mundo. Dirigido por Thiago Romero, o espet\u00e1culo \u00e9 constru\u00eddo de forma \u2018leve e dan\u00e7ante\u2019 apesar da tem\u00e1tica densa e que fomenta diversas reflex\u00f5es.<\/p>\n<p>O mito carioca Jo\u00e3o Francisco do Santos, mais conhecido como Madame Sat\u00e3, ganhou as cores da Bahia nessa montagem teatral que fica em temporada no Teatro Martim Gon\u00e7alves (Rua Ara\u00fajo Pinho, no Canela) at\u00e9 o dia 12 de agosto, de quinta-feira a s\u00e1bado, \u00e0s 20h, e domingo, \u00e0s 19h.<\/p>\n<p>Com dramaturgia de Daniel Arcades, coreografia de Edeise Gomes e dire\u00e7\u00e3o musical de Filipe Mimoso, o espet\u00e1culo busca desvendar um complexo processo em que se imbricam a apropria\u00e7\u00e3o (e ressignifica\u00e7\u00e3o) simb\u00f3lica do malandro e a aplica\u00e7\u00e3o de estrat\u00e9gias biopol\u00edticas sobre os corpos \u201cfora da norma\u201d. Corpos sarados &#8211; e em uma cena at\u00e9 desnudo &#8211; se mesclam \u00e0s formas mais robustas em harmonia compassante.<\/p>\n<p>Madame Sat\u00e3 \u00e9 uma biografia musicalizada, que pensa a m\u00fasica como instrumento de debate e discurso da negritude. Apesar de ter um car\u00e1ter biogr\u00e1fico, o musical n\u00e3o tem um compromisso de contar cronologicamente a vida da personagem Madame Sat\u00e3. \u00c9 justamente nesse ponto que acontecem os principais ganhos do espet\u00e1culo por \u2018atualizar\u2019 a trajet\u00f3ria vivida por Sat\u00e3 no in\u00edcio do s\u00e9culo XX com as demandas e opress\u00f5es que sentimos at\u00e9 hoje &#8211; especialmente sobre as minorias sociais.<\/p>\n<p>\u201cA dramaturgia da pe\u00e7a foi criada a partir das situa\u00e7\u00f5es relatadas pelo pr\u00f3prio Madame. N\u00e3o estamos nos baseando em factoides, mas em relatos e entrevistas que o Madame concedeu. Buscamos ouvir a voz dessa personagem mito carioca\u201d, explica Daniel Arcades.<\/p>\n<p>As composi\u00e7\u00f5es criadas para o musical est\u00e3o inscritas e escritas no ritmo do funk, da percuss\u00e3o, no samba do in\u00edcio do s\u00e9culo XX (quando ainda era um ritmo criminoso), com a m\u00e9trica de sambas populares. O objetivo principal da montagem \u00e9 transitar pelo percurso de Madame Sat\u00e3 e promover uma reflex\u00e3o sobre o poder de instrumentaliza\u00e7\u00e3o do corpo, tendo como horizonte a produ\u00e7\u00e3o de subjetividades contempor\u00e2neas.<\/p>\n<p>O espet\u00e1culo, que tem como base a po\u00e9tica do Teatro Documental e traz 13 atores em cena. Al\u00e9m de Suliv\u00e3 Bispo merecem destaques as atua\u00e7\u00f5es de Thiago Almasy (especialmente quando vive um jornalista), Anderson Danttas (que \u2018rouba a cena\u2019 com seus passos coreogr\u00e1ficos e corpo escultural) e Victor Corujeira (quando canta o hino de Edit Piaf).<\/p>\n<p>Suliv\u00e3 e Romero j\u00e1 trabalharam juntos nos espet\u00e1culos Rebola (vencedor do pr\u00eamio Braskem de Teatro 2016 na categoria Espet\u00e1culo Adulto e Texto), Kaiala, Anoitecidas, Delicado e mais recentemente no Frases de Mainha.<\/p>\n<p>Madame Sat\u00e3 \u00e9 uma personagem que se desdobra em incont\u00e1veis vers\u00f5es. A combina\u00e7\u00e3o de negro, homossexual e marginal da hist\u00f3ria de Sat\u00e3 na pele de Suliv\u00e3 merece ser vista por todos no teatro. Das mentes preconceituosas \u00e0s despidas de preconceito todas precisam desses 100 minutos de reflex\u00e3o (apesar de problemas de \u00e1udio e de atraso que ocorreram na estreia).<\/p>\n<p>Servi\u00e7o<\/p>\n<p>O qu\u00ea: Madame Sat\u00e3<br \/>\nQuando: 02 a 12 de agosto &#8211; quinta-feira a s\u00e1bado, \u00e0s 20h, e domingo, \u00e0s 19h<br \/>\nOnde: Teatro Martim Gon\u00e7alves, Avenida Ara\u00fajo Pinho &#8211; Canela<br \/>\nIngresso: R$ 20 (inteira) e R$ 10 (meia) \u2013 www.sympla.com.br e na bilheteria (02 horas antes do espet\u00e1culo). Os estudantes dos cursos de Artes da UFBA t\u00eam acesso gratuito, sendo reservada uma cota de 20% da capacidade do espa\u00e7o, neste caso, a retirada deve ser feita diretamente na bilheteria do Teatro at\u00e9 meia hora antes do in\u00edcio da apresenta\u00e7\u00e3o, apresentando devida comprova\u00e7\u00e3o de matr\u00edcula na institui\u00e7\u00e3o.<\/p>\n<p>Mais informa\u00e7\u00f5es: @madamesataespetaculo<\/p>\n<p><strong>FICHA T\u00c9CNICA<\/strong><br \/>\nConcep\u00e7\u00e3o e Dire\u00e7\u00e3o: Thiago Romero<br \/>\nTexto: Daniel Arcades<br \/>\nOrienta\u00e7\u00e3o de Encena\u00e7\u00e3o: Jo\u00e3o Sanches<br \/>\nAssist\u00eancia de Dire\u00e7\u00e3o: Rafael Brito Pimentel<br \/>\nDire\u00e7\u00e3o Musical e Trilha Original: Filipe Mimoso<br \/>\nElenco: Suliv\u00e3 Bispo, Thiago Almasy, Anderson Danttas, Silara Aguiar, Gen\u00e1rio Neto, Antenor Azevedo, Victor Corujeira, Daddi Lima, Caique Copque, Gleison Richelle, Nitor\u00ea Akad\u00e3, Larissa Lib\u00f3rio, Diogo Teixeira<br \/>\nM\u00fasicos: Filipe Mimoso, Paulo Pitta, Weslei Gomes<br \/>\nDire\u00e7\u00e3o de Movimento: Edeise Gomes<br \/>\nCoreografia: Edeise Gomes e Elivan Nascimento<br \/>\nAssist\u00eancia de Coreografia: Elivan Nascimento e Isis Carla<br \/>\nCen\u00e1rio: Erick Saboia<br \/>\nCenot\u00e9cnicos: George Santana e Israel dos Santos<br \/>\nCostura C\u00eanica: Agnaldo Queiroz<br \/>\nFigurino e Maquiagem: Tina Melo<br \/>\nAssist\u00eancia de Figurino: Guilherme Hunder<br \/>\nCostura: Sarai Reis<br \/>\nLuz: Allison de S\u00e1<br \/>\nT\u00e9cnico de Som: Isaac Neves<br \/>\nDire\u00e7\u00e3o de Produ\u00e7\u00e3o: Luiz Ant\u00f4nio Sena Jr.<br \/>\nProdu\u00e7\u00e3o Executiva: Bergson Nunes<br \/>\nBilheteria: Eric Lopes<br \/>\nAssessoria de Comunica\u00e7\u00e3o: Th\u00e8\u00e2tre Comunica\u00e7\u00e3o | Rafael Brito<br \/>\nDesign Gr\u00e1fico: Diego Moreno<br \/>\nV\u00eddeos: Mayara Ferr\u00e3o<br \/>\nFotos: Diney Ara\u00fajo<br \/>\nRealiza\u00e7\u00e3o: Teatro da Queda, Escola de Teatro, UFBA, PROEXT<\/p>\n","protected":false},"excerpt":{"rendered":"<p>Quem v\u00ea Suliv\u00e3 Bispo, 25 anos, na pele de Mainha (na webs\u00e9rie Na R\u00e9dea Curta &#8211; antiga Frases de Mainha) n\u00e3o sabe quantas hist\u00f3rias ele consegue [&hellip;]<\/p>\n","protected":false},"author":1,"featured_media":16412,"comment_status":"open","ping_status":"open","sticky":false,"template":"","format":"image","meta":{"footnotes":""},"categories":[80,9],"tags":[],"class_list":["post-16411","post","type-post","status-publish","format-image","has-post-thumbnail","hentry","category-home","category-me-orgulho","post_format-post-format-image"],"_links":{"self":[{"href":"https:\/\/blogs.correio24horas.com.br\/mesalte\/wp-json\/wp\/v2\/posts\/16411","targetHints":{"allow":["GET"]}}],"collection":[{"href":"https:\/\/blogs.correio24horas.com.br\/mesalte\/wp-json\/wp\/v2\/posts"}],"about":[{"href":"https:\/\/blogs.correio24horas.com.br\/mesalte\/wp-json\/wp\/v2\/types\/post"}],"author":[{"embeddable":true,"href":"https:\/\/blogs.correio24horas.com.br\/mesalte\/wp-json\/wp\/v2\/users\/1"}],"replies":[{"embeddable":true,"href":"https:\/\/blogs.correio24horas.com.br\/mesalte\/wp-json\/wp\/v2\/comments?post=16411"}],"version-history":[{"count":2,"href":"https:\/\/blogs.correio24horas.com.br\/mesalte\/wp-json\/wp\/v2\/posts\/16411\/revisions"}],"predecessor-version":[{"id":16423,"href":"https:\/\/blogs.correio24horas.com.br\/mesalte\/wp-json\/wp\/v2\/posts\/16411\/revisions\/16423"}],"wp:featuredmedia":[{"embeddable":true,"href":"https:\/\/blogs.correio24horas.com.br\/mesalte\/wp-json\/wp\/v2\/media\/16412"}],"wp:attachment":[{"href":"https:\/\/blogs.correio24horas.com.br\/mesalte\/wp-json\/wp\/v2\/media?parent=16411"}],"wp:term":[{"taxonomy":"category","embeddable":true,"href":"https:\/\/blogs.correio24horas.com.br\/mesalte\/wp-json\/wp\/v2\/categories?post=16411"},{"taxonomy":"post_tag","embeddable":true,"href":"https:\/\/blogs.correio24horas.com.br\/mesalte\/wp-json\/wp\/v2\/tags?post=16411"}],"curies":[{"name":"wp","href":"https:\/\/api.w.org\/{rel}","templated":true}]}}