{"id":16402,"date":"2018-08-02T17:14:47","date_gmt":"2018-08-02T20:14:47","guid":{"rendered":"http:\/\/blogs.correio24horas.com.br\/mesalte\/?p=16402"},"modified":"2018-08-02T17:15:32","modified_gmt":"2018-08-02T20:15:32","slug":"ufba-sediara-seminario-para-discutir-a-medicalizacao-da-existencia","status":"publish","type":"post","link":"https:\/\/blogs.correio24horas.com.br\/mesalte\/ufba-sediara-seminario-para-discutir-a-medicalizacao-da-existencia\/","title":{"rendered":"Ufba sediar\u00e1 semin\u00e1rio para discutir a medicaliza\u00e7\u00e3o da exist\u00eancia"},"content":{"rendered":"<p>Entre\u00a0quarta-feira (8) at\u00e9 s\u00e1bado (11), a Universidade Federal da Bahia (Ufba) sediar\u00e1 o V Semin\u00e1rio Internacional A Educa\u00e7\u00e3o Medicalizada. Com o tema &#8220;Existirmos, a que ser\u00e1 que se destina?&#8221;, o evento gratuito tem como objetivo central discutir o fen\u00f4meno da medicaliza\u00e7\u00e3o da exist\u00eancia sob a \u00f3tica dos atravessamentos de g\u00eanero, ra\u00e7a, classe, territ\u00f3rio, defici\u00eancia\/capacidade e gera\u00e7\u00e3o.<\/p>\n<p>A programa\u00e7\u00e3o vai acontecer na Faculdade de Educa\u00e7\u00e3o (Faced), no campus do Canela e no Sal\u00e3o Nobre da Reitoria. O semin\u00e1rio ter\u00e1\u00a0mesas redondas, apresenta\u00e7\u00e3o de trabalhos em formato de rodas de conversa com presen\u00e7a de professores da Ufba, Universidade Federal do Rec\u00f4ncavo da Bahia, Universidade Federal de S\u00e3o Paulo e convidados da Universidad de Chile e Universidad de Colombia. Al\u00e9m disso est\u00e3o previstas programa\u00e7\u00f5es culturais, que devem acontecer no Largo do Campo Grande.<\/p>\n<p>O V Semin\u00e1rio Internacional A Educa\u00e7\u00e3o Medicalizada \u00e9 uma realiza\u00e7\u00e3o do F\u00f3rum Nacional sobre Medicaliza\u00e7\u00e3o da Educa\u00e7\u00e3o e da Sociedade. O f\u00f3rum \u00e9 um movimento social que re\u00fane outros movimentos sociais, entidades e pessoas engajadas no enfrentamento dos processos de medicaliza\u00e7\u00e3o da vida.<\/p>\n<p>\u201cA gente medicaliza quando olha para situa\u00e7\u00f5es complexas, com diversos fatores envolvidos, como se fossem somente problemas individuais de sa\u00fade\u201d, explica Lygia Viegas, psic\u00f3loga, pesquisadora da Faculdade de Educa\u00e7\u00e3o da Ufba e membro do F\u00f3rum Nacional sobre Medicaliza\u00e7\u00e3o da Educa\u00e7\u00e3o e da Sociedade.<\/p>\n<p>Entende-se no F\u00f3rum que a medicaliza\u00e7\u00e3o vai al\u00e9m da quest\u00e3o da produ\u00e7\u00e3o de diagn\u00f3sticos em larga escala, bem como do uso desenfreado de medicamentos, mormente no campo da sa\u00fade mental, embora tenha nesses dois fen\u00f4menos um importante term\u00f4metro.<\/p>\n<p>A medicaliza\u00e7\u00e3o envolve um tipo de racionalidade determinista que desconsidera a complexidade da vida humana, reduzindo-a a quest\u00f5es de cunho individual, seja em seu aspecto org\u00e2nico, seja em seu aspecto ps\u00edquico, seja em uma leitura restrita e naturalizada dos aspectos sociais.<\/p>\n<p>De acordo com essa concep\u00e7\u00e3o caracter\u00edsticas comportamentais s\u00e3o tomadas apenas a partir da perspectiva do indiv\u00edduo isolado, que passaria a ser o \u00fanico respons\u00e1vel por sua inadapta\u00e7\u00e3o \u00e0s normas e padr\u00f5es sociais dominantes impostos pela racionalidade colonialista. A medicaliza\u00e7\u00e3o \u00e9 terreno f\u00e9rtil para os fen\u00f4menos da patologiza\u00e7\u00e3o, da psiquiatriza\u00e7\u00e3o, da psicologiza\u00e7\u00e3o e da criminaliza\u00e7\u00e3o das diferen\u00e7as, da pobreza e das lutas.<\/p>\n<p>Sabe-se que muitos fatores sociais e econ\u00f4micos afetam a disposi\u00e7\u00e3o das pessoas para enfrentar desafios da vida. Trabalhar exaustivamente, muitas vezes em ambientes hostis e competitivos, sem saber se a conta vai fechar no final do m\u00eas, deixa a maior parte da popula\u00e7\u00e3o aflita e entristecida, por exemplo. Essa n\u00e3o \u00e9 uma quest\u00e3o m\u00e9dica e n\u00e3o ser\u00e1 resolvida individualmente, ela \u00e9 atravessada por muitas coisas.<\/p>\n<p>\u201cA crise econ\u00f4mica e pol\u00edtica que estamos vivendo tem nos roubado a esperan\u00e7a, n\u00e3o \u00e9 mesmo? Ent\u00e3o, o que queremos colocar em debate \u00e9 a necessidade de repensarmos, coletivamente, nossas formas de (con)viver, criando jeitos que n\u00e3o nos roubem a esperan\u00e7a e o sentido de seguir adiante\u201d, complementa Lygia.<\/p>\n<p>Mais\u00a0informa\u00e7\u00f5es no site: <a href=\"http:\/\/seminario5.medicalizacao.org.br\/\" target=\"_blank\">http:\/\/seminario5.medicalizacao.org.br\/<\/a><\/p>\n","protected":false},"excerpt":{"rendered":"<p>Entre\u00a0quarta-feira (8) at\u00e9 s\u00e1bado (11), a Universidade Federal da Bahia (Ufba) sediar\u00e1 o V Semin\u00e1rio Internacional A Educa\u00e7\u00e3o Medicalizada. Com o tema &#8220;Existirmos, a que ser\u00e1 [&hellip;]<\/p>\n","protected":false},"author":1,"featured_media":16404,"comment_status":"open","ping_status":"open","sticky":false,"template":"","format":"image","meta":{"footnotes":""},"categories":[80,24],"tags":[],"class_list":["post-16402","post","type-post","status-publish","format-image","has-post-thumbnail","hentry","category-home","category-me-cuido","post_format-post-format-image"],"_links":{"self":[{"href":"https:\/\/blogs.correio24horas.com.br\/mesalte\/wp-json\/wp\/v2\/posts\/16402","targetHints":{"allow":["GET"]}}],"collection":[{"href":"https:\/\/blogs.correio24horas.com.br\/mesalte\/wp-json\/wp\/v2\/posts"}],"about":[{"href":"https:\/\/blogs.correio24horas.com.br\/mesalte\/wp-json\/wp\/v2\/types\/post"}],"author":[{"embeddable":true,"href":"https:\/\/blogs.correio24horas.com.br\/mesalte\/wp-json\/wp\/v2\/users\/1"}],"replies":[{"embeddable":true,"href":"https:\/\/blogs.correio24horas.com.br\/mesalte\/wp-json\/wp\/v2\/comments?post=16402"}],"version-history":[{"count":1,"href":"https:\/\/blogs.correio24horas.com.br\/mesalte\/wp-json\/wp\/v2\/posts\/16402\/revisions"}],"predecessor-version":[{"id":16403,"href":"https:\/\/blogs.correio24horas.com.br\/mesalte\/wp-json\/wp\/v2\/posts\/16402\/revisions\/16403"}],"wp:featuredmedia":[{"embeddable":true,"href":"https:\/\/blogs.correio24horas.com.br\/mesalte\/wp-json\/wp\/v2\/media\/16404"}],"wp:attachment":[{"href":"https:\/\/blogs.correio24horas.com.br\/mesalte\/wp-json\/wp\/v2\/media?parent=16402"}],"wp:term":[{"taxonomy":"category","embeddable":true,"href":"https:\/\/blogs.correio24horas.com.br\/mesalte\/wp-json\/wp\/v2\/categories?post=16402"},{"taxonomy":"post_tag","embeddable":true,"href":"https:\/\/blogs.correio24horas.com.br\/mesalte\/wp-json\/wp\/v2\/tags?post=16402"}],"curies":[{"name":"wp","href":"https:\/\/api.w.org\/{rel}","templated":true}]}}