{"id":16321,"date":"2018-07-26T16:14:03","date_gmt":"2018-07-26T19:14:03","guid":{"rendered":"http:\/\/blogs.correio24horas.com.br\/mesalte\/?p=16321"},"modified":"2018-07-26T16:14:03","modified_gmt":"2018-07-26T19:14:03","slug":"san-estreia-novo-selo-neste-final-de-semana-blessed-tambem-e-atracao","status":"publish","type":"post","link":"https:\/\/blogs.correio24horas.com.br\/mesalte\/san-estreia-novo-selo-neste-final-de-semana-blessed-tambem-e-atracao\/","title":{"rendered":"San estreia novo selo neste final de semana; Blessed tamb\u00e9m \u00e9 atra\u00e7\u00e3o\u00a0"},"content":{"rendered":"<p>&nbsp;<\/p>\n<p>O fim de semana ter\u00e1 mais uma festa\u00a0 na San, localizada na Pir\u00e2mide do Rio Vermelho. Na sexta-feira (27) a festa O Bonde abre os agitos da casa, a partir das 23h, com os DJs Marcelo Cravo, Nai Sena, Victor Gonzalez, Thales Guimar\u00e3es e Ana Julieta se revezando no comando das pistas de dan\u00e7a, com o melhor do FUNK.<\/p>\n<p>No s\u00e1bado\u00a0(28) como manda a tradi\u00e7\u00e3o, \u00e9 a vez dos DJs Mauro Mozart (The Week), Giulia Cioti, Arthur Valleti, Luiz Estev\u00e3o e Cassio comandarem a Blessed, se dividindo entre as Pistas IN e OUT, a partir das 23h. Nos setlists, os grandes hits eletr\u00f4nicos do momento no Brasil e mundo afora.<\/p>\n<p>SERVI\u00c7O:<br \/>\nO Bonde<br \/>\n27 de julho (sexta-feira), 23h<br \/>\nDJs: Marcelo Cravo, Nai Sena, Victor Gonzalez, Thales Guimar\u00e3es e Ana Julieta<br \/>\nIngressos: R$ 20 e R$ 30 (no local)<\/p>\n<p>Vendas: <a href=\"https:\/\/www.sympla.com.br\/san\" target=\"_blank\">https:\/\/www.sympla.com.br\/san<\/a><\/p>\n<p>Blessed<br \/>\n28 de julho (s\u00e1bado), 23h<br \/>\nDJs: Mauro Mozart, Giulia Cioti, Arthur Valleti, Luiz Estev\u00e3o e Cassio<br \/>\nIngressos: R$ 20 e R$ 35 (no local<br \/>\nVendas: <a href=\"https:\/\/www.sympla.com.br\/san\" target=\"_blank\">https:\/\/www.sympla.com.br\/san<\/a><\/p>\n","protected":false},"excerpt":{"rendered":"<p>&nbsp; O fim de semana ter\u00e1 mais uma festa\u00a0 na San, localizada na Pir\u00e2mide do Rio Vermelho. Na sexta-feira (27) a festa O Bonde abre os [&hellip;]<\/p>\n","protected":false},"author":1,"featured_media":16322,"comment_status":"open","ping_status":"open","sticky":false,"template":"","format":"image","meta":{"footnotes":""},"categories":[80,16],"tags":[],"class_list":["post-16321","post","type-post","status-publish","format-image","has-post-thumbnail","hentry","category-home","category-me-jogo","post_format-post-format-image"],"_links":{"self":[{"href":"https:\/\/blogs.correio24horas.com.br\/mesalte\/wp-json\/wp\/v2\/posts\/16321","targetHints":{"allow":["GET"]}}],"collection":[{"href":"https:\/\/blogs.correio24horas.com.br\/mesalte\/wp-json\/wp\/v2\/posts"}],"about":[{"href":"https:\/\/blogs.correio24horas.com.br\/mesalte\/wp-json\/wp\/v2\/types\/post"}],"author":[{"embeddable":true,"href":"https:\/\/blogs.correio24horas.com.br\/mesalte\/wp-json\/wp\/v2\/users\/1"}],"replies":[{"embeddable":true,"href":"https:\/\/blogs.correio24horas.com.br\/mesalte\/wp-json\/wp\/v2\/comments?post=16321"}],"version-history":[{"count":1,"href":"https:\/\/blogs.correio24horas.com.br\/mesalte\/wp-json\/wp\/v2\/posts\/16321\/revisions"}],"predecessor-version":[{"id":16323,"href":"https:\/\/blogs.correio24horas.com.br\/mesalte\/wp-json\/wp\/v2\/posts\/16321\/revisions\/16323"}],"wp:featuredmedia":[{"embeddable":true,"href":"https:\/\/blogs.correio24horas.com.br\/mesalte\/wp-json\/wp\/v2\/media\/16322"}],"wp:attachment":[{"href":"https:\/\/blogs.correio24horas.com.br\/mesalte\/wp-json\/wp\/v2\/media?parent=16321"}],"wp:term":[{"taxonomy":"category","embeddable":true,"href":"https:\/\/blogs.correio24horas.com.br\/mesalte\/wp-json\/wp\/v2\/categories?post=16321"},{"taxonomy":"post_tag","embeddable":true,"href":"https:\/\/blogs.correio24horas.com.br\/mesalte\/wp-json\/wp\/v2\/tags?post=16321"}],"curies":[{"name":"wp","href":"https:\/\/api.w.org\/{rel}","templated":true}]}}