{"id":16308,"date":"2018-07-25T17:53:05","date_gmt":"2018-07-25T20:53:05","guid":{"rendered":"http:\/\/blogs.correio24horas.com.br\/mesalte\/?p=16308"},"modified":"2018-07-25T17:54:11","modified_gmt":"2018-07-25T20:54:11","slug":"pabllo-vittar-adia-gravacao-apos-acertar-joelhada-no-proprio-olho","status":"publish","type":"post","link":"https:\/\/blogs.correio24horas.com.br\/mesalte\/pabllo-vittar-adia-gravacao-apos-acertar-joelhada-no-proprio-olho\/","title":{"rendered":"Pabllo Vittar adia grava\u00e7\u00e3o ap\u00f3s acertar joelhada no pr\u00f3prio olho"},"content":{"rendered":"<p><em>Por Estad\u00e3o Conte\u00fado<\/em><\/p>\n<p>A cantora Pabllo Vittar contou em seu Instagram que precisou cancelar uma sess\u00e3o de grava\u00e7\u00e3o de seu pr\u00f3ximo clipe por conta de um acidente inusitado: ela deu uma joelhada no pr\u00f3prio olho.<\/p>\n<p>&#8220;Ai que saco, vou ter que cancelar a grava\u00e7\u00e3o de hoje do clipe pra poder cuidar desse olho inchado. N\u00e3o d\u00e1 pra gravar clipe assim, n\u00e9 gente! Que saco&#8221;, contou nesta quarta-feira (25).<\/p>\n<p>Na ter\u00e7a-feira, 24, ela havia publicado outros stories enquanto passava gelo na regi\u00e3o atingida: &#8220;Eu tava ensaiando pro clipe, tava tudo certo. A\u00ed eu fui brincar, me jogar num colch\u00e3o e dei uma joelhada na minha cara.&#8221;<\/p>\n<p>&#8220;T\u00f4 com muito \u00f3dio de mim mesma. Como que a pessoa \u00e9 burra de se dar uma joelhada? Mas \u00e9 isso a\u00ed, botar um gelinho e desinchar.&#8221;<\/p>\n<p>Pabllo ainda mandou um recado final: &#8220;Acontece. Mas, pra voc\u00ea que me desejou esse olho roxo, minha filha, se prepare, porque minha vingan\u00e7a \u00e9 art\u00edstica, n\u00e3o \u00e9 emocional.&#8221;<\/p>\n<p>&#8220;Tirando as brincadeiras de lado, vou ter que cuidar desse olho roxo pra gravar o clipe. Sigo firme. Semana que vem eu gravo o clipe. T\u00f4 muito feliz, mesmo com olho inchado&#8221;, concluiu.<\/p>\n","protected":false},"excerpt":{"rendered":"<p>Por Estad\u00e3o Conte\u00fado A cantora Pabllo Vittar contou em seu Instagram que precisou cancelar uma sess\u00e3o de grava\u00e7\u00e3o de seu pr\u00f3ximo clipe por conta de um [&hellip;]<\/p>\n","protected":false},"author":2,"featured_media":16309,"comment_status":"open","ping_status":"open","sticky":false,"template":"","format":"image","meta":{"footnotes":""},"categories":[80,11],"tags":[1253,827],"class_list":["post-16308","post","type-post","status-publish","format-image","has-post-thumbnail","hentry","category-home","category-me-informo","tag-pabllo","tag-pabllo-vittar","post_format-post-format-image"],"_links":{"self":[{"href":"https:\/\/blogs.correio24horas.com.br\/mesalte\/wp-json\/wp\/v2\/posts\/16308","targetHints":{"allow":["GET"]}}],"collection":[{"href":"https:\/\/blogs.correio24horas.com.br\/mesalte\/wp-json\/wp\/v2\/posts"}],"about":[{"href":"https:\/\/blogs.correio24horas.com.br\/mesalte\/wp-json\/wp\/v2\/types\/post"}],"author":[{"embeddable":true,"href":"https:\/\/blogs.correio24horas.com.br\/mesalte\/wp-json\/wp\/v2\/users\/2"}],"replies":[{"embeddable":true,"href":"https:\/\/blogs.correio24horas.com.br\/mesalte\/wp-json\/wp\/v2\/comments?post=16308"}],"version-history":[{"count":1,"href":"https:\/\/blogs.correio24horas.com.br\/mesalte\/wp-json\/wp\/v2\/posts\/16308\/revisions"}],"predecessor-version":[{"id":16310,"href":"https:\/\/blogs.correio24horas.com.br\/mesalte\/wp-json\/wp\/v2\/posts\/16308\/revisions\/16310"}],"wp:featuredmedia":[{"embeddable":true,"href":"https:\/\/blogs.correio24horas.com.br\/mesalte\/wp-json\/wp\/v2\/media\/16309"}],"wp:attachment":[{"href":"https:\/\/blogs.correio24horas.com.br\/mesalte\/wp-json\/wp\/v2\/media?parent=16308"}],"wp:term":[{"taxonomy":"category","embeddable":true,"href":"https:\/\/blogs.correio24horas.com.br\/mesalte\/wp-json\/wp\/v2\/categories?post=16308"},{"taxonomy":"post_tag","embeddable":true,"href":"https:\/\/blogs.correio24horas.com.br\/mesalte\/wp-json\/wp\/v2\/tags?post=16308"}],"curies":[{"name":"wp","href":"https:\/\/api.w.org\/{rel}","templated":true}]}}