{"id":16270,"date":"2018-07-24T12:29:31","date_gmt":"2018-07-24T15:29:31","guid":{"rendered":"http:\/\/blogs.correio24horas.com.br\/mesalte\/?p=16270"},"modified":"2018-07-24T12:29:31","modified_gmt":"2018-07-24T15:29:31","slug":"junior-e-mainha-apresentam-se-no-domingo-no-tca-neste-domingo-29","status":"publish","type":"post","link":"https:\/\/blogs.correio24horas.com.br\/mesalte\/junior-e-mainha-apresentam-se-no-domingo-no-tca-neste-domingo-29\/","title":{"rendered":"Junior e Mainha apresentam-se no Domingo no TCA neste domingo (29)"},"content":{"rendered":"<p>O humor cotidiano da webserie Na R\u00e9dea Curta, encenada pelos hil\u00e1rios Junior (Thiago Almasy) e Mainha (Suliv\u00e3 Bispo) chega ao palco do Teatro Castro Alves nesse domingo (29), 11h, como atra\u00e7\u00e3o do projeto Domingo no TCA, com ingressos a R$ R$ 1,00 (inteira) e R$ 0,50 (meia), vendidos apenas no dia do evento, a partir das 9h, com acesso imediato ao teatro.<\/p>\n<p>Esta ser\u00e1 a primeira apresenta\u00e7\u00e3o em teatro depois que a dupla estreou o novo projeto Na R\u00e9dea Curta, no \u00faltimo dia 28 de junho, voltando a publicar v\u00eddeos semanais na internet para alegria do p\u00fablico que n\u00e3o cansava de perguntar aos atores na rua quando Junior e Mainha iriam voltar.<\/p>\n<p>O canal Na R\u00e9dea Curta marca o amadurecimento da dupla, que se tornou \u00edcone do humor \u00edcones do humor do cotidiano. Desde que foram criados em 2016, os personagens alcan\u00e7aram um efeito viral crescente em v\u00eddeos que, nas entrelinhas, falam de uma Bahia singular no modo de express\u00e3o de sua gente, divertindo o p\u00fablico com a valoriza\u00e7\u00e3o da \u201cforma de falar\u201d do povo baiano, ao tempo que abra\u00e7a o vi\u00e9s da cultura popular que se perpetua atrav\u00e9s da oralidade.<\/p>\n<p>Ao interpretar uma m\u00e3e solteira e seu filho acomodado, moradores da periferia, a dupla de atores despertou um afeto e uma identifica\u00e7\u00e3o t\u00e3o surpreendentes que chegou a lotar 16 sess\u00f5es em duas temporadas em teatros de Salvador, ap\u00f3s ter atingido a marca de 60 milh\u00f5es de visualiza\u00e7\u00f5es na internet.<\/p>\n<p>Servi\u00e7os<br \/>\nDomingo no TCA &#8211; Na R\u00e9dea Curta<br \/>\nQuando: Domingo (29)<br \/>\nHor\u00e1rio: 11h<br \/>\nIngressos: R$ 1 e R$ 0,50 (Vendidos apenas no dia do evento, a partir das 9h, com acesso imediato ao teatro)<\/p>\n","protected":false},"excerpt":{"rendered":"<p>O humor cotidiano da webserie Na R\u00e9dea Curta, encenada pelos hil\u00e1rios Junior (Thiago Almasy) e Mainha (Suliv\u00e3 Bispo) chega ao palco do Teatro Castro Alves nesse [&hellip;]<\/p>\n","protected":false},"author":1,"featured_media":16271,"comment_status":"open","ping_status":"open","sticky":false,"template":"","format":"image","meta":{"footnotes":""},"categories":[80,16],"tags":[],"class_list":["post-16270","post","type-post","status-publish","format-image","has-post-thumbnail","hentry","category-home","category-me-jogo","post_format-post-format-image"],"_links":{"self":[{"href":"https:\/\/blogs.correio24horas.com.br\/mesalte\/wp-json\/wp\/v2\/posts\/16270","targetHints":{"allow":["GET"]}}],"collection":[{"href":"https:\/\/blogs.correio24horas.com.br\/mesalte\/wp-json\/wp\/v2\/posts"}],"about":[{"href":"https:\/\/blogs.correio24horas.com.br\/mesalte\/wp-json\/wp\/v2\/types\/post"}],"author":[{"embeddable":true,"href":"https:\/\/blogs.correio24horas.com.br\/mesalte\/wp-json\/wp\/v2\/users\/1"}],"replies":[{"embeddable":true,"href":"https:\/\/blogs.correio24horas.com.br\/mesalte\/wp-json\/wp\/v2\/comments?post=16270"}],"version-history":[{"count":1,"href":"https:\/\/blogs.correio24horas.com.br\/mesalte\/wp-json\/wp\/v2\/posts\/16270\/revisions"}],"predecessor-version":[{"id":16272,"href":"https:\/\/blogs.correio24horas.com.br\/mesalte\/wp-json\/wp\/v2\/posts\/16270\/revisions\/16272"}],"wp:featuredmedia":[{"embeddable":true,"href":"https:\/\/blogs.correio24horas.com.br\/mesalte\/wp-json\/wp\/v2\/media\/16271"}],"wp:attachment":[{"href":"https:\/\/blogs.correio24horas.com.br\/mesalte\/wp-json\/wp\/v2\/media?parent=16270"}],"wp:term":[{"taxonomy":"category","embeddable":true,"href":"https:\/\/blogs.correio24horas.com.br\/mesalte\/wp-json\/wp\/v2\/categories?post=16270"},{"taxonomy":"post_tag","embeddable":true,"href":"https:\/\/blogs.correio24horas.com.br\/mesalte\/wp-json\/wp\/v2\/tags?post=16270"}],"curies":[{"name":"wp","href":"https:\/\/api.w.org\/{rel}","templated":true}]}}