{"id":16266,"date":"2018-07-24T07:45:59","date_gmt":"2018-07-24T10:45:59","guid":{"rendered":"http:\/\/blogs.correio24horas.com.br\/mesalte\/?p=16266"},"modified":"2018-07-24T08:34:51","modified_gmt":"2018-07-24T11:34:51","slug":"simone-e-simaria-lancam-a-emocionante-faixa-1-em-um-milhao-em-todas-as-plataformas-digitais-e-radios-do-pais","status":"publish","type":"post","link":"https:\/\/blogs.correio24horas.com.br\/mesalte\/simone-e-simaria-lancam-a-emocionante-faixa-1-em-um-milhao-em-todas-as-plataformas-digitais-e-radios-do-pais\/","title":{"rendered":"Simone e Simaria lan\u00e7am a emocionante faixa \u201c1 em um milh\u00e3o\u201d, em todas as plataformas digitais e r\u00e1dios do pa\u00eds"},"content":{"rendered":"<p>Depois de emplacar em 2018 quatro faixas em destaque na maior plataforma de streaming do mundo, com participa\u00e7\u00f5es especiais, a dupla Simone &amp; Simaria lan\u00e7a a m\u00fasica que d\u00e1 voz exclusivamente a elas. Chega hoje \u00e0s principais plataformas digitais e r\u00e1dios de todo pa\u00eds a faixa \u201c1 em um milh\u00e3o\u201d. Ou\u00e7a aqui: <a href=\"https:\/\/umusicbrazil.lnk.to\/UmEmUmMilhaoPR\" target=\"_blank\">https:\/\/umusicbrazil.lnk.to\/UmEmUmMilhaoPR<\/a> .<\/p>\n<p>Composta por Juan Marcus e Vin\u00edcius, Felipe Arn\u00e1, Vanessinha PG e Rick Monteiro, a can\u00e7\u00e3o marca o in\u00edcio de uma nova fase repleta de novidades na carreira das irm\u00e3s. Al\u00e9m, claro, do esperado retorno de Simaria aos palcos, que acontece no pr\u00f3ximo dia 9 de agosto, no Espa\u00e7o das Am\u00e9ricas, em S\u00e3o Paulo.<\/p>\n<p>Para alegria dos f\u00e3s da dupla, o single j\u00e1 est\u00e1 dispon\u00edvel em todas as plataformas digitais e conta com vers\u00e3o em videoclipe, que ser\u00e1 lan\u00e7ado no pr\u00f3ximo dia 29 (domingo), no programa Fant\u00e1stico, exibido pela Rede Globo. Segundo as coleguinhas, a m\u00fasica tem endere\u00e7o certo.<\/p>\n<p>Depois de um ano aguardando a libera\u00e7\u00e3o da faixa, Simaria comemora: \u201cEstou apaixonada por essa can\u00e7\u00e3o, que toca a minha alma, mesmo n\u00e3o passando pela situa\u00e7\u00e3o\u201d. J\u00e1 Simone completa: \u201c A m\u00fasica \u00e9 maravilhosa e, mesmo sem estar sofrendo, voc\u00ea sofre junto de t\u00e3o boa que ela \u00e9. Tenho certeza que os f\u00e3s v\u00e3o amar e cantar muito conosco.\u201d<\/p>\n<p>\u201c1 em um milh\u00e3o\u201d<\/p>\n<p>(Juan Marcus e Vin\u00edcius \/ Felipe Arn\u00e1 \/ Vanessinha PG \/ Rick Monteiro)<\/p>\n<p><em>Al\u00f4, respira fundo que a not\u00edcia n\u00e3o \u00e9 boa<\/em><\/p>\n<p><em>Al\u00f4, infelizmente ela envolve outra pessoa<\/em><\/p>\n<p><em>Sei que vai me julgar<\/em><\/p>\n<p><em>N\u00e3o \u00e9 papel de homem<\/em><\/p>\n<p><em>Acabar com a vida de algu\u00e9m assim por telefone<\/em><\/p>\n<p><em>Uouoo, desculpa se eu t\u00f4 sendo idiota<\/em><\/p>\n<p><em>Pior seria bater na sua porta<\/em><\/p>\n<p><em>Correr o risco de n\u00e3o te dizer<\/em><\/p>\n<p><em>Que o melhor pra mim hoje n\u00e3o \u00e9 voc\u00ea<\/em><\/p>\n<p><em>E eu sou s\u00f3 mais um em um milh\u00e3o<\/em><\/p>\n<p><em>Sendo covarde numa liga\u00e7\u00e3o<\/em><\/p>\n<p><em>Mas te garanto, n\u00e3o foi erro seu<\/em><\/p>\n<p><em>A culpa foi de um amor<\/em><\/p>\n<p><em>Que entre n\u00f3s n\u00e3o aconteceu<\/em><\/p>\n","protected":false},"excerpt":{"rendered":"<p>Depois de emplacar em 2018 quatro faixas em destaque na maior plataforma de streaming do mundo, com participa\u00e7\u00f5es especiais, a dupla Simone &amp; Simaria lan\u00e7a a [&hellip;]<\/p>\n","protected":false},"author":1,"featured_media":16267,"comment_status":"open","ping_status":"open","sticky":false,"template":"","format":"image","meta":{"footnotes":""},"categories":[28,80],"tags":[],"class_list":["post-16266","post","type-post","status-publish","format-image","has-post-thumbnail","hentry","category-farofa-digital","category-home","post_format-post-format-image"],"_links":{"self":[{"href":"https:\/\/blogs.correio24horas.com.br\/mesalte\/wp-json\/wp\/v2\/posts\/16266","targetHints":{"allow":["GET"]}}],"collection":[{"href":"https:\/\/blogs.correio24horas.com.br\/mesalte\/wp-json\/wp\/v2\/posts"}],"about":[{"href":"https:\/\/blogs.correio24horas.com.br\/mesalte\/wp-json\/wp\/v2\/types\/post"}],"author":[{"embeddable":true,"href":"https:\/\/blogs.correio24horas.com.br\/mesalte\/wp-json\/wp\/v2\/users\/1"}],"replies":[{"embeddable":true,"href":"https:\/\/blogs.correio24horas.com.br\/mesalte\/wp-json\/wp\/v2\/comments?post=16266"}],"version-history":[{"count":2,"href":"https:\/\/blogs.correio24horas.com.br\/mesalte\/wp-json\/wp\/v2\/posts\/16266\/revisions"}],"predecessor-version":[{"id":16269,"href":"https:\/\/blogs.correio24horas.com.br\/mesalte\/wp-json\/wp\/v2\/posts\/16266\/revisions\/16269"}],"wp:featuredmedia":[{"embeddable":true,"href":"https:\/\/blogs.correio24horas.com.br\/mesalte\/wp-json\/wp\/v2\/media\/16267"}],"wp:attachment":[{"href":"https:\/\/blogs.correio24horas.com.br\/mesalte\/wp-json\/wp\/v2\/media?parent=16266"}],"wp:term":[{"taxonomy":"category","embeddable":true,"href":"https:\/\/blogs.correio24horas.com.br\/mesalte\/wp-json\/wp\/v2\/categories?post=16266"},{"taxonomy":"post_tag","embeddable":true,"href":"https:\/\/blogs.correio24horas.com.br\/mesalte\/wp-json\/wp\/v2\/tags?post=16266"}],"curies":[{"name":"wp","href":"https:\/\/api.w.org\/{rel}","templated":true}]}}