{"id":16241,"date":"2018-07-20T07:19:12","date_gmt":"2018-07-20T10:19:12","guid":{"rendered":"http:\/\/blogs.correio24horas.com.br\/mesalte\/?p=16241"},"modified":"2018-07-31T10:20:42","modified_gmt":"2018-07-31T13:20:42","slug":"cu-e-lindo-exposicao-de-kleper-reis-e-arte-indenitaria-e-merece-respeito","status":"publish","type":"post","link":"https:\/\/blogs.correio24horas.com.br\/mesalte\/cu-e-lindo-exposicao-de-kleper-reis-e-arte-indenitaria-e-merece-respeito\/","title":{"rendered":"Cu \u00e9 lindo: exposi\u00e7\u00e3o de Kleper Reis \u00e9 arte indenit\u00e1ria e merece respeito"},"content":{"rendered":"<p><em>Por Marcelo Cerqueira, presidente do Grupo Gay da Bahia\u00a0<\/em><\/p>\n<p>O Grupo Gay da Bahia (GGB) vem a p\u00fablico manifestar-se em rela\u00e7\u00e3o \u00e0 exposi\u00e7\u00e3o \u201cCu \u00e9 Lindo\u201d, do artista Kleper Reis, de Guanambi, Oeste baiano, cidade cuja Prefeitura ganhou proje\u00e7\u00e3o nacional em janeiro do ano passado ap\u00f3s o prefeito Jairo Magalh\u00e3es (PSB) haver decretado, como primeiro ato de governo, que a cidade pertence a Jesus! Isso depois de jurar promover e defender a Constitui\u00e7\u00e3o e as leis do Pa\u00eds.<\/p>\n<p>\u00c9 tipo assim: gato que nunca comeu toucinho quando come se lambuza todo. Ou, j\u00e1 que o tema \u00e9 cu, n\u00e3o seria ofensa eu escrever a palavra pica. E Jairo Magalh\u00e3es j\u00e1 foi tirando a dele para fora logo no primeiro dia de gest\u00e3o. Saiu correndo como se jogasse azeite as canadas para rasgar a Constitui\u00e7\u00e3o, a mesma que jurou defender. A exposi\u00e7\u00e3o do artista Kleper Reis \u00e9 uma bobagem diante disso tudo!<\/p>\n<p>O GGB, com base nas pesquisas sociol\u00f3gicas e antropol\u00f3gicas org\u00e2nicas desenvolvidas pelo seu fundador, Luiz Mott, sempre defendeu a liberdade de express\u00e3o, principalmente nas esferas das artes pl\u00e1sticas, m\u00fasica, dan\u00e7a, teatro, \u00e1udio, visual e mult\u00edmodos.<\/p>\n<p>No presente momento pol\u00edtico-social em que se inserem os LGBT\u2019s em rela\u00e7\u00e3o \u00e0 produ\u00e7\u00e3o cultural integrada, conquista de territ\u00f3rios de identidades e utiliza\u00e7\u00e3o dos espa\u00e7os p\u00fablicos, o GGB compreende que essa representa\u00e7\u00e3o art\u00edstica, sim, contribuiu no combate ao conservadorismo, garante a visibilidade pol\u00edtica e faz com que o conservadorismo extremo vomite a sua LGBTfobia. Isso \u00e9 lindo, porque a gente come\u00e7a a ver esses \u201ccaras-p\u00e1lidas\u201d e dizer as amigas \u201cn\u00e3o vota nele n\u00e3o\u201d.<\/p>\n<p>Kleper Reis, com o seu trabalho, garante visibilidade politica em rela\u00e7\u00e3o \u00e0 LGBTfobia, que ainda serve como amarras, tanto ao bem viver das pessoas LGBT quanto ao Plano de Desenvolvimento Nacional, onde se inserem os LGBT\u2019s no uso dos direitos civis, cidadania e acessos aos servi\u00e7os p\u00fablicos.<\/p>\n<p>A cr\u00edtica perversa e capciosa de extremistas pol\u00edticos a essas express\u00f5es culturais possuem em seu cerne a indu\u00e7\u00e3o da popula\u00e7\u00e3o ao erro de demonizar os LGBT\u2019s, inclusive associando uma popula\u00e7\u00e3o que representa 10% do povo brasileiro a comportamentos considerados, inclusive por n\u00f3s, como inadequados.<\/p>\n<p>Sobre o financiamento do Fundo de Cultura da Secretaria de Cultura do Governo da Bahia, nada al\u00e9m do cumprimento da lei! A Lei de Cultura. O projeto \u00e9 fruto de uma sele\u00e7\u00e3o p\u00fablica extremamente criteriosa, e eu sei disso. O Governo mostra-se sens\u00edvel e respons\u00e1vel ouvindo as vozes da sociedade civil, que sugere a instaura\u00e7\u00e3o de Pol\u00edticas P\u00fablicas de prote\u00e7\u00e3o, atrav\u00e9s das express\u00f5es das artes. Isso inclui mulher, negro, homem, LGBTIQ e tantas outras popula\u00e7\u00f5es indenit\u00e1rias que existem e reivindicam espa\u00e7o social, pol\u00edtico e de fala.<\/p>\n<p>O Governo da Bahia, assim como criou a Secretaria de Pol\u00edticas Para as Mulheres, instituiu o Conselho Estadual LGBT e instaurou a Pol\u00edtica Estadual LGBT, que tem o operacional da Secretaria de Justi\u00e7a, Cidadania e Desenvolvimento Social. \u00c9 lament\u00e1vel assistir \u00e0 cena pat\u00e9tica daqueles que foram para a m\u00eddia se exibir, vereadores de primeiro mandato que embaralham os cascos no entendimento sobre a exist\u00eancia da Lei!<\/p>\n<p>Como \u00e9 que pode esses pernas de saracura que se reivindicam paladinos da moralidade e escolhem a popula\u00e7\u00e3o LGBT para fazer palanque pol\u00edtico e se aparecer diante da opini\u00e3o p\u00fablica conservadora. Mas ningu\u00e9m t\u00e1 comendo nada desses falsos moralistas eleitoreiros. Muitos deles n\u00e3o sobreviveria a meia hora de sabatina sobre leis e direito, mas querem bancar sabedoria \u00e0s custas da dor alheia.<\/p>\n<p>Usando a licen\u00e7a po\u00e9tica de que \u201cchumbo trocado n\u00e3o d\u00f3i\u201d. Eu aqui quero aproveitar esse debate p\u00fablico arte, sociedade e cultura do conservadorismo extremo para fazer um pedido ao Minist\u00e9rio P\u00fablico da Bahia, Defens\u00f3ria P\u00fablica, OAB extensivo ao Conselho Nacional de Justi\u00e7a do Supremo Tribunal Federal.<\/p>\n<p>Ofere\u00e7o que a cada dois anos, vereadores e deputados se submetam a uma avalia\u00e7\u00e3o para medir os conhecimentos desses parlamentares em rela\u00e7\u00e3o a Lei, a nota de cada um deles seria atribu\u00edda ao desempenho da Casa Legislativa Municipal, Estadual e Federal.<\/p>\n<p>\u00c9 necess\u00e1rio que o MP desenvolva indicadores de avalia\u00e7\u00e3o para medir os conhecimentos desses parlamentares na defesa e promo\u00e7\u00e3o das Leis do Pa\u00eds! Constitui\u00e7\u00f5es Municipais, Estaduais e a Federal. Os evang\u00e9licos n\u00e3o andam com a b\u00edblia em baixo do bra\u00e7o! Todo pol\u00edtico legislativo deveria ser obrigado andar com a Constitui\u00e7\u00e3o em baixo do bra\u00e7o. Dessa forma, eles seriam chamados de \u201cOs Constitui\u00e7\u00f5es\u201d, vejam que nome lindo. \u00c9 preciso encontrar indicadores para avaliar a produtividade e as bobagens que vereadores e deputados divulgam na m\u00eddia como se fossem verdades, inclusive em rela\u00e7\u00e3o a Lei e a sua aplica\u00e7\u00e3o. Como \u00e9 poss\u00edvel um deputado federal h\u00e1 mais de vinte anos, n\u00e3o ter sequer um projeto apresentado!?<br \/>\nKleper, minha solidariedade.<\/p>\n<p>Eu estranho tanta pol\u00eamica em rela\u00e7\u00e3o a isso e posso imaginar que, na sua posi\u00e7\u00e3o de artista, voc\u00ea sofre porque v\u00ea a sua arte sendo usada por essa gente em benef\u00edcio duvidoso. Maldade, pura maldade desse povo s\u00e1dico que gosta de ver a gente sofrer. N\u00e3o tem nada demais! \u00c9 express\u00e3o art\u00edstica que eleva o interior a brilhar.<\/p>\n<p>Isso me leva perceber que o Governo Wagner estava correto quando criou a territorialidade ou territ\u00f3rios de identidades que possibilitou o interior fazer arte e produ\u00e7\u00e3o cultural. O apoio dos \u00f3rg\u00e3os p\u00fablicos \u00e9 para todos! E voc\u00ea como qualquer um outro tem esse direito de se expressar por sua arte.<\/p>\n<p>Bom demais! A exposi\u00e7\u00e3o n\u00e3o mostra coisas estranhas, mostra o cu, o descrito cu. Isso n\u00e3o \u00e9 ofensivo. E digo isso porque tanto supostas autoridades quanto a popula\u00e7\u00e3o usa palavras duras, negativas para se referir a mulher, negro, LGBT, crian\u00e7a, gordo, desempregado. Kleper se expressa por meio de sua arte e com ela toda uma popula\u00e7\u00e3o, inclusive n\u00e3o somente de LGBT, respeito.<\/p>\n<p><strong>Texto publicado originalmente no <a href=\"https:\/\/www.facebook.com\/marcelo.cerqueira.351\/posts\/10155903185062979\" target=\"_blank\">Facebook <\/a>e cedido ao Me Salte<br \/>\n*Opini\u00f5es e conceitos expressos nos artigos s\u00e3o de responsabilidade exclusiva dos autores<\/strong><\/p>\n","protected":false},"excerpt":{"rendered":"<p>Por Marcelo Cerqueira, presidente do Grupo Gay da Bahia\u00a0 O Grupo Gay da Bahia (GGB) vem a p\u00fablico manifestar-se em rela\u00e7\u00e3o \u00e0 exposi\u00e7\u00e3o \u201cCu \u00e9 Lindo\u201d, [&hellip;]<\/p>\n","protected":false},"author":2,"featured_media":16242,"comment_status":"open","ping_status":"open","sticky":false,"template":"","format":"image","meta":{"footnotes":""},"categories":[80,11],"tags":[],"class_list":["post-16241","post","type-post","status-publish","format-image","has-post-thumbnail","hentry","category-home","category-me-informo","post_format-post-format-image"],"_links":{"self":[{"href":"https:\/\/blogs.correio24horas.com.br\/mesalte\/wp-json\/wp\/v2\/posts\/16241","targetHints":{"allow":["GET"]}}],"collection":[{"href":"https:\/\/blogs.correio24horas.com.br\/mesalte\/wp-json\/wp\/v2\/posts"}],"about":[{"href":"https:\/\/blogs.correio24horas.com.br\/mesalte\/wp-json\/wp\/v2\/types\/post"}],"author":[{"embeddable":true,"href":"https:\/\/blogs.correio24horas.com.br\/mesalte\/wp-json\/wp\/v2\/users\/2"}],"replies":[{"embeddable":true,"href":"https:\/\/blogs.correio24horas.com.br\/mesalte\/wp-json\/wp\/v2\/comments?post=16241"}],"version-history":[{"count":2,"href":"https:\/\/blogs.correio24horas.com.br\/mesalte\/wp-json\/wp\/v2\/posts\/16241\/revisions"}],"predecessor-version":[{"id":16386,"href":"https:\/\/blogs.correio24horas.com.br\/mesalte\/wp-json\/wp\/v2\/posts\/16241\/revisions\/16386"}],"wp:featuredmedia":[{"embeddable":true,"href":"https:\/\/blogs.correio24horas.com.br\/mesalte\/wp-json\/wp\/v2\/media\/16242"}],"wp:attachment":[{"href":"https:\/\/blogs.correio24horas.com.br\/mesalte\/wp-json\/wp\/v2\/media?parent=16241"}],"wp:term":[{"taxonomy":"category","embeddable":true,"href":"https:\/\/blogs.correio24horas.com.br\/mesalte\/wp-json\/wp\/v2\/categories?post=16241"},{"taxonomy":"post_tag","embeddable":true,"href":"https:\/\/blogs.correio24horas.com.br\/mesalte\/wp-json\/wp\/v2\/tags?post=16241"}],"curies":[{"name":"wp","href":"https:\/\/api.w.org\/{rel}","templated":true}]}}