{"id":16226,"date":"2018-07-18T07:47:00","date_gmt":"2018-07-18T10:47:00","guid":{"rendered":"http:\/\/blogs.correio24horas.com.br\/mesalte\/?p=16226"},"modified":"2018-07-18T07:47:14","modified_gmt":"2018-07-18T10:47:14","slug":"pabllo-vittar-fala-sobre-beijar-diplo-em-clipe-em-entrevista-para-revista-do-eua","status":"publish","type":"post","link":"https:\/\/blogs.correio24horas.com.br\/mesalte\/pabllo-vittar-fala-sobre-beijar-diplo-em-clipe-em-entrevista-para-revista-do-eua\/","title":{"rendered":"Pabllo Vittar fala sobre beijar Diplo em clipe em entrevista para revista do EUA"},"content":{"rendered":"<p>Pabllo Vittar \u00e9 a capa da revista americana Paper deste m\u00eas, que tem como especial o tema Orgulho LGBT. A cantora foi entrevistada por Charli XCX, e na conversa falou sobre seu pr\u00f3ximo \u00e1lbum, o cen\u00e1rio dos direitos para a popula\u00e7\u00e3o LGBT no Brasil e parcerias que j\u00e1 fez e gostaria de fazer.<\/p>\n<p>No ano passado, Pabllo lan\u00e7ou o clipe de Ent\u00e3o Vai, em colabora\u00e7\u00e3o com Diplo, no qual os dois se beijam. Charli questionou como foi esse beijo, e Pabllo contou detalhes: &#8220;Do meu ponto de vista, a boca de Diplo e a minha foram feitas uma para outra. Os l\u00e1bios dele s\u00e3o doces e macios, \u00e9 como se eu tivesse comido jambo, que \u00e9 uma fruta doce e deliciosa do Brasil Eu n\u00e3o tenho palavras&#8221;.<\/p>\n<p>Ela disse ainda que trabalhar com Diplo e Anitta em Sua Cara foi a realiza\u00e7\u00e3o de um sonho. &#8220;Eu adoro Anitta e Diplo. Desde que eu comecei, eu sempre quis colaborar com a Anitta. E eu sempre fui f\u00e3 do Major Lazer, isso n\u00e3o \u00e9 segredo. Eu o amei desde que eu comecei a fazer m\u00fasicas, ent\u00e3o quando eu tive a oportunidade de trabalhar com a Anitta para o \u00e1lbum do Major Lazer, foi como se eu estivesse realizando dois sonhos de uma vez. Foi incr\u00edvel. Estava muito quente l\u00e1, mas eu passaria por todo aquele calor e comeria toda aquela areia de novo, apenas para ficar perto do Diplo e trabalhar com a Anitta novamente&#8221;, contou Pabllo.<\/p>\n<p>Questionada sobre uma carreira internacional, Pabllo diz que ainda n\u00e3o considera estar preparada. &#8220;Eu estou muito focada agora no meu pr\u00f3ximo \u00e1lbum. Eu quero ir para o exterior para assistir a shows dos artistas que eu gosto, mas acho que me apresentar fora, s\u00f3 no ano que vem. Eu estou muito animada para levar minha m\u00fasica para lugares aonde eu ainda n\u00e3o fui&#8221;, falou.<\/p>\n<p>Pabllo tamb\u00e9m falou que se sente honrada em ser representante da comunidade LGBT. &#8220;Eu me sinto muito feliz, porque \u00e9 \u00f3timo representar a minha comunidade de uma maneira t\u00e3o grande, e n\u00f3s vivemos um dos tempos mais dif\u00edceis, e ser capaz de representar essa comunidade d\u00e1 for\u00e7a n\u00e3o apenas aos meus f\u00e3s, mas tamb\u00e9m a mim mesma, para continuar fazendo o trabalho que fazemos, que \u00e9 t\u00e3o importante. Fazer isso passa uma mensagem importante para as crian\u00e7as e adolescentes que est\u00e3o sofrendo, e sendo v\u00edtimas de bullying, como eu sofria na idade delas&#8221;.<\/p>\n<blockquote class=\"instagram-media\" style=\"background: #FFF; border: 0; border-radius: 3px; box-shadow: 0 0 1px 0 rgba(0,0,0,0.5),0 1px 10px 0 rgba(0,0,0,0.15); margin: 1px; max-width: 540px; min-width: 326px; padding: 0; width: calc(100% - 2px);\" data-instgrm-captioned=\"\" data-instgrm-permalink=\"https:\/\/www.instagram.com\/p\/BlTbDZ0Hmqu\/\" data-instgrm-version=\"9\">\n<div style=\"padding: 8px;\">\n<div style=\"background: #F8F8F8; line-height: 0; margin-top: 40px; padding: 50% 0; text-align: center; width: 100%;\"><\/div>\n<p style=\"margin: 8px 0 0 0; padding: 0 4px;\"><a style=\"color: #000; font-family: Arial,sans-serif; font-size: 14px; font-style: normal; font-weight: normal; line-height: 17px; text-decoration: none; word-wrap: break-word;\" href=\"https:\/\/www.instagram.com\/p\/BlTbDZ0Hmqu\/\" target=\"_blank\">Taste. The. Rainbow. @pabllovittar stunts on our final #PAPERPride cover! #linkinbio<\/a><\/p>\n<p style=\"color: #c9c8cd; font-family: Arial,sans-serif; font-size: 14px; line-height: 17px; margin-bottom: 0; margin-top: 8px; overflow: hidden; padding: 8px 0 7px; text-align: center; text-overflow: ellipsis; white-space: nowrap;\">Uma publica\u00e7\u00e3o compartilhada por <a style=\"color: #c9c8cd; font-family: Arial,sans-serif; font-size: 14px; font-style: normal; font-weight: normal; line-height: 17px;\" href=\"https:\/\/www.instagram.com\/papermagazine\/\" target=\"_blank\"> Paper Magazine<\/a> (@papermagazine) em <time style=\"font-family: Arial,sans-serif; font-size: 14px; line-height: 17px;\" datetime=\"2018-07-16T18:59:48+00:00\">16 de Jul, 2018 \u00e0s 11:59 PDT<\/time><\/p>\n<\/div>\n<\/blockquote>\n<p><script src=\"\/\/www.instagram.com\/embed.js\" async=\"\" defer=\"defer\"><\/script><\/p>\n","protected":false},"excerpt":{"rendered":"<p>Pabllo Vittar \u00e9 a capa da revista americana Paper deste m\u00eas, que tem como especial o tema Orgulho LGBT. A cantora foi entrevistada por Charli XCX, [&hellip;]<\/p>\n","protected":false},"author":2,"featured_media":16227,"comment_status":"open","ping_status":"open","sticky":false,"template":"","format":"image","meta":{"footnotes":""},"categories":[28,80],"tags":[1470],"class_list":["post-16226","post","type-post","status-publish","format-image","has-post-thumbnail","hentry","category-farofa-digital","category-home","tag-vittar","post_format-post-format-image"],"_links":{"self":[{"href":"https:\/\/blogs.correio24horas.com.br\/mesalte\/wp-json\/wp\/v2\/posts\/16226","targetHints":{"allow":["GET"]}}],"collection":[{"href":"https:\/\/blogs.correio24horas.com.br\/mesalte\/wp-json\/wp\/v2\/posts"}],"about":[{"href":"https:\/\/blogs.correio24horas.com.br\/mesalte\/wp-json\/wp\/v2\/types\/post"}],"author":[{"embeddable":true,"href":"https:\/\/blogs.correio24horas.com.br\/mesalte\/wp-json\/wp\/v2\/users\/2"}],"replies":[{"embeddable":true,"href":"https:\/\/blogs.correio24horas.com.br\/mesalte\/wp-json\/wp\/v2\/comments?post=16226"}],"version-history":[{"count":1,"href":"https:\/\/blogs.correio24horas.com.br\/mesalte\/wp-json\/wp\/v2\/posts\/16226\/revisions"}],"predecessor-version":[{"id":16228,"href":"https:\/\/blogs.correio24horas.com.br\/mesalte\/wp-json\/wp\/v2\/posts\/16226\/revisions\/16228"}],"wp:featuredmedia":[{"embeddable":true,"href":"https:\/\/blogs.correio24horas.com.br\/mesalte\/wp-json\/wp\/v2\/media\/16227"}],"wp:attachment":[{"href":"https:\/\/blogs.correio24horas.com.br\/mesalte\/wp-json\/wp\/v2\/media?parent=16226"}],"wp:term":[{"taxonomy":"category","embeddable":true,"href":"https:\/\/blogs.correio24horas.com.br\/mesalte\/wp-json\/wp\/v2\/categories?post=16226"},{"taxonomy":"post_tag","embeddable":true,"href":"https:\/\/blogs.correio24horas.com.br\/mesalte\/wp-json\/wp\/v2\/tags?post=16226"}],"curies":[{"name":"wp","href":"https:\/\/api.w.org\/{rel}","templated":true}]}}