{"id":16218,"date":"2018-07-12T10:22:36","date_gmt":"2018-07-12T13:22:36","guid":{"rendered":"http:\/\/blogs.correio24horas.com.br\/mesalte\/?p=16218"},"modified":"2018-07-12T10:23:28","modified_gmt":"2018-07-12T13:23:28","slug":"transgeneridade-mesa-redonda-debatera-aspectos-juridicos-psicologicos-e-espirituais","status":"publish","type":"post","link":"https:\/\/blogs.correio24horas.com.br\/mesalte\/transgeneridade-mesa-redonda-debatera-aspectos-juridicos-psicologicos-e-espirituais\/","title":{"rendered":"Transgeneridade: mesa redonda debater\u00e1 aspectos Jur\u00eddicos, psicol\u00f3gicos e espirituais"},"content":{"rendered":"<p>Com o objetivo de discutir as adversidades que permeiam a Transgeneridade, resultado de uma sociedade que ainda tem dificuldades em acolher as naturais diferen\u00e7as humanas, a Funda\u00e7\u00e3o Lar Harmonia promover\u00e1 o debate \u201cTransgeneridade: Aspectos Jur\u00eddicos, Psicol\u00f3gicos e Espirituais\u201d, no pr\u00f3ximo s\u00e1bado (14), \u00e0s 19h30, na sede da funda\u00e7\u00e3o, em Piat\u00e3, com a participa\u00e7\u00e3o da Desembargadora Gard\u00eania Duarte, da economista e pesquisadora Viviane Vergueiro, e do Psic\u00f3logo Cl\u00ednico Aden\u00e1uer Novaes, idealizador e diretor da institui\u00e7\u00e3o. O evento \u00e9 aberto ao p\u00fablico.<\/p>\n<div id=\"attachment_16220\" style=\"width: 1034px\" class=\"wp-caption aligncenter\"><img loading=\"lazy\" decoding=\"async\" aria-describedby=\"caption-attachment-16220\" class=\"size-large wp-image-16220\" src=\"https:\/\/blogs.correio24h.com.br\/mesalte\/wp-content\/uploads\/2018\/07\/debate-1024x765.jpg\" alt=\"Foto: Divulga\u00e7\u00e3o\" width=\"1024\" height=\"765\" srcset=\"https:\/\/blogs.correio24h.com.br\/mesalte\/wp-content\/uploads\/2018\/07\/debate-1024x765.jpg 1024w, https:\/\/blogs.correio24h.com.br\/mesalte\/wp-content\/uploads\/2018\/07\/debate-300x224.jpg 300w, https:\/\/blogs.correio24h.com.br\/mesalte\/wp-content\/uploads\/2018\/07\/debate-768x574.jpg 768w, https:\/\/blogs.correio24h.com.br\/mesalte\/wp-content\/uploads\/2018\/07\/debate-195x146.jpg 195w, https:\/\/blogs.correio24h.com.br\/mesalte\/wp-content\/uploads\/2018\/07\/debate-50x37.jpg 50w, https:\/\/blogs.correio24h.com.br\/mesalte\/wp-content\/uploads\/2018\/07\/debate-100x75.jpg 100w, https:\/\/blogs.correio24h.com.br\/mesalte\/wp-content\/uploads\/2018\/07\/debate.jpg 1280w\" sizes=\"auto, (max-width: 1024px) 100vw, 1024px\" \/><p id=\"caption-attachment-16220\" class=\"wp-caption-text\">Foto: Divulga\u00e7\u00e3o<\/p><\/div>\n<p>A mesa redonda faz parte das comemora\u00e7\u00f5es de anivers\u00e1rio do N\u00facleo Jur\u00eddico e de Cidadania Maria Terezinha Ferraz Freire de Novaes, que completa 13 anos. Na mesma data, o Tribunal de Justi\u00e7a do Estado da Bahia far\u00e1 a inaugura\u00e7\u00e3o do Centro de Treinamento de Cidadania, que integrar\u00e1 a Casa de Justi\u00e7a e de Cidadania, com funcionamento em parceria com a Funda\u00e7\u00e3o Lar Harmonia, um espa\u00e7o de presta\u00e7\u00e3o de servi\u00e7o \u00e0 sociedade destinado a capacita\u00e7\u00e3o do operador de direito, palestras e cursos para a comunidade, mutir\u00f5es relacionados a investiga\u00e7\u00e3o de paternidade e demais projetos vinculados ao Minist\u00e9rio P\u00fablico do Estado.<\/p>\n<p>Mesa Redonda \u201cTransgeneridade: Aspectos Jur\u00eddicos, Psicol\u00f3gicos e Espirituais\u201d.<br \/>\nAcesso: Aberto ao p\u00fablico.<br \/>\nData: 14 de julho de 2018<br \/>\nHor\u00e1rio: 19h30<br \/>\nLocal: Audit\u00f3rio Francisco C\u00e2ndido Xavier, na sede da Funda\u00e7\u00e3o Lar Harmonia. Rua Deputado Paulo Jackson, 560, Piat\u00e3.<\/p>\n","protected":false},"excerpt":{"rendered":"<p>Com o objetivo de discutir as adversidades que permeiam a Transgeneridade, resultado de uma sociedade que ainda tem dificuldades em acolher as naturais diferen\u00e7as humanas, a [&hellip;]<\/p>\n","protected":false},"author":1,"featured_media":4095,"comment_status":"open","ping_status":"open","sticky":false,"template":"","format":"image","meta":{"footnotes":""},"categories":[80,24],"tags":[],"class_list":["post-16218","post","type-post","status-publish","format-image","has-post-thumbnail","hentry","category-home","category-me-cuido","post_format-post-format-image"],"_links":{"self":[{"href":"https:\/\/blogs.correio24horas.com.br\/mesalte\/wp-json\/wp\/v2\/posts\/16218","targetHints":{"allow":["GET"]}}],"collection":[{"href":"https:\/\/blogs.correio24horas.com.br\/mesalte\/wp-json\/wp\/v2\/posts"}],"about":[{"href":"https:\/\/blogs.correio24horas.com.br\/mesalte\/wp-json\/wp\/v2\/types\/post"}],"author":[{"embeddable":true,"href":"https:\/\/blogs.correio24horas.com.br\/mesalte\/wp-json\/wp\/v2\/users\/1"}],"replies":[{"embeddable":true,"href":"https:\/\/blogs.correio24horas.com.br\/mesalte\/wp-json\/wp\/v2\/comments?post=16218"}],"version-history":[{"count":2,"href":"https:\/\/blogs.correio24horas.com.br\/mesalte\/wp-json\/wp\/v2\/posts\/16218\/revisions"}],"predecessor-version":[{"id":16221,"href":"https:\/\/blogs.correio24horas.com.br\/mesalte\/wp-json\/wp\/v2\/posts\/16218\/revisions\/16221"}],"wp:featuredmedia":[{"embeddable":true,"href":"https:\/\/blogs.correio24horas.com.br\/mesalte\/wp-json\/wp\/v2\/media\/4095"}],"wp:attachment":[{"href":"https:\/\/blogs.correio24horas.com.br\/mesalte\/wp-json\/wp\/v2\/media?parent=16218"}],"wp:term":[{"taxonomy":"category","embeddable":true,"href":"https:\/\/blogs.correio24horas.com.br\/mesalte\/wp-json\/wp\/v2\/categories?post=16218"},{"taxonomy":"post_tag","embeddable":true,"href":"https:\/\/blogs.correio24horas.com.br\/mesalte\/wp-json\/wp\/v2\/tags?post=16218"}],"curies":[{"name":"wp","href":"https:\/\/api.w.org\/{rel}","templated":true}]}}