{"id":15891,"date":"2018-06-22T16:19:58","date_gmt":"2018-06-22T19:19:58","guid":{"rendered":"http:\/\/blogs.correio24horas.com.br\/mesalte\/?p=15891"},"modified":"2018-06-22T18:16:11","modified_gmt":"2018-06-22T21:16:11","slug":"policial-militar-e-alvo-de-ataque-homofobico-apos-postar-foto-com-namorado-assista","status":"publish","type":"post","link":"https:\/\/blogs.correio24horas.com.br\/mesalte\/policial-militar-e-alvo-de-ataque-homofobico-apos-postar-foto-com-namorado-assista\/","title":{"rendered":"Policial Militar \u00e9 alvo de ataque homof\u00f3bico ap\u00f3s postar foto com namorado; assista"},"content":{"rendered":"<p>Uma foto carinhosa entre um casal causou alvoro\u00e7o nas redes sociais. Mais do que isso: deixou evidente a face cruel da homofobia.\u00a0O soldado da Pol\u00edcia Militar de Bras\u00edlia,<a href=\"https:\/\/www.instagram.com\/wallferrer\/\" target=\"_blank\"> Wallace Ferreira Pereira <\/a>e o seu\u00a0companheiro Mauro Ximenes foram alvos de ataques homof\u00f3bicos.\u00a0Em postagens publicadas no Facebook e repassadas em grupos de WhatsApp, um homem utiliza uma foto do servidor em exerc\u00edcio e outra com ele ao lado do namorado, e faz um comparativo com os antigos servidores da seguran\u00e7a p\u00fablica e os atuais.<\/p>\n<p><img loading=\"lazy\" decoding=\"async\" class=\"aligncenter size-full wp-image-15892\" src=\"https:\/\/blogs.correio24h.com.br\/mesalte\/wp-content\/uploads\/2018\/06\/SOLDADO-GAY.jpg\" alt=\"SOLDADO GAY\" width=\"518\" height=\"605\" srcset=\"https:\/\/blogs.correio24h.com.br\/mesalte\/wp-content\/uploads\/2018\/06\/SOLDADO-GAY.jpg 518w, https:\/\/blogs.correio24h.com.br\/mesalte\/wp-content\/uploads\/2018\/06\/SOLDADO-GAY-257x300.jpg 257w, https:\/\/blogs.correio24h.com.br\/mesalte\/wp-content\/uploads\/2018\/06\/SOLDADO-GAY-125x146.jpg 125w, https:\/\/blogs.correio24h.com.br\/mesalte\/wp-content\/uploads\/2018\/06\/SOLDADO-GAY-43x50.jpg 43w, https:\/\/blogs.correio24h.com.br\/mesalte\/wp-content\/uploads\/2018\/06\/SOLDADO-GAY-64x75.jpg 64w\" sizes=\"auto, (max-width: 518px) 100vw, 518px\" \/><\/p>\n<p>\u201cAntigamente s\u00f3 tinha PM barrigud\u00e3o que comia PF de arroz com feij\u00e3o e torresmo naqueles botequins p\u00e9 sujo. A\u00ed a PM come\u00e7ou a exigir faculdade e come\u00e7aram a chegar uns caras que n\u00e3o comem carne gordurosa porque faz mal, s\u00f3 bebem suco Detox e acham que t\u00eam a bunda mais bonita que a das mulheres. S\u00f3 podia dar nisso\u201d, escreveu o internauta.<\/p>\n<p>&nbsp;<\/p>\n<p>Em um video publicado no seu perfil do Instagram, o PM se manifestou informando que tomar\u00e1 provid\u00eancias sobre as agress\u00f5es.\u00a0\u201cNada vai ficar em v\u00e3o. Isso n\u00e3o vai prejudicar minha, vida, minha rotina. Mas o que aconteceu comigo, pode acontecer com qualquer outro. Isso n\u00e3o pode ficar impune. O resultado vai ser muito ruim para quem come\u00e7ou isso e para quem est\u00e1 compartilhando\u201d.<\/p>\n<p>Wallace\u00a0integra o 9\u00ba Batalh\u00e3o da Pol\u00edcia Militar do Esp\u00edrito Santo, mas est\u00e1 cedido \u00e0 For\u00e7a Nacional de Seguran\u00e7a em Bras\u00edlia.<\/p>\n<blockquote class=\"instagram-media\" style=\"background: #FFF; border: 0; border-radius: 3px; box-shadow: 0 0 1px 0 rgba(0,0,0,0.5),0 1px 10px 0 rgba(0,0,0,0.15); margin: 1px; max-width: 658px; padding: 0; width: calc(100% - 2px);\" data-instgrm-captioned=\"\" data-instgrm-permalink=\"https:\/\/www.instagram.com\/p\/BkQ0zm1npJk\/\" data-instgrm-version=\"8\">\n<div style=\"padding: 8px;\">\n<div style=\"background: #F8F8F8; line-height: 0; margin-top: 40px; padding: 50.0% 0; text-align: center; width: 100%;\"><\/div>\n<p style=\"margin: 8px 0 0 0; padding: 0 4px;\"><a style=\"color: #000; font-family: Arial,sans-serif; font-size: 14px; font-style: normal; font-weight: normal; line-height: 17px; text-decoration: none; word-wrap: break-word;\" href=\"https:\/\/www.instagram.com\/p\/BkQ0zm1npJk\/\" target=\"_blank\">Aviso pra todos! E desde j\u00e1 agrade\u00e7o o apoio de todos! #nadavaiseremvao #atitudeseconsequencias<\/a><\/p>\n<p style=\"color: #c9c8cd; font-family: Arial,sans-serif; font-size: 14px; line-height: 17px; margin-bottom: 0; margin-top: 8px; overflow: hidden; padding: 8px 0 7px; text-align: center; text-overflow: ellipsis; white-space: nowrap;\">Uma publica\u00e7\u00e3o compartilhada por <a style=\"color: #c9c8cd; font-family: Arial,sans-serif; font-size: 14px; font-style: normal; font-weight: normal; line-height: 17px;\" href=\"https:\/\/www.instagram.com\/wallferrer\/\" target=\"_blank\"> Wallace Ferreira<\/a> (@wallferrer) em <time style=\"font-family: Arial,sans-serif; font-size: 14px; line-height: 17px;\" datetime=\"2018-06-20T22:17:19+00:00\">20 de Jun, 2018 \u00e0s 3:17 PDT<\/time><\/p>\n<\/div>\n<\/blockquote>\n<p><script src=\"\/\/www.instagram.com\/embed.js\" async=\"\" defer=\"defer\"><\/script><\/p>\n<p>Al\u00e9m da foto do militar com o namorado choveram coment\u00e1rios preconceituosos em outras imagens postadas pelo PM onde ele aparece de sunga. &#8220;Que absurdo. Uma mancha na nossa farda&#8221;, postou um usu\u00e1rio do Twitter. Apesar das cr\u00edticas, o militar e o namorado tamb\u00e9m receberam elogios e mensagens de apoio. &#8220;Que casal lindo. Continuem firmes. Mostre o que voc\u00ea quiser&#8221;, escreveu um usu\u00e1rio do Instagram.<\/p>\n<p><img loading=\"lazy\" decoding=\"async\" class=\"aligncenter size-large wp-image-15894\" src=\"https:\/\/blogs.correio24h.com.br\/mesalte\/wp-content\/uploads\/2018\/06\/foto-pm-1024x1024.jpg\" alt=\"foto pm\" width=\"1024\" height=\"1024\" srcset=\"https:\/\/blogs.correio24h.com.br\/mesalte\/wp-content\/uploads\/2018\/06\/foto-pm-1024x1024.jpg 1024w, https:\/\/blogs.correio24h.com.br\/mesalte\/wp-content\/uploads\/2018\/06\/foto-pm-150x150.jpg 150w, https:\/\/blogs.correio24h.com.br\/mesalte\/wp-content\/uploads\/2018\/06\/foto-pm-300x300.jpg 300w, https:\/\/blogs.correio24h.com.br\/mesalte\/wp-content\/uploads\/2018\/06\/foto-pm-768x768.jpg 768w, https:\/\/blogs.correio24h.com.br\/mesalte\/wp-content\/uploads\/2018\/06\/foto-pm-146x146.jpg 146w, https:\/\/blogs.correio24h.com.br\/mesalte\/wp-content\/uploads\/2018\/06\/foto-pm-50x50.jpg 50w, https:\/\/blogs.correio24h.com.br\/mesalte\/wp-content\/uploads\/2018\/06\/foto-pm-80x80.jpg 80w, https:\/\/blogs.correio24h.com.br\/mesalte\/wp-content\/uploads\/2018\/06\/foto-pm-75x75.jpg 75w, https:\/\/blogs.correio24h.com.br\/mesalte\/wp-content\/uploads\/2018\/06\/foto-pm-85x85.jpg 85w, https:\/\/blogs.correio24h.com.br\/mesalte\/wp-content\/uploads\/2018\/06\/foto-pm.jpg 1080w\" sizes=\"auto, (max-width: 1024px) 100vw, 1024px\" \/><\/p>\n<p>&nbsp;<\/p>\n","protected":false},"excerpt":{"rendered":"<p>Uma foto carinhosa entre um casal causou alvoro\u00e7o nas redes sociais. Mais do que isso: deixou evidente a face cruel da homofobia.\u00a0O soldado da Pol\u00edcia Militar [&hellip;]<\/p>\n","protected":false},"author":1,"featured_media":15893,"comment_status":"open","ping_status":"open","sticky":false,"template":"","format":"image","meta":{"footnotes":""},"categories":[80,11],"tags":[],"class_list":["post-15891","post","type-post","status-publish","format-image","has-post-thumbnail","hentry","category-home","category-me-informo","post_format-post-format-image"],"_links":{"self":[{"href":"https:\/\/blogs.correio24horas.com.br\/mesalte\/wp-json\/wp\/v2\/posts\/15891","targetHints":{"allow":["GET"]}}],"collection":[{"href":"https:\/\/blogs.correio24horas.com.br\/mesalte\/wp-json\/wp\/v2\/posts"}],"about":[{"href":"https:\/\/blogs.correio24horas.com.br\/mesalte\/wp-json\/wp\/v2\/types\/post"}],"author":[{"embeddable":true,"href":"https:\/\/blogs.correio24horas.com.br\/mesalte\/wp-json\/wp\/v2\/users\/1"}],"replies":[{"embeddable":true,"href":"https:\/\/blogs.correio24horas.com.br\/mesalte\/wp-json\/wp\/v2\/comments?post=15891"}],"version-history":[{"count":4,"href":"https:\/\/blogs.correio24horas.com.br\/mesalte\/wp-json\/wp\/v2\/posts\/15891\/revisions"}],"predecessor-version":[{"id":15900,"href":"https:\/\/blogs.correio24horas.com.br\/mesalte\/wp-json\/wp\/v2\/posts\/15891\/revisions\/15900"}],"wp:featuredmedia":[{"embeddable":true,"href":"https:\/\/blogs.correio24horas.com.br\/mesalte\/wp-json\/wp\/v2\/media\/15893"}],"wp:attachment":[{"href":"https:\/\/blogs.correio24horas.com.br\/mesalte\/wp-json\/wp\/v2\/media?parent=15891"}],"wp:term":[{"taxonomy":"category","embeddable":true,"href":"https:\/\/blogs.correio24horas.com.br\/mesalte\/wp-json\/wp\/v2\/categories?post=15891"},{"taxonomy":"post_tag","embeddable":true,"href":"https:\/\/blogs.correio24horas.com.br\/mesalte\/wp-json\/wp\/v2\/tags?post=15891"}],"curies":[{"name":"wp","href":"https:\/\/api.w.org\/{rel}","templated":true}]}}