{"id":15885,"date":"2018-06-22T10:09:30","date_gmt":"2018-06-22T13:09:30","guid":{"rendered":"http:\/\/blogs.correio24horas.com.br\/mesalte\/?p=15885"},"modified":"2018-06-22T10:15:22","modified_gmt":"2018-06-22T13:15:22","slug":"com-campanha-para-o-grupo-gay-da-bahia-agencia-baiana-propeg-ganha-premio-em-cannes","status":"publish","type":"post","link":"https:\/\/blogs.correio24horas.com.br\/mesalte\/com-campanha-para-o-grupo-gay-da-bahia-agencia-baiana-propeg-ganha-premio-em-cannes\/","title":{"rendered":"Com campanha para o Grupo Gay da Bahia, ag\u00eancia\u00a0baiana Propeg ganha pr\u00eamio em Cannes"},"content":{"rendered":"<p>Pela primeira vez na hist\u00f3ria a ag\u00eancia Propeg ganhou a maior\u00a0premia\u00e7\u00e3o da publicidade do mundo: o\u00a0Cannes Lions.\u00a0A hist\u00f3ria de C\u00e9sar Sant\u2019anna, um homem trans que gerou seu filho antes de fazer a transi\u00e7\u00e3o, foi a inspira\u00e7\u00e3o do\u00a0Grupo Gay da Bahia (GGB) para a campanha 2017 pelo dia dos pais. <a href=\"https:\/\/blogs.correio24horas.com.br\/mesalte\/homem-trans-que-gerou-filho-faz-video-de-campanha-sobre-dia-dos-pais-assista\/\" target=\"_blank\">O v\u00eddeo \u00a0\u201cO primeiro Dia dos Pais de C\u00e9sar\u201d conquistou nesta sexta-feira (22) a premia\u00e7\u00e3o que aconteceu na Fran\u00e7a.<\/a><\/p>\n<p>&#8220;Essa \u00e9 a primeira vez que conquistamos essa premia\u00e7\u00e3o que \u00e9 a mais importante do mundo da propaganda. A campanha traz uma veracidade de uma hist\u00f3ria real. Acho que o tema vai ser cada vez mais atual. Todos os grandes anunciantes hoje est\u00e3o dialogando com essa tem\u00e1tica e atingimos esse reconhecimento&#8221;, afirma Michele Estevez, diretora de atendimento da Propeg.<\/p>\n<p>A campanha, que tem 2 minutos, \u00a0foi criada pela\u00a0ag\u00eancia Propeg.\u00a0No filme, a cumplicidade entre pai e filho \u00e9 narrada do ponto de vista da crian\u00e7a. Ao final, surge a revela\u00e7\u00e3o de que o pai, C\u00e9sar Sant\u2019anna, deu \u00e0 luz em 2005, antes de fazer a transi\u00e7\u00e3o. Somente depois da gesta\u00e7\u00e3o que C\u00e9sar \u00a0enfrentou o processo de transi\u00e7\u00e3o de g\u00eanero.<\/p>\n<p>O presidente do GGB, Marcelo Cerqueira, comemorou a conquista como uma ferramenta de visibilizar a causa das pessoas trans. &#8220;\u00c9 um reconhecimento internacional do GGB e da Propeg. Isso coloca a quest\u00e3o das\u00a0 pessoas trans em aten\u00e7\u00e3o e com uma visibilidade t\u00e3o necess\u00e1ria nesses momentos dif\u00edceis que vivemos.\u00a0<span style=\"font-weight: 400;\">\u201c\u00c9 muito incr\u00edvel para uma ONG com a nossa que \u00e9 t\u00e3o discriminada ter um reconhecimento mundial. \u00c9 bom que as pessoas vejam que fazemos coisas com qualidade&#8221;, afirmou Marcelo.\u00a0<\/span><\/p>\n<p><span style=\"font-weight: 400;\">As ag\u00eancias brasileiras emplacaram seis finalistas no shortlist de Film no Cannes Lions deste ano. \u00a0A F\/Nazca teve duas indica\u00e7\u00f5es este ano com &#8220;The Race&#8221; para Sadia e &#8220;Anthrophagy&#8221; para Pinacoteca de S\u00e3o Paulo. A Y&amp;R tamb\u00e9m teve dois \u00a0trabalhos no shortlist: &#8220;Help &#8211; Cliff&#8221; para Athosgls e &#8220;Astronauts 45&#8221; para Cepia. A Propeg classificou &#8220;True Colors&#8221; para Grupo Gay da Bahia e a AlmapBBDO com &#8220;Endless Stories&#8221; para Getty Images. <\/span><\/p>\n<p>&nbsp;<\/p>\n<div class=\"section the_content has_content\">\n<div class=\"section_wrapper\">\n<div class=\"the_content_wrapper\">\n<p><strong>O que s\u00e3o pessoas transg\u00eaneras?<\/strong><br \/>\nPessoas transg\u00eanero s\u00e3o aquelas que n\u00e3o se identificam com o g\u00eanero com o qual nasceram. A partir do momento em que decidem passar pela fase de transi\u00e7\u00e3o, enfrentam uma verdadeira luta para terem sua identidade admitida e respeitada. Al\u00e9m do risco da viol\u00eancia, elas sofrem a exclus\u00e3o do mercado de trabalho, al\u00e9m de, em muitos casos, serem incompreendidas e rejeitadas por familiares e amigos.<\/p>\n<p>Assista o filme e se emocione e compartilhe!<\/p>\n<p><iframe loading=\"lazy\" src=\"https:\/\/www.youtube.com\/embed\/IM0PmibPUds\" width=\"560\" height=\"315\" frameborder=\"0\" allowfullscreen=\"allowfullscreen\"><\/iframe><\/p>\n<p>&nbsp;<\/p>\n<p><strong>Ficha T\u00e9cnica<\/strong><br \/>\nCampanha: True Colors<br \/>\nAg\u00eancia: Propeg<br \/>\nCliente: GGB \u2013 Grupo Gay da Bahia<br \/>\nCCO: Emerson Braga<br \/>\nDiretor de Cria\u00e7\u00e3o Executivo: Fabiano Ribeiro<br \/>\nDire\u00e7\u00e3o de Cria\u00e7\u00e3o: Bertone Balduino, V\u00edtor Barros<br \/>\nHead of Art: Luiz Celestino<br \/>\nCria\u00e7\u00e3o: Emerson Braga, Rafael Damy, V\u00edtor Barros, Bertone Balduino, Vinicius Oliveira, Thiago Machado.<br \/>\nVP Atendimento e Gest\u00e3o: Vitor Barros<br \/>\nAtendimento: Michele Estevez<br \/>\nDiretora Nacional de M\u00eddia: Fatima Rendeiro<br \/>\nM\u00eddia: Malu Melo<br \/>\nProdu\u00e7\u00e3o RTV: Juliana Leonelli, Ta\u00eds Carvalho<br \/>\nPlanejamento: Melina Romariz<br \/>\nProdutora filme: Vapt Filmes<br \/>\nDire\u00e7\u00e3o de cena: Rafael Damy<br \/>\nAssistente de dire\u00e7\u00e3o: B\u00e1rbara Aranega<br \/>\nDire\u00e7\u00e3o de Fotografia: Bruno Tiezzi e Thiago Cauduro<br \/>\nProdu\u00e7\u00e3o Executiva: Edgard Soares<br \/>\nAtendimento: Paula Librandi e Felipe Costa<br \/>\nAssistente Atendimento: Carla Zulu<br \/>\nMontador: Alan Porciuncula<br \/>\nProdutora de \u00c1udio: Lira Musica<br \/>\nCoordena\u00e7\u00e3o de Produ\u00e7\u00e3o: Ana Paula Domingues<br \/>\nDire\u00e7\u00e3o de produ\u00e7\u00e3o: Jana\u00edna Mesquita<br \/>\nAssistentes de produ\u00e7\u00e3o: Marco Fiore e Sabrina Lippi<br \/>\nDire\u00e7\u00e3o de arte: Luiz Henrique Pinto e Kelly Hayd<br \/>\nProdu\u00e7\u00e3o de objetos: Patricia Di Giorgio<br \/>\nFigurinista: Fernanda Gunutzman<br \/>\nMaquiagem: Miriam Kanno<br \/>\nProdu\u00e7\u00e3o de Casting: Vivi Sim\u00f5es e Rodrigo Correia<br \/>\nAprova\u00e7\u00e3o Cliente: Marcelo Ferreira de Cerqueira\u2060\u2060\u2060\u2060<\/p>\n<\/div>\n<\/div>\n<\/div>\n<div class=\"section section-post-footer\"><\/div>\n<div class=\"section section-post-about\"><\/div>\n","protected":false},"excerpt":{"rendered":"<p>Pela primeira vez na hist\u00f3ria a ag\u00eancia Propeg ganhou a maior\u00a0premia\u00e7\u00e3o da publicidade do mundo: o\u00a0Cannes Lions.\u00a0A hist\u00f3ria de C\u00e9sar Sant\u2019anna, um homem trans que gerou [&hellip;]<\/p>\n","protected":false},"author":1,"featured_media":11982,"comment_status":"open","ping_status":"open","sticky":false,"template":"","format":"image","meta":{"footnotes":""},"categories":[80,9],"tags":[],"class_list":["post-15885","post","type-post","status-publish","format-image","has-post-thumbnail","hentry","category-home","category-me-orgulho","post_format-post-format-image"],"_links":{"self":[{"href":"https:\/\/blogs.correio24horas.com.br\/mesalte\/wp-json\/wp\/v2\/posts\/15885","targetHints":{"allow":["GET"]}}],"collection":[{"href":"https:\/\/blogs.correio24horas.com.br\/mesalte\/wp-json\/wp\/v2\/posts"}],"about":[{"href":"https:\/\/blogs.correio24horas.com.br\/mesalte\/wp-json\/wp\/v2\/types\/post"}],"author":[{"embeddable":true,"href":"https:\/\/blogs.correio24horas.com.br\/mesalte\/wp-json\/wp\/v2\/users\/1"}],"replies":[{"embeddable":true,"href":"https:\/\/blogs.correio24horas.com.br\/mesalte\/wp-json\/wp\/v2\/comments?post=15885"}],"version-history":[{"count":4,"href":"https:\/\/blogs.correio24horas.com.br\/mesalte\/wp-json\/wp\/v2\/posts\/15885\/revisions"}],"predecessor-version":[{"id":15890,"href":"https:\/\/blogs.correio24horas.com.br\/mesalte\/wp-json\/wp\/v2\/posts\/15885\/revisions\/15890"}],"wp:featuredmedia":[{"embeddable":true,"href":"https:\/\/blogs.correio24horas.com.br\/mesalte\/wp-json\/wp\/v2\/media\/11982"}],"wp:attachment":[{"href":"https:\/\/blogs.correio24horas.com.br\/mesalte\/wp-json\/wp\/v2\/media?parent=15885"}],"wp:term":[{"taxonomy":"category","embeddable":true,"href":"https:\/\/blogs.correio24horas.com.br\/mesalte\/wp-json\/wp\/v2\/categories?post=15885"},{"taxonomy":"post_tag","embeddable":true,"href":"https:\/\/blogs.correio24horas.com.br\/mesalte\/wp-json\/wp\/v2\/tags?post=15885"}],"curies":[{"name":"wp","href":"https:\/\/api.w.org\/{rel}","templated":true}]}}