{"id":15879,"date":"2018-06-18T11:42:09","date_gmt":"2018-06-18T14:42:09","guid":{"rendered":"http:\/\/blogs.correio24horas.com.br\/mesalte\/?p=15879"},"modified":"2018-06-18T12:02:59","modified_gmt":"2018-06-18T15:02:59","slug":"grupo-san-sebastian-anuncia-novos-socios-para-a-boate-san-no-rio-vermelho","status":"publish","type":"post","link":"https:\/\/blogs.correio24horas.com.br\/mesalte\/grupo-san-sebastian-anuncia-novos-socios-para-a-boate-san-no-rio-vermelho\/","title":{"rendered":"Grupo San Sebastian anuncia novos s\u00f3cios para a boate SAN, no Rio Vermelho"},"content":{"rendered":"<p>O Grupo San Sebastian anunciou nesta segunda-feira (18)\u00a0 mudan\u00e7as no quadro societ\u00e1rio de sua principal casa, a SAN &#8211; que passa a utilizar nova marca a partir do dia 6 de julho, quando inaugura sua nova sede, na Rua Conselheiro Pedro Luiz, no Rio Vermelho.<\/p>\n<p>Os diretores do grupo, os empres\u00e1rios Jos\u00e9 Augusto Vasconcelos e Andr\u00e9 Gagliano, passam a contar com os s\u00f3cios Andr\u00e9 Paranhos, Pedro Sarkis e Ana Julieta, \u00e0 frente exclusivamente da SAN.<\/p>\n<p>O trio ficar\u00e1 respons\u00e1vel principalmente pela nova programa\u00e7\u00e3o da casa e apresenta\u00e7\u00e3o e produ\u00e7\u00e3o dos novos selos, que continuar\u00e3o buscando conectar os diferentes clientes atrav\u00e9s da m\u00fasica, &#8220;arma&#8221; com for\u00e7a para destruir r\u00f3tulos e derrubar muros entre quem a ouve.<\/p>\n<p>&#8220;O Grupo San Sebastian vem crescendo em todo o Brasil, com grandes festas e projetos dentro e fora de Salvador. De S\u00e3o Paulo ao Rio Grande do Norte, a marca ganhou destaque e \u00e9 celebrada com muito respeito, o que s\u00f3 vem nos demandando mais tempo e dedica\u00e7\u00e3o. Por isso, achamos que era chegado o momento de trazer para perto da gente novos nomes da cena local, que cuidem com o mesmo carinho da SAN, onde todo esse sonho nasceu&#8221;, explica Jos\u00e9 Augusto.<\/p>\n<p>&#8220;A gente est\u00e1 muito feliz em integrar a equipe da SAN e estamos animados com o desafio de dar continuidade ao projeto, que sempre foi enxergado como um case de sucesso por quem faz a noite de Salvador. A SAN n\u00e3o muda sua ess\u00eancia, apenas refor\u00e7ar\u00e1 sua proposta de reunir diferentes p\u00fablicos, juntar pessoas que pensam e agem diferente, mas com respeito, em torno do que a noite pode oferecer de melhor, que \u00e9 a boa m\u00fasica&#8221;, resume Andr\u00e9 Paranhos.<\/p>\n<p>A nova sede da casa noturna ser\u00e1 inaugurada no fim de semana de 6 e 7 de julho, na conhecida Pir\u00e2mide do Rio Vermelho, onde passa a dividir espa\u00e7o com a Amsterdam RV (tamb\u00e9m marca do Grupo San Sebastian), com programa\u00e7\u00e3o especial, que ser\u00e1 anunciada em breve.<\/p>\n","protected":false},"excerpt":{"rendered":"<p>O Grupo San Sebastian anunciou nesta segunda-feira (18)\u00a0 mudan\u00e7as no quadro societ\u00e1rio de sua principal casa, a SAN &#8211; que passa a utilizar nova marca a [&hellip;]<\/p>\n","protected":false},"author":1,"featured_media":15880,"comment_status":"open","ping_status":"open","sticky":false,"template":"","format":"image","meta":{"footnotes":""},"categories":[28,80],"tags":[],"class_list":["post-15879","post","type-post","status-publish","format-image","has-post-thumbnail","hentry","category-farofa-digital","category-home","post_format-post-format-image"],"_links":{"self":[{"href":"https:\/\/blogs.correio24horas.com.br\/mesalte\/wp-json\/wp\/v2\/posts\/15879","targetHints":{"allow":["GET"]}}],"collection":[{"href":"https:\/\/blogs.correio24horas.com.br\/mesalte\/wp-json\/wp\/v2\/posts"}],"about":[{"href":"https:\/\/blogs.correio24horas.com.br\/mesalte\/wp-json\/wp\/v2\/types\/post"}],"author":[{"embeddable":true,"href":"https:\/\/blogs.correio24horas.com.br\/mesalte\/wp-json\/wp\/v2\/users\/1"}],"replies":[{"embeddable":true,"href":"https:\/\/blogs.correio24horas.com.br\/mesalte\/wp-json\/wp\/v2\/comments?post=15879"}],"version-history":[{"count":4,"href":"https:\/\/blogs.correio24horas.com.br\/mesalte\/wp-json\/wp\/v2\/posts\/15879\/revisions"}],"predecessor-version":[{"id":15884,"href":"https:\/\/blogs.correio24horas.com.br\/mesalte\/wp-json\/wp\/v2\/posts\/15879\/revisions\/15884"}],"wp:featuredmedia":[{"embeddable":true,"href":"https:\/\/blogs.correio24horas.com.br\/mesalte\/wp-json\/wp\/v2\/media\/15880"}],"wp:attachment":[{"href":"https:\/\/blogs.correio24horas.com.br\/mesalte\/wp-json\/wp\/v2\/media?parent=15879"}],"wp:term":[{"taxonomy":"category","embeddable":true,"href":"https:\/\/blogs.correio24horas.com.br\/mesalte\/wp-json\/wp\/v2\/categories?post=15879"},{"taxonomy":"post_tag","embeddable":true,"href":"https:\/\/blogs.correio24horas.com.br\/mesalte\/wp-json\/wp\/v2\/tags?post=15879"}],"curies":[{"name":"wp","href":"https:\/\/api.w.org\/{rel}","templated":true}]}}