{"id":15876,"date":"2018-06-18T11:18:03","date_gmt":"2018-06-18T14:18:03","guid":{"rendered":"http:\/\/blogs.correio24horas.com.br\/mesalte\/?p=15876"},"modified":"2018-06-18T11:18:03","modified_gmt":"2018-06-18T14:18:03","slug":"familia-real-britanica-tera-primeiro-casamento-gay-da-historia-em-setembro","status":"publish","type":"post","link":"https:\/\/blogs.correio24horas.com.br\/mesalte\/familia-real-britanica-tera-primeiro-casamento-gay-da-historia-em-setembro\/","title":{"rendered":"Fam\u00edlia real brit\u00e2nica ter\u00e1 primeiro casamento gay da hist\u00f3ria em setembro"},"content":{"rendered":"<p>O lorde Ivar Mountbatten, primo da rainha Elizabeth II, vai se casar com o diretor de servi\u00e7os a\u00e9reos James Coyle em uma capela privada em Devon, na Inglaterra, marcando o primeiro casamento gay da hist\u00f3ria da fam\u00edlia real brit\u00e2nica. A cerim\u00f4nia deve ocorrer em setembro.<\/p>\n<p>Ivar se assumiu gay em 2016, anos depois de ter se divorciado de Penny. \u201c\u00c9 um casamento muito moderno. N\u00e3o houve um pedido, apenas a aceita\u00e7\u00e3o desse grande amor\u201d, disse ele ao DailyMail.<\/p>\n<p>Inclusive, \u00e9 Penny que vai levar Ivar ao altar, uma ideia que, segundo ela, foi dada pelos filhos do ex-casal: Ella, de 22 anos, Alix, de 20, e Luli, de 15 anos. \u201cMe deixa bem emocionado. Eu estou muito tocada\u201d, disse Penny ao receber o convite para lev\u00e1-lo ao altar.<\/p>\n","protected":false},"excerpt":{"rendered":"<p>O lorde Ivar Mountbatten, primo da rainha Elizabeth II, vai se casar com o diretor de servi\u00e7os a\u00e9reos James Coyle em uma capela privada em Devon, [&hellip;]<\/p>\n","protected":false},"author":1,"featured_media":15877,"comment_status":"open","ping_status":"open","sticky":false,"template":"","format":"image","meta":{"footnotes":""},"categories":[80,11],"tags":[],"class_list":["post-15876","post","type-post","status-publish","format-image","has-post-thumbnail","hentry","category-home","category-me-informo","post_format-post-format-image"],"_links":{"self":[{"href":"https:\/\/blogs.correio24horas.com.br\/mesalte\/wp-json\/wp\/v2\/posts\/15876","targetHints":{"allow":["GET"]}}],"collection":[{"href":"https:\/\/blogs.correio24horas.com.br\/mesalte\/wp-json\/wp\/v2\/posts"}],"about":[{"href":"https:\/\/blogs.correio24horas.com.br\/mesalte\/wp-json\/wp\/v2\/types\/post"}],"author":[{"embeddable":true,"href":"https:\/\/blogs.correio24horas.com.br\/mesalte\/wp-json\/wp\/v2\/users\/1"}],"replies":[{"embeddable":true,"href":"https:\/\/blogs.correio24horas.com.br\/mesalte\/wp-json\/wp\/v2\/comments?post=15876"}],"version-history":[{"count":1,"href":"https:\/\/blogs.correio24horas.com.br\/mesalte\/wp-json\/wp\/v2\/posts\/15876\/revisions"}],"predecessor-version":[{"id":15878,"href":"https:\/\/blogs.correio24horas.com.br\/mesalte\/wp-json\/wp\/v2\/posts\/15876\/revisions\/15878"}],"wp:featuredmedia":[{"embeddable":true,"href":"https:\/\/blogs.correio24horas.com.br\/mesalte\/wp-json\/wp\/v2\/media\/15877"}],"wp:attachment":[{"href":"https:\/\/blogs.correio24horas.com.br\/mesalte\/wp-json\/wp\/v2\/media?parent=15876"}],"wp:term":[{"taxonomy":"category","embeddable":true,"href":"https:\/\/blogs.correio24horas.com.br\/mesalte\/wp-json\/wp\/v2\/categories?post=15876"},{"taxonomy":"post_tag","embeddable":true,"href":"https:\/\/blogs.correio24horas.com.br\/mesalte\/wp-json\/wp\/v2\/tags?post=15876"}],"curies":[{"name":"wp","href":"https:\/\/api.w.org\/{rel}","templated":true}]}}