{"id":15872,"date":"2018-06-18T11:10:53","date_gmt":"2018-06-18T14:10:53","guid":{"rendered":"http:\/\/blogs.correio24horas.com.br\/mesalte\/?p=15872"},"modified":"2018-06-18T11:10:53","modified_gmt":"2018-06-18T14:10:53","slug":"onu-pede-acao-para-erradicar-preconceito-contra-lgbts","status":"publish","type":"post","link":"https:\/\/blogs.correio24horas.com.br\/mesalte\/onu-pede-acao-para-erradicar-preconceito-contra-lgbts\/","title":{"rendered":"ONU pede a\u00e7\u00e3o para erradicar preconceito contra LGBTs"},"content":{"rendered":"<p>Um especialista em direitos humanos da Organiza\u00e7\u00e3o das Na\u00e7\u00f5es Unidas\u00a0(ONU) pediu nesta segunda-feira (18) a todos os Estados-membros que tomem &#8220;a\u00e7\u00f5es urgentes&#8221; para erradicar a viol\u00eancia e discrimina\u00e7\u00e3o contra a\u00a0comunidade LGBT (L\u00e9sbicas, Gays, Bissexuais, Travestis, Transexuais e Transg\u00eaneros).<\/p>\n<p>Assim armou o novo relator especial da ONU para a prote\u00e7\u00e3o contra a viol\u00eancia e a discrimina\u00e7\u00e3o baseada na orienta\u00e7\u00e3o de g\u00eanero e identidade sexual, Victor Madrigal-Borloz, em seu primeiro discurso social perante a 38\u00aa sess\u00e3o do Conselho de Direitos Humanos da ONU, que come\u00e7ou hoje em Genebra.<\/p>\n<p>&#8220;A cada dia milh\u00f5es de l\u00e9sbicas, gays, bissexuais, transexuais e pessoas com\u00a0outras identidades sexuais s\u00e3o submetidas a a\u00e7\u00f5es de grande crueldade unicamente baseadas em quem s\u00e3o ou ao que desejam ser&#8221;, sustentou Madrigal-Borloz.<\/p>\n<p>Neste sentido, defendeu que &#8220;se opor a criar a\u00e7\u00f5es para proteger este coletivo dessa a l\u00f3gica e qualquer justificativa&#8221;. O relator opinou que o estigma e os preconceitos, refor\u00e7ados por leis e\u00a0regula\u00e7\u00f5es discriminat\u00f3rias, s\u00e3o &#8220;a raiz&#8221; da viol\u00eancia e da discrimina\u00e7\u00e3o e garantiu que &#8220;nenhum pa\u00eds e nem regi\u00e3o do mundo est\u00e3o isentas desta praga&#8221;<\/p>\n<p>O especialista denunciou que mais de 3 bilh\u00f5es de pessoas vivem em pa\u00edses\u00a0nos quais as leis ou outras medidas criminalizam seus cidad\u00e3os pela sua\u00a0orienta\u00e7\u00e3o sexual, por isso que considera que o reconhecimento do problema\u00a0e a ado\u00e7\u00e3o de medidas efetivas comportariam uma &#8220;diferen\u00e7a significativa&#8221;.\u00a0Por isso, pediu a todos os membros das Na\u00e7\u00f5es Unidas que escutem o<br \/>\ntestemunho de pessoas afetadas pela discrimina\u00e7\u00e3o e que &#8220;empreendam\u00a0a\u00e7\u00f5es&#8221;.<\/p>\n<p><em>Da Ag\u00eancia Brasil<\/em><\/p>\n","protected":false},"excerpt":{"rendered":"<p>Um especialista em direitos humanos da Organiza\u00e7\u00e3o das Na\u00e7\u00f5es Unidas\u00a0(ONU) pediu nesta segunda-feira (18) a todos os Estados-membros que tomem &#8220;a\u00e7\u00f5es urgentes&#8221; para erradicar a viol\u00eancia [&hellip;]<\/p>\n","protected":false},"author":1,"featured_media":15874,"comment_status":"open","ping_status":"open","sticky":false,"template":"","format":"image","meta":{"footnotes":""},"categories":[80,11],"tags":[],"class_list":["post-15872","post","type-post","status-publish","format-image","has-post-thumbnail","hentry","category-home","category-me-informo","post_format-post-format-image"],"_links":{"self":[{"href":"https:\/\/blogs.correio24horas.com.br\/mesalte\/wp-json\/wp\/v2\/posts\/15872","targetHints":{"allow":["GET"]}}],"collection":[{"href":"https:\/\/blogs.correio24horas.com.br\/mesalte\/wp-json\/wp\/v2\/posts"}],"about":[{"href":"https:\/\/blogs.correio24horas.com.br\/mesalte\/wp-json\/wp\/v2\/types\/post"}],"author":[{"embeddable":true,"href":"https:\/\/blogs.correio24horas.com.br\/mesalte\/wp-json\/wp\/v2\/users\/1"}],"replies":[{"embeddable":true,"href":"https:\/\/blogs.correio24horas.com.br\/mesalte\/wp-json\/wp\/v2\/comments?post=15872"}],"version-history":[{"count":2,"href":"https:\/\/blogs.correio24horas.com.br\/mesalte\/wp-json\/wp\/v2\/posts\/15872\/revisions"}],"predecessor-version":[{"id":15875,"href":"https:\/\/blogs.correio24horas.com.br\/mesalte\/wp-json\/wp\/v2\/posts\/15872\/revisions\/15875"}],"wp:featuredmedia":[{"embeddable":true,"href":"https:\/\/blogs.correio24horas.com.br\/mesalte\/wp-json\/wp\/v2\/media\/15874"}],"wp:attachment":[{"href":"https:\/\/blogs.correio24horas.com.br\/mesalte\/wp-json\/wp\/v2\/media?parent=15872"}],"wp:term":[{"taxonomy":"category","embeddable":true,"href":"https:\/\/blogs.correio24horas.com.br\/mesalte\/wp-json\/wp\/v2\/categories?post=15872"},{"taxonomy":"post_tag","embeddable":true,"href":"https:\/\/blogs.correio24horas.com.br\/mesalte\/wp-json\/wp\/v2\/tags?post=15872"}],"curies":[{"name":"wp","href":"https:\/\/api.w.org\/{rel}","templated":true}]}}