{"id":15807,"date":"2018-06-12T09:31:33","date_gmt":"2018-06-12T12:31:33","guid":{"rendered":"http:\/\/blogs.correio24horas.com.br\/mesalte\/?p=15807"},"modified":"2018-06-12T09:36:21","modified_gmt":"2018-06-12T12:36:21","slug":"nao-sou-homofobico-diz-homem-que-agrediu-estudante-gay-na-paralela","status":"publish","type":"post","link":"https:\/\/blogs.correio24horas.com.br\/mesalte\/nao-sou-homofobico-diz-homem-que-agrediu-estudante-gay-na-paralela\/","title":{"rendered":"&#8216;N\u00e3o sou homof\u00f3bico&#8217;, diz homem que agrediu estudante gay na Paralela"},"content":{"rendered":"<p>Daniel Balzan, acusado de agredir o estudante de <a href=\"https:\/\/blogs.correio24horas.com.br\/mesalte\/estudante-de-medicina-veterinaria-e-agredido-em-ataque-homofobico-apos-sair-de-boate-em-salvador\/\" target=\"_blank\">Medicina Veterin\u00e1ria\u00a0Thiago Almeida<\/a>, na avenida Paralela, usou as redes sociais para se defender. No texto, publicado pelo instagram, ele afirmou que praticou as agress\u00f5es depois que o estudante come\u00e7ou a tentar beij\u00e1-lo. &#8220;<em>Na sa\u00edda da boate estava indo para casa com meu amigo e fiquei sabendo que ele morava no meu caminho para minha resid\u00eancia , ent\u00e3o ofereci carona pra ele, numa boa e numa boa ele aceitou, j\u00e1 que tinha um conhecido em comum comigo e ficou tranquilo. Meu amigo sentou no carona e Thiago sentou no banco de tr\u00e1s. No caminho ele come\u00e7ou a me beijar no rosto e no pesco\u00e7o, o que n\u00e3o me chateou em si, sou um cara brincalh\u00e3o e n\u00e3o me irritaria com brincadeiras, disse.\u00a0<\/em><\/p>\n<p>Confira abaixo o posicionamento de Daniel:<\/p>\n<p><img loading=\"lazy\" decoding=\"async\" class=\"aligncenter size-full wp-image-15808\" src=\"https:\/\/blogs.correio24h.com.br\/mesalte\/wp-content\/uploads\/2018\/06\/2.jpg\" alt=\"2\" width=\"911\" height=\"521\" srcset=\"https:\/\/blogs.correio24h.com.br\/mesalte\/wp-content\/uploads\/2018\/06\/2.jpg 911w, https:\/\/blogs.correio24h.com.br\/mesalte\/wp-content\/uploads\/2018\/06\/2-300x172.jpg 300w, https:\/\/blogs.correio24h.com.br\/mesalte\/wp-content\/uploads\/2018\/06\/2-768x439.jpg 768w, https:\/\/blogs.correio24h.com.br\/mesalte\/wp-content\/uploads\/2018\/06\/2-255x146.jpg 255w, https:\/\/blogs.correio24h.com.br\/mesalte\/wp-content\/uploads\/2018\/06\/2-50x29.jpg 50w, https:\/\/blogs.correio24h.com.br\/mesalte\/wp-content\/uploads\/2018\/06\/2-131x75.jpg 131w\" sizes=\"auto, (max-width: 911px) 100vw, 911px\" \/><\/p>\n<p>&nbsp;<\/p>\n<p>&nbsp;<\/p>\n<p><em>Bom, queria apenas por esse texto, demonstrar o quanto estou constrangido por tudo que fiz. Entendo toda repercuss\u00e3o, que \u00e9 justa, tanto no movimento LGBT quanto aos outros movimentos sociais que est\u00e3o em constante luta contra o preconceito. Uma agress\u00e3o como a que eu pratiquei n\u00e3o ajuda em nada e indigna as pessoas. <\/em><\/p>\n<p><em>Concordo com todos os que demonstraram essa indigna\u00e7\u00e3o e estou muito triste comigo mesmo. De maneira alguma sou homof\u00f3bico! Passei a noite na boate, que em sua grande maioria era de p\u00fablico LGBT e foi uma noite maravilhosa l\u00e1 dentro. Brinquei, dancei, subi no palco, me diverti e diverti as pessoas que estavam ao meu redor. Conheci Thiago l\u00e1 e ele, como todos na festa, se mostrou um cara super gente boa. <\/em><\/p>\n<p><em>Na sa\u00edda da boate estava indo para casa com meu amigo e fiquei sabendo que ele morava no meu caminho para minha resid\u00eancia , ent\u00e3o ofereci carona pra ele, numa boa e numa boa ele aceitou, j\u00e1 que tinha um conhecido em comum comigo e ficou tranquilo. Meu amigo sentou no carona e Thiago sentou no banco de tr\u00e1s. No caminho ele come\u00e7ou a me beijar no rosto e no pesco\u00e7o, o que n\u00e3o me chateou em si, sou um cara brincalh\u00e3o e n\u00e3o me irritaria com brincadeiras. <\/em><\/p>\n<p><em>Pedi pra ele parar pela seguran\u00e7a da condu\u00e7\u00e3o, ele n\u00e3o parou, meu amigo pediu pra parar tamb\u00e9m, ele continuou sem parar. E aqui, pessoal, quero muito deixar bem claro que eu me revoltei com a insist\u00eancia da brincadeira que nos colocaria em risco , numa atitude completamente errada e imbecil minha, parei o carro no posto, pedi para ele sa\u00edsse do carro e o agredi. NADA JUSTIFICA O QUE FIZ. NADA JUSTIFICA. Foi uma atitude imperdo\u00e1vel, impensada, imbecil, escrota e todos os adjetivos negativos que podem ser pensados pra isso, mas no fundo do meu cora\u00e7\u00e3o, n\u00e3o foi premeditado de maneira alguma. ofereci a carona a ele porque ele morava longe de l\u00e1 e era caminho pra mim. <\/em><\/p>\n<p><em>Tamb\u00e9m n\u00e3o foi um ato de homofobia em sua ess\u00eancia, provavelmente eu teria agredido qualquer um que estivesse me atrapalhando de dirigir naquele momento, independente de sexualidade. E \u00d3BVIO, ESTOU ERRADO, ESTARIA ERRADO DE QUALQUER FORMA.<\/em><\/p>\n<p><em>N\u00e3o fui criado pra isso, n\u00e3o \u00e9 do meu car\u00e1ter, nunca tinha dado um soco em ningu\u00e9m at\u00e9 hoje e o que mais me deixa triste foi t\u00ea-lo machucado e o abandonar na rua de madrugada, isso n\u00e3o se faz com ningu\u00e9m. Por mais que seja dif\u00edcil de acreditar escrevo isso de cora\u00e7\u00e3o. obviamente estou arrependido de todos os transtornos causados a ele e aos familiares. Ent\u00e3o. pe\u00e7o que se um dia for poss\u00edvel, que Thiago me perdoe, \u00e9 claro que estou disposto a lidar com meus atos.<\/em><\/p>\n","protected":false},"excerpt":{"rendered":"<p>Daniel Balzan, acusado de agredir o estudante de Medicina Veterin\u00e1ria\u00a0Thiago Almeida, na avenida Paralela, usou as redes sociais para se defender. No texto, publicado pelo instagram, [&hellip;]<\/p>\n","protected":false},"author":1,"featured_media":0,"comment_status":"open","ping_status":"open","sticky":false,"template":"","format":"image","meta":{"footnotes":""},"categories":[80,11],"tags":[],"class_list":["post-15807","post","type-post","status-publish","format-image","hentry","category-home","category-me-informo","post_format-post-format-image"],"_links":{"self":[{"href":"https:\/\/blogs.correio24horas.com.br\/mesalte\/wp-json\/wp\/v2\/posts\/15807","targetHints":{"allow":["GET"]}}],"collection":[{"href":"https:\/\/blogs.correio24horas.com.br\/mesalte\/wp-json\/wp\/v2\/posts"}],"about":[{"href":"https:\/\/blogs.correio24horas.com.br\/mesalte\/wp-json\/wp\/v2\/types\/post"}],"author":[{"embeddable":true,"href":"https:\/\/blogs.correio24horas.com.br\/mesalte\/wp-json\/wp\/v2\/users\/1"}],"replies":[{"embeddable":true,"href":"https:\/\/blogs.correio24horas.com.br\/mesalte\/wp-json\/wp\/v2\/comments?post=15807"}],"version-history":[{"count":2,"href":"https:\/\/blogs.correio24horas.com.br\/mesalte\/wp-json\/wp\/v2\/posts\/15807\/revisions"}],"predecessor-version":[{"id":15810,"href":"https:\/\/blogs.correio24horas.com.br\/mesalte\/wp-json\/wp\/v2\/posts\/15807\/revisions\/15810"}],"wp:attachment":[{"href":"https:\/\/blogs.correio24horas.com.br\/mesalte\/wp-json\/wp\/v2\/media?parent=15807"}],"wp:term":[{"taxonomy":"category","embeddable":true,"href":"https:\/\/blogs.correio24horas.com.br\/mesalte\/wp-json\/wp\/v2\/categories?post=15807"},{"taxonomy":"post_tag","embeddable":true,"href":"https:\/\/blogs.correio24horas.com.br\/mesalte\/wp-json\/wp\/v2\/tags?post=15807"}],"curies":[{"name":"wp","href":"https:\/\/api.w.org\/{rel}","templated":true}]}}