{"id":15790,"date":"2018-06-11T16:01:38","date_gmt":"2018-06-11T19:01:38","guid":{"rendered":"http:\/\/blogs.correio24horas.com.br\/mesalte\/?p=15790"},"modified":"2018-06-11T17:20:23","modified_gmt":"2018-06-11T20:20:23","slug":"ele-me-pediu-desculpas-diz-estudante-vitima-de-homofobia-na-avenida-paralela","status":"publish","type":"post","link":"https:\/\/blogs.correio24horas.com.br\/mesalte\/ele-me-pediu-desculpas-diz-estudante-vitima-de-homofobia-na-avenida-paralela\/","title":{"rendered":"\u2018Ele me pediu desculpas\u2019, diz estudante v\u00edtima de homofobia na Avenida Paralela"},"content":{"rendered":"<p><strong>Por Gil Santos<\/strong><\/p>\n<p>Algumas horas depois do estudante de Medicina Veterin\u00e1ria, Thiago Almeida, registrar nas redes sociais que foi v\u00edtima de um ataque homof\u00f3bico o homem que o espancou pediu desculpas pela agress\u00e3o. <a href=\"https:\/\/blogs.correio24horas.com.br\/mesalte\/estudante-de-medicina-veterinaria-e-agredido-em-ataque-homofobico-apos-sair-de-boate-em-salvador\/\" target=\"_blank\">O jovem recebeu socos na face e foi emburrado quando estava voltando para casa, depois de sair de uma festa, na manh\u00e3 de s\u00e1bado (9).<\/a><\/p>\n<p>Thiago conversou com o\u00a0Me Salte sobre as agress\u00f5es, nesta segunda-feira (11), e contou que tudo aconteceu de maneira inesperada. Ele contou que conversou com o agressor por volta das 19h de s\u00e1bado, portanto, cerca de 3h depois de fazer o relato das agress\u00f5es nas redes sociais.<\/p>\n<blockquote><p>\u201cMandei uma mensagem perguntando porque ele fez isso comigo. Eu n\u00e3o estava acreditando no que tinha acontecido. Me senti humilhado. Ele respondeu. Disse que n\u00e3o era de fazer isso e que n\u00e3o sabia o que tinha acontecido. Ele me pediu desculpas e falou que estava arrependido\u201d, contou o jovem.<\/p><\/blockquote>\n<p>O homem pediu ao estudante para marcar um encontro para conversarem, mas o jovem recusou. A v\u00edtima registrou queixa pelas agress\u00f5es na 12\u00aa Delegacia (Itapu\u00e3) e contou que vai procurar o Centro de Refer\u00eancia Municipal LGBT para receber atendimento psicol\u00f3gico, al\u00e9m de fazer exame de corpo delito.<\/p>\n<p>\u201cMeu corpo ainda est\u00e1 dolorido, mas o que est\u00e1 mais complicado \u00e9 meu psicol\u00f3gico. N\u00e3o consegui dormir direito essa noite e n\u00e3o fui para a aula da faculdade hoje. A gente nunca pensa que vai passar por isso, at\u00e9 acontecer. Estou com o cotovelo arranhado, a boca machucada e ferido no ombro e na altura da virilha\u201d, disse.<\/p>\n<p>&nbsp;<\/p>\n<p><strong>Confus\u00e3o<\/strong><br \/>\nThiago contou que tudo aconteceu na manh\u00e3 de s\u00e1bado, depois de voltar de uma festa. Ele estava com duas amigas na boate Portela Caf\u00e9, no Rio Vermelho, e quando saiu do local encontrou um amigo na porta do estabelecimento. Esse amigo estava acompanhado por outras pessoas, entre elas, um homem identificado como Daniel Balzan.<\/p>\n<p>\u201cTinha combinado com minhas amigas de irmos para a Barra, mas estava muito cansado e tinha bebido bastante. Queria ir pra casa. Meu amigo contou que ia pegar carona com um conhecido dele, que mora em Lauro de Freitas. Como eu moro em Stella Maris, meu amigo pediu para ele me deixar em casa e ele disse que tudo bem\u201d, contou Thiago.<\/p>\n<p>Al\u00e9m do estudante e do amigo, outro homem tamb\u00e9m pegou carona com o agressor. Os quatro seguiram at\u00e9 a regi\u00e3o do Itaigara, onde o amigo do estudante desceu. Em seguida, a viagem continuou at\u00e9 chegar na Avenida Lu\u00eds Vianna (Paralela).<\/p>\n<p>\u201cEles dois estavam no banco da frente e eu no banco de tr\u00e1s. Em algum momento do trajeto ele disse alguma coisa que eu n\u00e3o entendi. De repente, ele parou o carro e me mandou descer. Eu fiz o que ele pediu, mas n\u00e3o tinha entendido ainda o que tinha acontecido. Ele desceu e em seguida segurou o meu rosto e deu tr\u00eas socos\u201d.<\/p>\n<p>O estudante caiu no ch\u00e3o ap\u00f3s a agress\u00e3o, enquanto o homem voltou para o carro e foi embora. Ele foi socorrido para casa por um taxista que presenciou a cena. Tudo aconteceu nas imedia\u00e7\u00f5es do Alphaville Park, e na manh\u00e3 seguinte o jovem procurou a delegacia para registrar a ocorr\u00eancia.<\/p>\n<p><strong>Homofobia<\/strong><\/p>\n<p>Thiago contou que conversou com Daniel dentro da boate, e que o homem disse ser h\u00e9tero.\u00a0\u201cEle deu alguns selinhos em homens l\u00e1 dentro, mas n\u00e3o vi nada estranho ou que pudesse me assustar. Depois da confus\u00e3o, soube que ele tinha se envolvido em uma briga pouco antes da carona. Ele recebeu um soco e n\u00e3o conseguiu descontar. Acredito que ele estava com raiva e, por isso, resolveu descontar em uma pessoa mais fr\u00e1gil\u201d, afirmou Thiago.<\/p>\n<p>Daniel \u00e9 origin\u00e1rio de Santa Catarina e estudante de educa\u00e7\u00e3o f\u00edsica. O CORREIO ainda n\u00e3o conseguiu contato com ele para comentar o caso.<\/p>\n","protected":false},"excerpt":{"rendered":"<p>Por Gil Santos Algumas horas depois do estudante de Medicina Veterin\u00e1ria, Thiago Almeida, registrar nas redes sociais que foi v\u00edtima de um ataque homof\u00f3bico o homem [&hellip;]<\/p>\n","protected":false},"author":2,"featured_media":15780,"comment_status":"open","ping_status":"open","sticky":false,"template":"","format":"image","meta":{"footnotes":""},"categories":[80,11],"tags":[],"class_list":["post-15790","post","type-post","status-publish","format-image","has-post-thumbnail","hentry","category-home","category-me-informo","post_format-post-format-image"],"_links":{"self":[{"href":"https:\/\/blogs.correio24horas.com.br\/mesalte\/wp-json\/wp\/v2\/posts\/15790","targetHints":{"allow":["GET"]}}],"collection":[{"href":"https:\/\/blogs.correio24horas.com.br\/mesalte\/wp-json\/wp\/v2\/posts"}],"about":[{"href":"https:\/\/blogs.correio24horas.com.br\/mesalte\/wp-json\/wp\/v2\/types\/post"}],"author":[{"embeddable":true,"href":"https:\/\/blogs.correio24horas.com.br\/mesalte\/wp-json\/wp\/v2\/users\/2"}],"replies":[{"embeddable":true,"href":"https:\/\/blogs.correio24horas.com.br\/mesalte\/wp-json\/wp\/v2\/comments?post=15790"}],"version-history":[{"count":2,"href":"https:\/\/blogs.correio24horas.com.br\/mesalte\/wp-json\/wp\/v2\/posts\/15790\/revisions"}],"predecessor-version":[{"id":15806,"href":"https:\/\/blogs.correio24horas.com.br\/mesalte\/wp-json\/wp\/v2\/posts\/15790\/revisions\/15806"}],"wp:featuredmedia":[{"embeddable":true,"href":"https:\/\/blogs.correio24horas.com.br\/mesalte\/wp-json\/wp\/v2\/media\/15780"}],"wp:attachment":[{"href":"https:\/\/blogs.correio24horas.com.br\/mesalte\/wp-json\/wp\/v2\/media?parent=15790"}],"wp:term":[{"taxonomy":"category","embeddable":true,"href":"https:\/\/blogs.correio24horas.com.br\/mesalte\/wp-json\/wp\/v2\/categories?post=15790"},{"taxonomy":"post_tag","embeddable":true,"href":"https:\/\/blogs.correio24horas.com.br\/mesalte\/wp-json\/wp\/v2\/tags?post=15790"}],"curies":[{"name":"wp","href":"https:\/\/api.w.org\/{rel}","templated":true}]}}