{"id":15756,"date":"2018-06-08T07:57:27","date_gmt":"2018-06-08T10:57:27","guid":{"rendered":"http:\/\/blogs.correio24horas.com.br\/mesalte\/?p=15756"},"modified":"2018-06-08T07:57:42","modified_gmt":"2018-06-08T10:57:42","slug":"johnny-hooker-abre-o-coracao-em-show-no-pelourinho-neste-sabado-9","status":"publish","type":"post","link":"https:\/\/blogs.correio24horas.com.br\/mesalte\/johnny-hooker-abre-o-coracao-em-show-no-pelourinho-neste-sabado-9\/","title":{"rendered":"Johnny Hooker abre o Cora\u00e7\u00e3o em show no Pelourinho, neste s\u00e1bado (9)"},"content":{"rendered":"<p>Quase um ano depois de lan\u00e7ar o \u00e1lbum Cora\u00e7\u00e3o, o cantor pernambucano Johnny Hooker volta a Salvador para apresentar o show da turn\u00ea. A \u00faltima vez que esteve na cidade foi em dezembro, como atra\u00e7\u00e3o do Festival Combina MPB. \u201cSalvador sempre abra\u00e7a muito meu trabalho, porque na ess\u00eancia do meu trabalho tem o Nordeste\u201d, constata.<\/p>\n<p><strong>Leia tamb\u00e9m:<br \/>\n<a href=\"http:\/\/www2.correio24horas.com.br\/single-guia\/noticia\/nao-da-para-se-valer-de-humanismo-abstrato-diz-johnny-hooker-sobre-fala-de-ney-matogrosso\/?cHash=a3785a2e71d5274bbd43ac1d521e4d5f\"><strong>&#8216;N\u00e3o d\u00e1 para se valer de humanismo abstrato&#8217;, diz Johnny Hooker sobre fala de Ney Matogrosso<\/strong><\/a><\/strong><\/p>\n<p>Fruto de uma separa\u00e7\u00e3o amorosa e de uma depress\u00e3o, Cora\u00e7\u00e3o \u00e9 um trabalho entregue e, por isso, tem recebido a mesma resposta do p\u00fablico. \u201cA turn\u00ea tem sido extremamente gratificante\u201d, derrete-se. O show de estreia foi no dia do anivers\u00e1rio do cantor, em uma apresenta\u00e7\u00e3o gr\u00e1tis em Recife. Depois passou pelo Rock in Rio em um \u201cshow hist\u00f3rico para mim\u201d.<\/p>\n<p>Al\u00e9m disso, teve a m\u00fasica Flutua (com Liniker)\u00a0premiada na categoria Clipe do Ano da MTV MIAW &#8211; o v\u00eddeo foi dirigido pelo baiano Ricardo Spencer e conta com as atua\u00e7\u00f5es de Jesu\u00edta Barbosa e Maur\u00edcio Destri. Rom\u00e2ntico inveterado e assumido, ele promete dor de cotovelo, mas tamb\u00e9m uma celebra\u00e7\u00e3o a todas as formas de amor \u00e0s v\u00e9speras do Dia dos Namorados.<\/p>\n<p><iframe loading=\"lazy\" src=\"https:\/\/www.youtube.com\/embed\/mYQd7HsvVtI\" width=\"560\" height=\"315\" frameborder=\"0\" allowfullscreen=\"allowfullscreen\"><\/iframe><\/p>\n<p><strong>Confira bate-papo com o CORREIO:<\/strong><\/p>\n<p><strong>O \u00e1lbum Cora\u00e7\u00e3o foi lan\u00e7ado h\u00e1 quase um ano e, agora, voc\u00ea finalmente traz o show a Salvador. Como foi esse ano de trabalho e o que espera da apresenta\u00e7\u00e3o por aqui?<\/strong><br \/>\nCora\u00e7\u00e3o foi um grande presente para mim, porque eu estava passando por um momento muito dif\u00edcil. A\u00a0resposta n\u00e3o poderia ser mais bonita.\u00a0Se tornou uma coisa gogante!\u00a0A estreia foi no dia do meu anivers\u00e1rio, em Recife, num show para 20 mil pessos. Depois passamos pelo\u00a0Rock in Rio, em um show hist\u00f3rico na minha vida. H\u00e1 pouco tempo fomos premiados no MTV MIAW com o Clipe do Ano por Flutua, um grande presente. Ent\u00e3o, toda resposta n\u00e3o poderia ser mais positiva. A turn\u00ea tem sido extremamente gratificante. Sempre recebo fotos de f\u00e3s mostrando tatuagens com os versos de Flutua e de Touro, tamb\u00e9m recebo depimentos de pessoas que resistiram e sobreviveram. A resposta tem sido de amor, igualdade, empatia.<\/p>\n<p><strong>E sobre a apresenta\u00e7\u00e3o em Salvador, como espera que seja?<\/strong><br \/>\nSalvador sempre abra\u00e7a muito meu trabalho, porque na ess\u00eancia do meu trabalho tem o Nordeste e isso dialoga muito. Tanto Pernambuco quanto a Bahia s\u00e3o dois lugares multiculturais e de resist\u00eancia. Sinto muita entrega e muito amor pelo meu trabalho a\u00ed e fico muito feliz. H\u00e1 uma besteira de uma rixa entre Bahia e Pernambuco, mas isso \u00e9 uma mentira, o que existe \u00e9 uma irmandade.<\/p>\n<p><strong>O disco \u00e9 bastante combativo, apesar de todo o sentimento ali colocado. \u00c0s v\u00e9speras do dia dos namorados, haver\u00e1 espa\u00e7o para o romantismo na apresenta\u00e7\u00e3o?<\/strong><br \/>\nClaro que tem!\u00a0O show tem essa coisa combativa, mas eu sou um rom\u00e2ntico inveterado. Eu sou muito entregue, n\u00e3o s\u00f3 \u00e0\u00a0m\u00fasica, mas a toda essa conex\u00e3o com o p\u00fablico. Sinto que no show o p\u00fablico se sente em um espa\u00e7o seguro, blindado de toda coisa ruim que vem desse\u00a0momento que a gente ta atravessando. \u00c9 um respiro para o avan\u00e7o do conservadorismo, o momento de celebrar todas as formas de amor, de express\u00e3o, de identidade. Celebra\u00e7\u00e3o da vida perante esse momento sombrio que a gente atravessa no pa\u00eds. Eu tenho dito que se\u00a0os namorados quiserem comemorar a data do Dia dos Namorados no show, ser\u00e1\u00a0uma oportunidade maravilhosa.<\/p>\n<p><strong>Essa energia que voc\u00ea fala lhe emociona no palco?<\/strong><br \/>\nEssa turn\u00ea tem me emocionado muito. Ela tem momento de muita resist\u00eancia mesmo, as pessoas se abra\u00e7am, cantam juntas, choram&#8230;Vale lembrar que o Brasil \u00e9 o pa\u00eds que mais mata LGBTs no mundo. Cada show \u00e9 muito emocionante!<\/p>\n<p><strong>Servi\u00e7o:<\/strong> Largo Tereza Batista, amanh\u00e3, \u00e0s 21h. Ingressos: R$ 80 | R$ 40.<\/p>\n","protected":false},"excerpt":{"rendered":"<p>Quase um ano depois de lan\u00e7ar o \u00e1lbum Cora\u00e7\u00e3o, o cantor pernambucano Johnny Hooker volta a Salvador para apresentar o show da turn\u00ea. A \u00faltima vez [&hellip;]<\/p>\n","protected":false},"author":2,"featured_media":15757,"comment_status":"open","ping_status":"open","sticky":false,"template":"","format":"image","meta":{"footnotes":""},"categories":[80,16],"tags":[],"class_list":["post-15756","post","type-post","status-publish","format-image","has-post-thumbnail","hentry","category-home","category-me-jogo","post_format-post-format-image"],"_links":{"self":[{"href":"https:\/\/blogs.correio24horas.com.br\/mesalte\/wp-json\/wp\/v2\/posts\/15756","targetHints":{"allow":["GET"]}}],"collection":[{"href":"https:\/\/blogs.correio24horas.com.br\/mesalte\/wp-json\/wp\/v2\/posts"}],"about":[{"href":"https:\/\/blogs.correio24horas.com.br\/mesalte\/wp-json\/wp\/v2\/types\/post"}],"author":[{"embeddable":true,"href":"https:\/\/blogs.correio24horas.com.br\/mesalte\/wp-json\/wp\/v2\/users\/2"}],"replies":[{"embeddable":true,"href":"https:\/\/blogs.correio24horas.com.br\/mesalte\/wp-json\/wp\/v2\/comments?post=15756"}],"version-history":[{"count":1,"href":"https:\/\/blogs.correio24horas.com.br\/mesalte\/wp-json\/wp\/v2\/posts\/15756\/revisions"}],"predecessor-version":[{"id":15758,"href":"https:\/\/blogs.correio24horas.com.br\/mesalte\/wp-json\/wp\/v2\/posts\/15756\/revisions\/15758"}],"wp:featuredmedia":[{"embeddable":true,"href":"https:\/\/blogs.correio24horas.com.br\/mesalte\/wp-json\/wp\/v2\/media\/15757"}],"wp:attachment":[{"href":"https:\/\/blogs.correio24horas.com.br\/mesalte\/wp-json\/wp\/v2\/media?parent=15756"}],"wp:term":[{"taxonomy":"category","embeddable":true,"href":"https:\/\/blogs.correio24horas.com.br\/mesalte\/wp-json\/wp\/v2\/categories?post=15756"},{"taxonomy":"post_tag","embeddable":true,"href":"https:\/\/blogs.correio24horas.com.br\/mesalte\/wp-json\/wp\/v2\/tags?post=15756"}],"curies":[{"name":"wp","href":"https:\/\/api.w.org\/{rel}","templated":true}]}}