{"id":15750,"date":"2018-06-08T07:05:49","date_gmt":"2018-06-08T10:05:49","guid":{"rendered":"http:\/\/blogs.correio24horas.com.br\/mesalte\/?p=15750"},"modified":"2018-06-08T08:19:56","modified_gmt":"2018-06-08T11:19:56","slug":"san-sebastian-mudara-de-endereco-a-partir-de-6-de-julho-saiba-mais","status":"publish","type":"post","link":"https:\/\/blogs.correio24horas.com.br\/mesalte\/san-sebastian-mudara-de-endereco-a-partir-de-6-de-julho-saiba-mais\/","title":{"rendered":"San Sebastian mudar\u00e1 de endere\u00e7o a partir de 6 de julho; saiba mais"},"content":{"rendered":"<p>Aten\u00e7\u00e3o, aten\u00e7\u00e3o! J\u00e1 tem uma data para o clube San Sebastian mudar de endere\u00e7o: da Rua da Paci\u00eancia para a Pir\u00e2mide do Rio Vermelho. A data da inaugura\u00e7\u00e3o ser\u00e1 dia 6 de julho. A programa\u00e7\u00e3o ainda est\u00e1 sendo fechada e em breve conto pra voc\u00eas.<\/p>\n<p>Antes da mudan\u00e7a de endere\u00e7o &#8211; a segunda da historia do clube mas sempre no Rio Vermelho &#8211; haver\u00e1 uma despedida babadeira da atual sede.<\/p>\n<p>A pista da San Sebastian nesta sexta-feira\u00a0(08) \u00a0estar\u00e1 aberta para quem gosta de \u201cmeter dan\u00e7a\u201d. Quem comanda a coreografia s\u00e3o os integrantes do Fitdance, que levam para a balada os passos de dan\u00e7a do momento. Os DJs Gonzalez, Thales e Bai\u00e3o agitam o som de sempre, a partir das 23h.<\/p>\n<p>No s\u00e1bado\u00a0(09) a tradicional Blessed vira palco do anivers\u00e1rio do DJ Arthur Valleti, que celebra a data ao lado dos colegas residentes da casa, Erick Foster e Kaio Del Rey, a partir das 23h. Na pista de dan\u00e7a, o melhor da m\u00fasica eletr\u00f4nica de qualidade produzida na Bahia.<\/p>\n<p>Na \u00faltima semana de funcionamento da atual sede o clima sera de ax\u00e9 e eletr\u00f4nico. No dia 15 de junho ter\u00e1 super show de M\u00e1rcia Freire com DJs. J\u00e1 no dia 16 de junho ter\u00e1 uma edi\u00e7\u00e3o especial da festa Barbado al\u00e9m dos\u00a0 Djs Allan Natal, Diego Baez e Robet Philips.<\/p>\n","protected":false},"excerpt":{"rendered":"<p>Aten\u00e7\u00e3o, aten\u00e7\u00e3o! J\u00e1 tem uma data para o clube San Sebastian mudar de endere\u00e7o: da Rua da Paci\u00eancia para a Pir\u00e2mide do Rio Vermelho. A data [&hellip;]<\/p>\n","protected":false},"author":1,"featured_media":15751,"comment_status":"open","ping_status":"open","sticky":false,"template":"","format":"image","meta":{"footnotes":""},"categories":[28,80],"tags":[],"class_list":["post-15750","post","type-post","status-publish","format-image","has-post-thumbnail","hentry","category-farofa-digital","category-home","post_format-post-format-image"],"_links":{"self":[{"href":"https:\/\/blogs.correio24horas.com.br\/mesalte\/wp-json\/wp\/v2\/posts\/15750","targetHints":{"allow":["GET"]}}],"collection":[{"href":"https:\/\/blogs.correio24horas.com.br\/mesalte\/wp-json\/wp\/v2\/posts"}],"about":[{"href":"https:\/\/blogs.correio24horas.com.br\/mesalte\/wp-json\/wp\/v2\/types\/post"}],"author":[{"embeddable":true,"href":"https:\/\/blogs.correio24horas.com.br\/mesalte\/wp-json\/wp\/v2\/users\/1"}],"replies":[{"embeddable":true,"href":"https:\/\/blogs.correio24horas.com.br\/mesalte\/wp-json\/wp\/v2\/comments?post=15750"}],"version-history":[{"count":4,"href":"https:\/\/blogs.correio24horas.com.br\/mesalte\/wp-json\/wp\/v2\/posts\/15750\/revisions"}],"predecessor-version":[{"id":15755,"href":"https:\/\/blogs.correio24horas.com.br\/mesalte\/wp-json\/wp\/v2\/posts\/15750\/revisions\/15755"}],"wp:featuredmedia":[{"embeddable":true,"href":"https:\/\/blogs.correio24horas.com.br\/mesalte\/wp-json\/wp\/v2\/media\/15751"}],"wp:attachment":[{"href":"https:\/\/blogs.correio24horas.com.br\/mesalte\/wp-json\/wp\/v2\/media?parent=15750"}],"wp:term":[{"taxonomy":"category","embeddable":true,"href":"https:\/\/blogs.correio24horas.com.br\/mesalte\/wp-json\/wp\/v2\/categories?post=15750"},{"taxonomy":"post_tag","embeddable":true,"href":"https:\/\/blogs.correio24horas.com.br\/mesalte\/wp-json\/wp\/v2\/tags?post=15750"}],"curies":[{"name":"wp","href":"https:\/\/api.w.org\/{rel}","templated":true}]}}