{"id":15679,"date":"2018-06-06T17:31:34","date_gmt":"2018-06-06T20:31:34","guid":{"rendered":"http:\/\/blogs.correio24horas.com.br\/mesalte\/?p=15679"},"modified":"2018-06-06T17:34:12","modified_gmt":"2018-06-06T20:34:12","slug":"filme-entre-lacos-tera-acao-especial-em-prol-do-bar-caras-bocas-em-salvador","status":"publish","type":"post","link":"https:\/\/blogs.correio24horas.com.br\/mesalte\/filme-entre-lacos-tera-acao-especial-em-prol-do-bar-caras-bocas-em-salvador\/","title":{"rendered":"Filme Entre-la\u00e7os ter\u00e1 a\u00e7\u00e3o especial em prol do bar Caras &#038; Bocas, em Salvador"},"content":{"rendered":"<p>O filme Entre-La\u00e7os busca apoiar a\u00e7\u00f5es em defesa dos direitos de igualdade, ampliar o di\u00e1logo entre quest\u00f5es como diversidade e respeito e celebrar as diferen\u00e7as. Com este objetivo surgiu a ideia deste evento, que posteriormente ser\u00e1 reproduzido com novas entidades e organiza\u00e7\u00f5es. O prop\u00f3sito \u00e9 destinar um percentual do valor da bilheteria do evento para apoiar e refor\u00e7ar o respeito \u00e0 diversidade.<\/p>\n<p>A primeira sess\u00e3o especial acontecer\u00e1 nesta quinta-feira (07) \u00e0s 18h30 no Cinema do Museu e 50% da renda ser\u00e1 revertida para o Bar Caras e Bocas &#8211; Espa\u00e7o Cultura e Arte LGBTQIA+. O Bar Caras e Bocas desde a sua inaugura\u00e7\u00e3o foi alvo de depreda\u00e7\u00e3o e hoje busca recursos financeiros para a conclus\u00e3o da reforma e retorno da pela atividade.<\/p>\n<p>A sess\u00e3o contar\u00e1 com a participa\u00e7\u00e3o do jornalista e cr\u00edtico de cinema Jo\u00e3o Paulo Barreto e do professor Djalma Th\u00fcrler, coordenador do Grupo de Pesquisa em Cultura e Sexualidade da UFBA (CuS) que ap\u00f3s a exibi\u00e7\u00e3o do filme participar\u00e3o e um debate sobre o tema.<\/p>\n<p>A sess\u00e3o contar\u00e1 com os parceiros Circuito de Cinema SaladeArte e bar Caras &amp; Bocas, espa\u00e7o de cultura e arte LGBTQIA+ localizado no Centro de Salvador.Metade do valor arrecadado na sess\u00e3o ser\u00e1 doado para a vakinha online que foi organizada ap\u00f3s o bar ser alvo de depreda\u00e7\u00f5es e ataques homof\u00f3bicos.<\/p>\n<p>Vendas antecipadas da sess\u00e3o ocorre diretamente na bilheteria do Cinema do Museu (Av. 7 de Setembro 2195, Corredor da Vit\u00f3ria).<\/p>\n<p><strong>Servi\u00e7o:<\/strong><br \/>\nSess\u00e3o Especial Entre-La\u00e7os<br \/>\nData: 7 de Junho (quinta-feira)<br \/>\nHor\u00e1rio: 18h30min<br \/>\nLocal: Cinema do Museu (Av. 7 de Setembro 2195, Corredor da Vit\u00f3ria. Museu Geol\u00f3gico)<br \/>\nValores:\u00a0inteira R$ 24 e meia-Entrada 12,00<br \/>\nVenda antecipada: Cinema do Museu (Av. 7 de Setembro 2195, Corredor da Vit\u00f3ria. Museu Geol\u00f3gico)<\/p>\n","protected":false},"excerpt":{"rendered":"<p>O filme Entre-La\u00e7os busca apoiar a\u00e7\u00f5es em defesa dos direitos de igualdade, ampliar o di\u00e1logo entre quest\u00f5es como diversidade e respeito e celebrar as diferen\u00e7as. Com [&hellip;]<\/p>\n","protected":false},"author":1,"featured_media":15680,"comment_status":"open","ping_status":"open","sticky":false,"template":"","format":"image","meta":{"footnotes":""},"categories":[80,16],"tags":[],"class_list":["post-15679","post","type-post","status-publish","format-image","has-post-thumbnail","hentry","category-home","category-me-jogo","post_format-post-format-image"],"_links":{"self":[{"href":"https:\/\/blogs.correio24horas.com.br\/mesalte\/wp-json\/wp\/v2\/posts\/15679","targetHints":{"allow":["GET"]}}],"collection":[{"href":"https:\/\/blogs.correio24horas.com.br\/mesalte\/wp-json\/wp\/v2\/posts"}],"about":[{"href":"https:\/\/blogs.correio24horas.com.br\/mesalte\/wp-json\/wp\/v2\/types\/post"}],"author":[{"embeddable":true,"href":"https:\/\/blogs.correio24horas.com.br\/mesalte\/wp-json\/wp\/v2\/users\/1"}],"replies":[{"embeddable":true,"href":"https:\/\/blogs.correio24horas.com.br\/mesalte\/wp-json\/wp\/v2\/comments?post=15679"}],"version-history":[{"count":2,"href":"https:\/\/blogs.correio24horas.com.br\/mesalte\/wp-json\/wp\/v2\/posts\/15679\/revisions"}],"predecessor-version":[{"id":15682,"href":"https:\/\/blogs.correio24horas.com.br\/mesalte\/wp-json\/wp\/v2\/posts\/15679\/revisions\/15682"}],"wp:featuredmedia":[{"embeddable":true,"href":"https:\/\/blogs.correio24horas.com.br\/mesalte\/wp-json\/wp\/v2\/media\/15680"}],"wp:attachment":[{"href":"https:\/\/blogs.correio24horas.com.br\/mesalte\/wp-json\/wp\/v2\/media?parent=15679"}],"wp:term":[{"taxonomy":"category","embeddable":true,"href":"https:\/\/blogs.correio24horas.com.br\/mesalte\/wp-json\/wp\/v2\/categories?post=15679"},{"taxonomy":"post_tag","embeddable":true,"href":"https:\/\/blogs.correio24horas.com.br\/mesalte\/wp-json\/wp\/v2\/tags?post=15679"}],"curies":[{"name":"wp","href":"https:\/\/api.w.org\/{rel}","templated":true}]}}