{"id":15643,"date":"2018-06-02T12:19:35","date_gmt":"2018-06-02T15:19:35","guid":{"rendered":"http:\/\/blogs.correio24horas.com.br\/mesalte\/?p=15643"},"modified":"2018-06-02T12:31:06","modified_gmt":"2018-06-02T15:31:06","slug":"multifacetada-claudia-leitte-lanca-turne-em-sao-paulo-e-celebra-diversidade-estourou-um-cano-de-viado-bonito","status":"publish","type":"post","link":"https:\/\/blogs.correio24horas.com.br\/mesalte\/multifacetada-claudia-leitte-lanca-turne-em-sao-paulo-e-celebra-diversidade-estourou-um-cano-de-viado-bonito\/","title":{"rendered":"Multifacetada, Claudia Leitte lan\u00e7a turn\u00ea em S\u00e3o Paulo e celebra diversidade:  &#8216;estourou um cano de viado bonito&#8217;"},"content":{"rendered":"<p>Uma vedete multifacetada. Canta, dan\u00e7a e mostra que beleza n\u00e3o \u00e9 fundamental &#8211; como diria o poeta -, mas alegra e estasia. Carnavalesca, com figurinos em tons de rosa a cantora Claudia Leitte encarnou essa persona na madrugada gelada &#8211; 18\u00b0 C &#8211; deste s\u00e1bado (2) no Campo de Marte em S\u00e3o Paulo.<\/p>\n<p>Deu o ponta p\u00e9 inicial na sua turn\u00ea My Carnaval que rodar\u00e1 o pa\u00eds com um misto de tudo aquilo que os bolhas (como s\u00e3o chamados os f\u00e3s da cantora) mais gostam. Tem os cl\u00e1ssicos da \u00e9poca do Babado Novo, a farofa carnavalesca (aquela que faz lembrar do circuito Barra\/Ondina), homenagem para Anitta no clima ac\u00fastico e at\u00e9 um trio el\u00e9trico.<\/p>\n<p>N\u00e3o, voc\u00ea n\u00e3o leu errado. Al\u00e9m da apresenta\u00e7\u00e3o no palco tem Claudia em cima do trio puxando aquelas can\u00e7\u00f5es de fazer a perna tremer e o cora\u00e7\u00e3o pensar que j\u00e1 \u00e9 fevereiro.<\/p>\n<div id=\"attachment_15653\" style=\"width: 1034px\" class=\"wp-caption aligncenter\"><img loading=\"lazy\" decoding=\"async\" aria-describedby=\"caption-attachment-15653\" class=\"size-large wp-image-15653\" src=\"https:\/\/blogs.correio24h.com.br\/mesalte\/wp-content\/uploads\/2018\/06\/claudia-palco-1024x768.jpg\" alt=\"Palco multicolorido\" width=\"1024\" height=\"768\" srcset=\"https:\/\/blogs.correio24h.com.br\/mesalte\/wp-content\/uploads\/2018\/06\/claudia-palco.jpg 1024w, https:\/\/blogs.correio24h.com.br\/mesalte\/wp-content\/uploads\/2018\/06\/claudia-palco-300x225.jpg 300w, https:\/\/blogs.correio24h.com.br\/mesalte\/wp-content\/uploads\/2018\/06\/claudia-palco-768x576.jpg 768w, https:\/\/blogs.correio24h.com.br\/mesalte\/wp-content\/uploads\/2018\/06\/claudia-palco-195x146.jpg 195w, https:\/\/blogs.correio24h.com.br\/mesalte\/wp-content\/uploads\/2018\/06\/claudia-palco-50x38.jpg 50w, https:\/\/blogs.correio24h.com.br\/mesalte\/wp-content\/uploads\/2018\/06\/claudia-palco-100x75.jpg 100w\" sizes=\"auto, (max-width: 1024px) 100vw, 1024px\" \/><p id=\"caption-attachment-15653\" class=\"wp-caption-text\">Palco multicolorido<\/p><\/div>\n<p>Consolidada no seu prop\u00f3sito e estilo de performance Claudia, como sempre, falou pouco e cantou muito. Foram tr\u00eas horas &#8211; seis trocas de roupa &#8211; com um passeio na sua trajet\u00f3ria e can\u00e7\u00f5es novas como Pra Ficar.<\/p>\n<p>No pouco que falou a cantora &#8211; que sempre foi criticada por n\u00e3o se conectar com o p\u00fablico gay (a maioria dos presentes na festa de ontem e em sua carreira) &#8211; acabou surpreendendo. &#8220;Parece que estourou um cano de viado bonito&#8221;, brincou a cantora que foi ovacionada pela plateia.<\/p>\n<p>De fato Claudia, depois que firmou parceria com o grupo baiano San Sebastian (que realizou a festa de ontem com maestria) , tem deixado transparecer mais leveza com rela\u00e7\u00e3o aos temas de diversidade.<\/p>\n<div id=\"attachment_15649\" style=\"width: 1034px\" class=\"wp-caption aligncenter\"><img loading=\"lazy\" decoding=\"async\" aria-describedby=\"caption-attachment-15649\" class=\"size-large wp-image-15649\" src=\"https:\/\/blogs.correio24h.com.br\/mesalte\/wp-content\/uploads\/2018\/06\/ze-claudia-e-magal-1024x768.jpg\" alt=\"Jos\u00e9 Augusto e Andr\u00e9 Magal, diretores do grupo San Sebastian comemoram sucesso ao lado de Claudia\" width=\"1024\" height=\"768\" srcset=\"https:\/\/blogs.correio24h.com.br\/mesalte\/wp-content\/uploads\/2018\/06\/ze-claudia-e-magal.jpg 1024w, https:\/\/blogs.correio24h.com.br\/mesalte\/wp-content\/uploads\/2018\/06\/ze-claudia-e-magal-300x225.jpg 300w, https:\/\/blogs.correio24h.com.br\/mesalte\/wp-content\/uploads\/2018\/06\/ze-claudia-e-magal-768x576.jpg 768w, https:\/\/blogs.correio24h.com.br\/mesalte\/wp-content\/uploads\/2018\/06\/ze-claudia-e-magal-195x146.jpg 195w, https:\/\/blogs.correio24h.com.br\/mesalte\/wp-content\/uploads\/2018\/06\/ze-claudia-e-magal-50x38.jpg 50w, https:\/\/blogs.correio24h.com.br\/mesalte\/wp-content\/uploads\/2018\/06\/ze-claudia-e-magal-100x75.jpg 100w\" sizes=\"auto, (max-width: 1024px) 100vw, 1024px\" \/><p id=\"caption-attachment-15649\" class=\"wp-caption-text\">Jos\u00e9 Augusto e Andr\u00e9 Magal, diretores do grupo San Sebastian comemoram sucesso ao lado de Claudia<\/p><\/div>\n<p>No camarim, antes de subir no palco, Claudia recebeu f\u00e3s e amigos. Muitos, obviamente, gays. Observei de perto as rea\u00e7\u00f5es, gestos e falas. Demonstrou uma conex\u00e3o sincera e verdadeira. Que bom que isso saiu do camarim e foi um pouco para o palco. Que seja mais engajada e pr\u00f3xima dos LGBTs e fa\u00e7a jus ao amor de tantos bolhas coloridos.<\/p>\n<p>O cora\u00e7\u00e3o da Claudia est\u00e1 quente. De gelada mesmo s\u00f3 as m\u00e3os da cantora &#8211; de nervoso e ansiedade! Antes da estreia conversamos com exclusividade para Me Salte.<\/p>\n<p>O papo s\u00f3 teve um pequeno atraso quando ela n\u00e3o resistiu em limpar as lentes dos meus \u00f3culos que estavam embassadas, rsrs!<\/p>\n<p>Canceriana na ess\u00eancia, Cl\u00e1udia promete aos bolhas repetir e melhorar o espet\u00e1culo My Carnaval pelo Brasil a cada cidade que passar com muito amor.<\/p>\n<p>&#8220;Todas as coisas que a gente sonhou e desenhou no cora\u00e7\u00e3o da gente est\u00e1 se materializando. Eu estou bem sens\u00edvel e os bolhas v\u00e3o ver o melhor. Todas as Claudias est\u00e3o aqui&#8221;, destacou a cantora que antecipou para o Me Salte que em julho vai ter show da turn\u00ea nova em Salvador (depois eu conto mais detalhes).<\/p>\n<p>Ah, e para quem ainda insiste na pseudo rivalidade entre ela e Ivete Sangalo \u00e9 bom mudando de ideia. Al\u00e9m de cantar uma m\u00fasica da juazeirense no novo show em maio de 2019 elas ser\u00e3o as grandes atra\u00e7\u00f5es do San Island Weekend, em Trancoso que tamb\u00e9m leva o selo de qualidade San Sebastian &#8211; assim como o show de ontem.<\/p>\n<blockquote><p>&#8220;Vai ser incr\u00edvel&#8221;, adiantou.<\/p><\/blockquote>\n<p>O show de Claudia em S\u00e3o Paulo acontece na v\u00e9spera da parada LGBT+ (a maior da Am\u00e9rica Latina) e questionei a ela sobre como a arte dela pode colaborar para melhorar a situa\u00e7\u00e3o turbulenta que vivemos com graves amea\u00e7as aos direitos humanos.<\/p>\n<p>&#8220;Todo mundo nasceu com um chamado e a gente precisa olhar para nossa atitude. A gente precisa olhar para si mesmo. Vigiar as pr\u00f3prias atitudes em vez de vigiar o pr\u00f3ximo. Ao inv\u00e9s de julgar, condenar ou absolver a gente tem que se olhar. \u00c9 um exerc\u00edcio de cidadania e colocar na frente se tudo aquilo que parece ser frase de caminh\u00e3o que \u00e9 o amor. Amor \u00e9 lente de contato pra gente enxergar melhor. Amor \u00e9 porta aberta e escancarada&#8221;, argumentou.<\/p>\n<p>\u00c9 isso a\u00ed! Parece que, enfim, Cl\u00e1udia passou por baixo do arco-\u00edris. Seja bem vinda com muito amor.<\/p>\n<p>Veja cinco momentos especiais do show:<\/p>\n<p>***<\/p>\n<blockquote class=\"instagram-media\" style=\"background: #FFF; border: 0; border-radius: 3px; box-shadow: 0 0 1px 0 rgba(0,0,0,0.5),0 1px 10px 0 rgba(0,0,0,0.15); margin: 1px; max-width: 658px; padding: 0; width: calc(100% - 2px);\" data-instgrm-permalink=\"https:\/\/www.instagram.com\/p\/BjhmOiIFGt3\/\" data-instgrm-version=\"8\">\n<div style=\"padding: 8px;\">\n<div style=\"background: #F8F8F8; line-height: 0; margin-top: 40px; padding: 28.125% 0; text-align: center; width: 100%;\"><\/div>\n<p style=\"color: #c9c8cd; font-family: Arial,sans-serif; font-size: 14px; line-height: 17px; margin-bottom: 0; margin-top: 8px; overflow: hidden; padding: 8px 0 7px; text-align: center; text-overflow: ellipsis; white-space: nowrap;\"><a style=\"color: #c9c8cd; font-family: Arial,sans-serif; font-size: 14px; font-style: normal; font-weight: normal; line-height: 17px; text-decoration: none;\" href=\"https:\/\/www.instagram.com\/p\/BjhmOiIFGt3\/\" target=\"_blank\">Uma publica\u00e7\u00e3o compartilhada por Me Salte (@me_salte)<\/a> em <time style=\"font-family: Arial,sans-serif; font-size: 14px; line-height: 17px;\" datetime=\"2018-06-02T14:12:06+00:00\">2 de Jun, 2018 \u00e0s 7:12 PDT<\/time><\/p>\n<\/div>\n<\/blockquote>\n<p><script src=\"\/\/www.instagram.com\/embed.js\" async=\"\" defer=\"defer\"><\/script><\/p>\n<p>***<\/p>\n<blockquote class=\"instagram-media\" style=\"background: #FFF; border: 0; border-radius: 3px; box-shadow: 0 0 1px 0 rgba(0,0,0,0.5),0 1px 10px 0 rgba(0,0,0,0.15); margin: 1px; max-width: 658px; padding: 0; width: calc(100% - 2px);\" data-instgrm-permalink=\"https:\/\/www.instagram.com\/p\/Bjhlt63l9u1\/\" data-instgrm-version=\"8\">\n<div style=\"padding: 8px;\">\n<div style=\"background: #F8F8F8; line-height: 0; margin-top: 40px; padding: 28.125% 0; text-align: center; width: 100%;\"><\/div>\n<p><a style=\"color: #c9c8cd; font-family: Arial,sans-serif; font-size: 14px; font-style: normal; font-weight: normal; line-height: 17px; text-decoration: none;\" href=\"https:\/\/www.instagram.com\/p\/Bjhlt63l9u1\/\" target=\"_blank\">Uma publica\u00e7\u00e3o compartilhada por Me Salte (@me_salte)<\/a> em <time style=\"font-family: Arial,sans-serif; font-size: 14px; line-height: 17px;\" datetime=\"2018-06-02T14:04:43+00:00\">2 de Jun, 2018 \u00e0s 7:04 PDT<\/time>\n<\/div>\n<\/blockquote>\n<p><script src=\"\/\/www.instagram.com\/embed.js\" async=\"\" defer=\"defer\"><\/script><\/p>\n<p>***<\/p>\n<blockquote class=\"instagram-media\" style=\"background: #FFF; border: 0; border-radius: 3px; box-shadow: 0 0 1px 0 rgba(0,0,0,0.5),0 1px 10px 0 rgba(0,0,0,0.15); margin: 1px; max-width: 658px; padding: 0; width: calc(100% - 2px);\" data-instgrm-permalink=\"https:\/\/www.instagram.com\/p\/BjhmfBxlmhj\/\" data-instgrm-version=\"8\">\n<div style=\"padding: 8px;\">\n<div style=\"background: #F8F8F8; line-height: 0; margin-top: 40px; padding: 50.0% 0; text-align: center; width: 100%;\"><\/div>\n<p style=\"color: #c9c8cd; font-family: Arial,sans-serif; font-size: 14px; line-height: 17px; margin-bottom: 0; margin-top: 8px; overflow: hidden; padding: 8px 0 7px; text-align: center; text-overflow: ellipsis; white-space: nowrap;\"><a style=\"color: #c9c8cd; font-family: Arial,sans-serif; font-size: 14px; font-style: normal; font-weight: normal; line-height: 17px; text-decoration: none;\" href=\"https:\/\/www.instagram.com\/p\/BjhmfBxlmhj\/\" target=\"_blank\">Uma publica\u00e7\u00e3o compartilhada por Me Salte (@me_salte)<\/a> em <time style=\"font-family: Arial,sans-serif; font-size: 14px; line-height: 17px;\" datetime=\"2018-06-02T14:11:26+00:00\">2 de Jun, 2018 \u00e0s 7:11 PDT<\/time><\/p>\n<\/div>\n<\/blockquote>\n<p><script src=\"\/\/www.instagram.com\/embed.js\" async=\"\" defer=\"defer\"><\/script><\/p>\n<p>***<\/p>\n<blockquote class=\"instagram-media\" style=\"background: #FFF; border: 0; border-radius: 3px; box-shadow: 0 0 1px 0 rgba(0,0,0,0.5),0 1px 10px 0 rgba(0,0,0,0.15); margin: 1px; max-width: 658px; padding: 0; width: calc(100% - 2px);\" data-instgrm-permalink=\"https:\/\/www.instagram.com\/p\/BjhmsR0F4F1\/\" data-instgrm-version=\"8\">\n<div style=\"padding: 8px;\">\n<div style=\"background: #F8F8F8; line-height: 0; margin-top: 40px; padding: 28.125% 0; text-align: center; width: 100%;\"><\/div>\n<p><a style=\"color: #c9c8cd; font-family: Arial,sans-serif; font-size: 14px; font-style: normal; font-weight: normal; line-height: 17px; text-decoration: none;\" href=\"https:\/\/www.instagram.com\/p\/BjhmsR0F4F1\/\" target=\"_blank\">Uma publica\u00e7\u00e3o compartilhada por Me Salte (@me_salte)<\/a> em <time style=\"font-family: Arial,sans-serif; font-size: 14px; line-height: 17px;\" datetime=\"2018-06-02T14:16:24+00:00\">2 de Jun, 2018 \u00e0s 7:16 PDT<\/time>\n<\/div>\n<\/blockquote>\n<p><script src=\"\/\/www.instagram.com\/embed.js\" async=\"\" defer=\"defer\"><\/script><\/p>\n","protected":false},"excerpt":{"rendered":"<p>Uma vedete multifacetada. Canta, dan\u00e7a e mostra que beleza n\u00e3o \u00e9 fundamental &#8211; como diria o poeta -, mas alegra e estasia. Carnavalesca, com figurinos em [&hellip;]<\/p>\n","protected":false},"author":1,"featured_media":15648,"comment_status":"open","ping_status":"open","sticky":false,"template":"","format":"image","meta":{"footnotes":""},"categories":[28,80],"tags":[],"class_list":["post-15643","post","type-post","status-publish","format-image","has-post-thumbnail","hentry","category-farofa-digital","category-home","post_format-post-format-image"],"_links":{"self":[{"href":"https:\/\/blogs.correio24horas.com.br\/mesalte\/wp-json\/wp\/v2\/posts\/15643","targetHints":{"allow":["GET"]}}],"collection":[{"href":"https:\/\/blogs.correio24horas.com.br\/mesalte\/wp-json\/wp\/v2\/posts"}],"about":[{"href":"https:\/\/blogs.correio24horas.com.br\/mesalte\/wp-json\/wp\/v2\/types\/post"}],"author":[{"embeddable":true,"href":"https:\/\/blogs.correio24horas.com.br\/mesalte\/wp-json\/wp\/v2\/users\/1"}],"replies":[{"embeddable":true,"href":"https:\/\/blogs.correio24horas.com.br\/mesalte\/wp-json\/wp\/v2\/comments?post=15643"}],"version-history":[{"count":6,"href":"https:\/\/blogs.correio24horas.com.br\/mesalte\/wp-json\/wp\/v2\/posts\/15643\/revisions"}],"predecessor-version":[{"id":15654,"href":"https:\/\/blogs.correio24horas.com.br\/mesalte\/wp-json\/wp\/v2\/posts\/15643\/revisions\/15654"}],"wp:featuredmedia":[{"embeddable":true,"href":"https:\/\/blogs.correio24horas.com.br\/mesalte\/wp-json\/wp\/v2\/media\/15648"}],"wp:attachment":[{"href":"https:\/\/blogs.correio24horas.com.br\/mesalte\/wp-json\/wp\/v2\/media?parent=15643"}],"wp:term":[{"taxonomy":"category","embeddable":true,"href":"https:\/\/blogs.correio24horas.com.br\/mesalte\/wp-json\/wp\/v2\/categories?post=15643"},{"taxonomy":"post_tag","embeddable":true,"href":"https:\/\/blogs.correio24horas.com.br\/mesalte\/wp-json\/wp\/v2\/tags?post=15643"}],"curies":[{"name":"wp","href":"https:\/\/api.w.org\/{rel}","templated":true}]}}