{"id":15632,"date":"2018-06-01T19:30:11","date_gmt":"2018-06-01T22:30:11","guid":{"rendered":"http:\/\/blogs.correio24horas.com.br\/mesalte\/?p=15632"},"modified":"2018-06-01T15:53:19","modified_gmt":"2018-06-01T18:53:19","slug":"rougeemsalvador","status":"publish","type":"post","link":"https:\/\/blogs.correio24horas.com.br\/mesalte\/rougeemsalvador\/","title":{"rendered":"Rouge comemora 15 anos com show em Salvador neste s\u00e1bado (2)"},"content":{"rendered":"<p>Se voc\u00ea era crian\u00e7a ou adolescente em 2002, provavelmente j\u00e1 dan\u00e7ou muito Ragatanga com seus amigos. Tamb\u00e9m deve ter ficado decepcionado quando, em 2006, o Rouge anunciou seu fim. No final do ano passado, Aline Wirley, Fantine Th\u00f3, Karin Hils, Li Martins e Lu Andrade retornaram\u00a0com\u00a0banda em sua forma\u00e7\u00e3o original.<\/p>\n<p>Ap\u00f3s passar por S\u00e3o Paulo, Rio de Janeiro, Fortaleza, Belo Horizonte, entre outras cidades, a girlband que marcou uma gera\u00e7\u00e3o de jovens por todo pa\u00eds far\u00e1, neste s\u00e1bado (2), um show, \u00e0s 22h, no Alto do And\u00fa, em Salvador. A apresenta\u00e7\u00e3o faz parte da nova turn\u00ea comemorativa aos 15 anos de hist\u00f3ria do grupo, desde a forma\u00e7\u00e3o original.<\/p>\n<p><a href=\"https:\/\/blogs.correio24h.com.br\/mesalte\/wp-content\/uploads\/2018\/05\/ROUGECAPA.png\" rel=\"attachment wp-att-15633\"><img loading=\"lazy\" decoding=\"async\" class=\"alignnone size-full wp-image-15633\" src=\"https:\/\/blogs.correio24h.com.br\/mesalte\/wp-content\/uploads\/2018\/05\/ROUGECAPA.png\" alt=\"ROUGECAPA\" width=\"1100\" height=\"684\" srcset=\"https:\/\/blogs.correio24h.com.br\/mesalte\/wp-content\/uploads\/2018\/05\/ROUGECAPA.png 1100w, https:\/\/blogs.correio24h.com.br\/mesalte\/wp-content\/uploads\/2018\/05\/ROUGECAPA-300x187.png 300w, https:\/\/blogs.correio24h.com.br\/mesalte\/wp-content\/uploads\/2018\/05\/ROUGECAPA-768x478.png 768w, https:\/\/blogs.correio24h.com.br\/mesalte\/wp-content\/uploads\/2018\/05\/ROUGECAPA-1024x637.png 1024w, https:\/\/blogs.correio24h.com.br\/mesalte\/wp-content\/uploads\/2018\/05\/ROUGECAPA-235x146.png 235w, https:\/\/blogs.correio24h.com.br\/mesalte\/wp-content\/uploads\/2018\/05\/ROUGECAPA-50x31.png 50w, https:\/\/blogs.correio24h.com.br\/mesalte\/wp-content\/uploads\/2018\/05\/ROUGECAPA-121x75.png 121w\" sizes=\"auto, (max-width: 1100px) 100vw, 1100px\" \/><\/a><\/p>\n<p>\u201c\u00c9 uma del\u00edcia voltar para essa terra t\u00e3o especial, que j\u00e1 nos acolheu com tanto amor. Salvador tem uma energia \u00edmpar e sentir isso \u00e9 sempre maravilhoso. Estamos animadas!\u201d, revela Aline. A \u00faltima apresenta\u00e7\u00e3o das &#8220;cinderelas do pop&#8221; na capital baiana aconteceu h\u00e1 14 anos. Desde ent\u00e3o, as garotas \u2013 hoje mulheres \u2013 s\u00f3 vieram para Salvador a passeio. \u201cJ\u00e1 estive a\u00ed em outras oportunidades. J\u00e1 pulei muito carnaval. Amo real\u201d, conta Li.<\/p>\n<p>Segundo elas, a terra do dend\u00ea e os artistas baianos sempre estiveram entre as refer\u00eancias do grupo. \u201cTive o prazer de conhecer e homenagear a Ivete Sangalo recentemente em S\u00e3o Paulo, foi lindo! A Bahia tem grandes nomes que admiramos como a pr\u00f3pria Ivete, Carlinhos Brown, Caetano Veloso, entre outros\u201d, revela Fantine.<\/p>\n<p><iframe loading=\"lazy\" src=\"https:\/\/www.youtube.com\/embed\/49vhYilK8Vo\" width=\"560\" height=\"315\" frameborder=\"0\" allowfullscreen=\"allowfullscreen\"><\/iframe><\/p>\n<p><b>Espet\u00e1culo<\/b><br \/>\nAntes de subirem ao palco como cinco guerreiras trajando um elaborado figurino dourado, as cantoras aparecem projetadas em preto e branco nos grandes tel\u00f5es de LED do cen\u00e1rio anunciando a \u201cnova era Rouge\u201d, com um texto exaltando a inclus\u00e3o e a diversidade. O hit Bl\u00e1, Bl\u00e1, Bl\u00e1 d\u00e1 o pontap\u00e9 inicial.<b> <\/b>\u201cEstamos trabalhando o show da turn\u00ea Rouge 15 anos com nossos grandes cl\u00e1ssicos, em releituras atuais e nosso corpo de bal\u00e9 muso. Est\u00e1 tudo lindo. Voc\u00eas v\u00e3o amar\u201d, fala Lu.<b> <\/b><\/p>\n<table>\n<tbody>\n<tr>\n<td class=\"text-center\"><img loading=\"lazy\" decoding=\"async\" src=\"http:\/\/redacao.correio24horas.com.br\/fileadmin\/user_upload\/correio24horas\/2018\/05\/31\/29e4a9b4904fbeb4bfb86af470d71c22.jpg\" alt=\"\" width=\"748\" height=\"410\" data-htmlarea-file-table=\"sys_file\" data-htmlarea-file-uid=\"742058\" \/><\/td>\n<\/tr>\n<tr>\n<td>\n<p class=\"text-center\">(Foto: Carol Caminha\/Divulga\u00e7\u00e3o)<\/p>\n<\/td>\n<\/tr>\n<\/tbody>\n<\/table>\n<p>A megaestrutura da apresenta\u00e7\u00e3o conta com uma ampla quantidade de exibi\u00e7\u00f5es de imagens. No segundo ato, as vestimentas douradas s\u00e3o substitu\u00eddas por pe\u00e7as que fazem alus\u00e3o \u00e0 personagens do conto de fadas Alice no Pa\u00eds das Maravilhas, cheios de cores s\u00f3lidas e vibrantes.<\/p>\n<p>O setlist, repleto de sucessos como Ragatanga, Brilha La Luna e Um Anjo Veio Me Falar, faz com que o p\u00fablico viaje no tempo e relembre cada fase da banda pop \u2013 que tem quatro CDs gravados e lan\u00e7ou, antes do Carnaval, seu mais novo single, Bailando. \u201cA ess\u00eancia permanece, mas tudo mudou. N\u00f3s mudamos. Estamos mais amadurecidas, experientes.\u00a0 Esse tempo foi muito importante para n\u00f3s, para nossas vidas e para que esse reencontro fosse poss\u00edvel\u201d, comenta Karin.<\/p>\n<p><iframe loading=\"lazy\" src=\"https:\/\/www.youtube.com\/embed\/jIMn66a4Ol4\" width=\"560\" height=\"315\" frameborder=\"0\" allowfullscreen=\"allowfullscreen\"><\/iframe><\/p>\n<p>De acordo com o quinteto, s\u00e3o mais de 90 minutos que enchem os olhos e o cora\u00e7\u00e3o do p\u00fablico, repleto de mensagens de empoderamento, igualdade e fraternidade durante toda a apresenta\u00e7\u00e3o. Al\u00e9m de marcar a volta da girlband para a estrada, o show Rouge 15 Anos reconecta o sentimento de uni\u00e3o que elas proporcionavam com as can\u00e7\u00f5es e ainda se mant\u00e9m vivo dentro de cada f\u00e3 do grupo, nascido no reality show Popstars (2002), no SBT. \u201cA sensa\u00e7\u00e3o de nostalgia j\u00e1 passou para n\u00f3s, mas \u00e9 normal para os que assistem nosso show pela primeira vez. Cada apresenta\u00e7\u00e3o \u00e9 muito emocionante e \u00fanica, somos gratas por subir ao palco\u201d, afirma Aline.<\/p>\n<p><iframe loading=\"lazy\" src=\"https:\/\/www.youtube.com\/embed\/jSa_E00fBhg\" width=\"560\" height=\"315\" frameborder=\"0\" allowfullscreen=\"allowfullscreen\"><\/iframe><\/p>\n<p>O retorno do Rouge surge em momento certo, tendo em vista que as garotas j\u00e1 abordavam temas do universo feminino\u00a0e a diversidade, mesmo que indiretamente. De origem humilde, elas ganharam fama com esfor\u00e7o, talento e bom marketing. \u201cHoje levantamos a bandeira do respeito, da educa\u00e7\u00e3o, do amor. N\u00e3o gosto de dizer sou isso ou aquilo, mas \u00f3bvio que, como mulher, tamb\u00e9m luto por respeito, por direitos, igualdade\u201d, diz\u00a0Lu.<\/p>\n<p>Ingressos custam entre R$ 65 a R$ 180 e est\u00e3o sendo  e nas lojas Chilli Beans dos shoppings Salvador Norte, Shopping da Bahia e Shopping Barra ; loja Lez a Lez no Shopping Salvador; e Raphaella Booz no Shopping Paralela.<\/p>\n<table>\n<tbody>\n<tr>\n<td class=\"text-center\"><img loading=\"lazy\" decoding=\"async\" src=\"http:\/\/redacao.correio24horas.com.br\/fileadmin\/user_upload\/correio24horas\/2018\/05\/31\/20160610141559.jpg\" alt=\"\" width=\"537\" height=\"358\" data-htmlarea-file-table=\"sys_file\" data-htmlarea-file-uid=\"742060\" \/><\/td>\n<\/tr>\n<tr>\n<td class=\"text-center\"><strong>Quinteto nasceu no programa Popstars, do SBT<\/strong><br \/>\n(Foto: Divulga\u00e7\u00e3o)<\/td>\n<\/tr>\n<\/tbody>\n<\/table>\n<p><b>Recome\u00e7o<\/b><br \/>\nA reestreia do Rouge nos palcos \u2013 ap\u00f3s um hiato de 11 anos (13 com a forma\u00e7\u00e3o original) \u2013 ocorreu em outubro de 2017, depois que o\u00a0empres\u00e1rio pernambucano Pablo Falc\u00e3o, criador da festa Ch\u00e1 da Alice, conseguiu inseri-las no projeto. Foram realizadas quatro apresenta\u00e7\u00f5es especiais do Ch\u00e1 Rouge, sendo duas no Rio de Janeiro (RJ) e outras duas em S\u00e3o Paulo (SP).<\/p>\n<p>Com o estrondoso sucesso dos shows, esgotamento de ingressos em tempo recorde e o clamor incans\u00e1vel dos milhares de f\u00e3s, a turn\u00ea logo se tornou realidade.<\/p>\n<p><iframe loading=\"lazy\" src=\"https:\/\/www.youtube.com\/embed\/yP2_LB1-mt0\" width=\"560\" height=\"315\" frameborder=\"0\" allowfullscreen=\"allowfullscreen\"><\/iframe><\/p>\n<p>A girlband seguir\u00e1 percorrendo o Brasil at\u00e9 agosto deste ano e pretende lan\u00e7ar mais m\u00fasicas juntas. Confira abaixo entrevista completa do CORREIO com as cantoras da banda, depoimentos de f\u00e3s e antes e depois de cada uma delas (arraste para os lados e veja as fotos completas).<\/p>\n<p><script>\/\/ <![CDATA[\n(function(d,s,id){var js,fjs=d.getElementsByTagName(s)[0];if(d.getElementById(id))return;js=d.createElement(s);js.id=id;js.src='https:\/\/embed.playbuzz.com\/sdk.js';fjs.parentNode.insertBefore(js,fjs);}(document,'script','playbuzz-sdk'));\n\/\/ ]]><\/script><\/p>\n<div class=\"playbuzz\" data-id=\"69d7a339-84a0-448d-9e00-50f1a1c935fe\" data-show-share=\"false\" data-show-info=\"false\"><\/div>\n<p><strong>Aline Wirley<\/strong> tem 36 anos. Estreou como atriz de musicais ao integrar o elenco de O Soar da Liberdade, como a personagem Mia. Em 2009, lan\u00e7ou seu primeiro \u00e1lbum solo, Saudades do Samba, de forma independente. Interpretou Jane no Hairspray e, entre 2010 e 2011, esteve em Hair como Mary Janet.Em 2012 integrou Tim Maia: Vale Tudo, musical inspirado nas faixas do cantor, ficando no papel de Z\u00e9 Maur\u00edcio at\u00e9 2014.<\/p>\n<p><iframe loading=\"lazy\" class=\"juxtapose\" src=\"https:\/\/cdn.knightlab.com\/libs\/juxtapose\/latest\/embed\/index.html?uid=8b58f64c-6507-11e8-b263-0edaf8f81e27\" width=\"100%\" height=\"840\" frameborder=\"0\"><\/iframe><\/p>\n<p><strong>Fantine Th\u00f3<\/strong>\u00a0tem 39 anos.\u00a0Em 2006, formou a Banda Th\u00f3 com seu irm\u00e3o Jonathan e alguns amigos, a qual saiu no fim do ano seguinte, quando casou e mudou-se para a Holanda. Em 2009, liberou seu primeiro EP, Rise e, em 2015, lan\u00e7ou seu primeiro \u00e1lbum de forma independente, Dusty But New. Em 2016, fundou seu pr\u00f3prio centro de yoga, o Atma Mutriba.<\/p>\n<p><iframe loading=\"lazy\" class=\"juxtapose\" src=\"https:\/\/cdn.knightlab.com\/libs\/juxtapose\/latest\/embed\/index.html?uid=3d0efe36-6508-11e8-b263-0edaf8f81e27\" width=\"100%\" height=\"840\" frameborder=\"0\"><\/iframe><\/p>\n<p><strong>Karin Hils<\/strong> tem 39 anos.\u00a0Ap\u00f3s o fim do Rouge, destacou-se como atriz em diversos musicais no teatro, como Hairspray, Emo\u00e7\u00f5es Baratas, Al\u00f4, Dolly!, Xanadu e Mudan\u00e7a de H\u00e1bito, al\u00e9m de estrelar nos seriados P\u00e9 na Cova e Sexo e as Negas. Em 2016, interpretou a divertida e atrapalhada novi\u00e7a Irm\u00e3 Fabiana em Carinha de Anjo (SBT).<\/p>\n<p><iframe loading=\"lazy\" class=\"juxtapose\" src=\"https:\/\/cdn.knightlab.com\/libs\/juxtapose\/latest\/embed\/index.html?uid=60c2b8d4-650a-11e8-b263-0edaf8f81e27\" width=\"100%\" height=\"840\" frameborder=\"0\"><\/iframe><\/p>\n<p><strong>Li Martins<\/strong> tem 34 anos.\u00a0Dedicou-se \u00e0 carreira de atriz em musicais, estreando como protagonista em Miss Saigo e na vers\u00e3o da Broadway de A Bela e a Fera.\u00a0Em 2012, participou da produ\u00e7\u00e3o brasileira de Priscilla \u2013 Rainha do Deserto. J\u00e1 em 2014, viajou o Brasil com a turn\u00ea Disney in Concert: As M\u00fasicas dos seus Filmes Favoritos. Em 2015, participou do reality show A Fazenda. Em 2016, lan\u00e7ou\u00a0seu primeiro single, Vai Chegar.<\/p>\n<p><iframe loading=\"lazy\" class=\"juxtapose\" src=\"https:\/\/cdn.knightlab.com\/libs\/juxtapose\/latest\/embed\/index.html?uid=7fd3d284-6506-11e8-b263-0edaf8f81e27\" width=\"100%\" height=\"840\" frameborder=\"0\"><\/iframe><\/p>\n<p><strong>Lu Andrade<\/strong> tem 39 anos.\u00a0Em 2004, deixou a banda alegando falta de identifica\u00e7\u00e3o com o estilo musical do grupo. Em 2005, retornou \u00e0 S\u00e3o Paulo para estudar m\u00fasica. Trabalhou como vocal de apoio para Negra Li, Nasi, Furto, Forgotten Boys e S\u00e9rgio Britto, al\u00e9m do estadunidense Eric Silver. Em 2010, participou do musical Into The Woods, vers\u00e3o brasileira do cl\u00e1ssico da Broadway. Lan\u00e7ou, em 2012, seu primeiro single, Mind and Heart. Nos anos seguintes, formou o projeto Duo El\u00e9trico junto com o guitarrista Ciro Visconti e se tornou vocalista da banda \u00c1ries. Apresentou o Est\u00fadio Acesso Cultural, em 2016.<\/p>\n<p><iframe loading=\"lazy\" class=\"juxtapose\" src=\"https:\/\/cdn.knightlab.com\/libs\/juxtapose\/latest\/embed\/index.html?uid=3f9ebdde-6509-11e8-b263-0edaf8f81e27\" width=\"100%\" height=\"840\" frameborder=\"0\"><\/iframe><\/p>\n<div class=\"playbuzz\" data-id=\"6af6f57a-38d2-4395-9e4f-7d7444c9c1e0\" data-show-info=\"false\" data-show-share=\"false\"><\/div>\n<p><em>*Com informa\u00e7\u00f5es de\u00a0<a href=\"http:\/\/jconline.ne10.uol.com.br\/canal\/cultura\/musica\/noticia\/2018\/01\/29\/fas-deliram-na-estreia-do-show-rouge-15-anos-325915.php\">Cloves Teodorico, do\u00a0Jornal do Commercio<\/a>\/Rede Nordeste<\/em><\/p>\n","protected":false},"excerpt":{"rendered":"<p>Se voc\u00ea era crian\u00e7a ou adolescente em 2002, provavelmente j\u00e1 dan\u00e7ou muito Ragatanga com seus amigos. Tamb\u00e9m deve ter ficado decepcionado quando, em 2006, o Rouge [&hellip;]<\/p>\n","protected":false},"author":3,"featured_media":15634,"comment_status":"open","ping_status":"open","sticky":false,"template":"","format":"image","meta":{"footnotes":""},"categories":[28,80],"tags":[1672,1501,170],"class_list":["post-15632","post","type-post","status-publish","format-image","has-post-thumbnail","hentry","category-farofa-digital","category-home","tag-alto-do-andu","tag-rouge","tag-salvador","post_format-post-format-image"],"_links":{"self":[{"href":"https:\/\/blogs.correio24horas.com.br\/mesalte\/wp-json\/wp\/v2\/posts\/15632","targetHints":{"allow":["GET"]}}],"collection":[{"href":"https:\/\/blogs.correio24horas.com.br\/mesalte\/wp-json\/wp\/v2\/posts"}],"about":[{"href":"https:\/\/blogs.correio24horas.com.br\/mesalte\/wp-json\/wp\/v2\/types\/post"}],"author":[{"embeddable":true,"href":"https:\/\/blogs.correio24horas.com.br\/mesalte\/wp-json\/wp\/v2\/users\/3"}],"replies":[{"embeddable":true,"href":"https:\/\/blogs.correio24horas.com.br\/mesalte\/wp-json\/wp\/v2\/comments?post=15632"}],"version-history":[{"count":1,"href":"https:\/\/blogs.correio24horas.com.br\/mesalte\/wp-json\/wp\/v2\/posts\/15632\/revisions"}],"predecessor-version":[{"id":15635,"href":"https:\/\/blogs.correio24horas.com.br\/mesalte\/wp-json\/wp\/v2\/posts\/15632\/revisions\/15635"}],"wp:featuredmedia":[{"embeddable":true,"href":"https:\/\/blogs.correio24horas.com.br\/mesalte\/wp-json\/wp\/v2\/media\/15634"}],"wp:attachment":[{"href":"https:\/\/blogs.correio24horas.com.br\/mesalte\/wp-json\/wp\/v2\/media?parent=15632"}],"wp:term":[{"taxonomy":"category","embeddable":true,"href":"https:\/\/blogs.correio24horas.com.br\/mesalte\/wp-json\/wp\/v2\/categories?post=15632"},{"taxonomy":"post_tag","embeddable":true,"href":"https:\/\/blogs.correio24horas.com.br\/mesalte\/wp-json\/wp\/v2\/tags?post=15632"}],"curies":[{"name":"wp","href":"https:\/\/api.w.org\/{rel}","templated":true}]}}