{"id":15585,"date":"2018-05-22T09:21:23","date_gmt":"2018-05-22T12:21:23","guid":{"rendered":"http:\/\/blogs.correio24horas.com.br\/mesalte\/?p=15585"},"modified":"2018-05-22T09:21:37","modified_gmt":"2018-05-22T12:21:37","slug":"a-lapa-e-nossa-escadaria-ganha-as-cores-da-bandeira-lgbt","status":"publish","type":"post","link":"https:\/\/blogs.correio24horas.com.br\/mesalte\/a-lapa-e-nossa-escadaria-ganha-as-cores-da-bandeira-lgbt\/","title":{"rendered":"A Lapa \u00e9 nossa: escadaria ganha as cores da bandeira LGBT"},"content":{"rendered":"<p><em><strong>Por Laura Fernandes<\/strong><\/em><\/p>\n<p class=\"bodytext\">Bastou parar na frente da escadaria da esta\u00e7\u00e3o da Lapa para perceber os olhares curiosos e as caras de interroga\u00e7\u00e3o. \u201cDesculpa perguntar, mas foram voc\u00eas que fizeram esse memorial?\u201d, questionou um rapaz \u00e0 equipe do CORREIO, apontando para a escada rec\u00e9m-pintada com as cores do arco-\u00edris e para os arranjos de flores perto do primeiro degrau.<\/p>\n<p class=\"bodytext\">Ao descobrir que se tratava de uma a\u00e7\u00e3o do Grupo Gay da Bahia (GGB) para marcar o Dia Internacional de Combate \u00e0\u00a0LGBTfobia, o atendente Edson Souza, 25 anos, questionou: \u201cE \u00e9 hoje? N\u00e3o \u00e9 comemorado dia 17, menina?\u201d. Exatamente: os 30 degraus coloridos celebram o dia 17 de maio e a a\u00e7\u00e3o chamada Tire o Preconceito do Caminho que Vamos Passar segue at\u00e9 o dia 21 de junho, em homenagem \u00e0s cores-s\u00edmbolo da luta LGBT por igualdade, respeito \u00e0 diversidade e cidadania.<\/p>\n<div id=\"div-gpt-ad-1504711491229-3\" data-google-query-id=\"CIy2krKjmdsCFYTC4QoduAsEQg\">\n<div id=\"google_ads_iframe_\/44585206\/c24h_minhabahia_300x250_01_0__container__\">Com o semblante surpreso, Edson aprovou a a\u00e7\u00e3o na esta\u00e7\u00e3o por onde transitam cerca de 800 mil pessoas diariamente. \u201cAmei! Aqui \u00e9 o lugar por onde passa toda a Salvador e o preconceito \u00e9 o que a gente mais vive hoje. Por que eu aprovo? Porque sou isso, n\u00e9 gata?\u201d, gargalhou o atendente com a m\u00e3o na cintura. \u201cO preconceito tem que acabar. J\u00e1 sofri muito, mas hoje nem ligo. Pago minhas contas, n\u00e9? Oxe, me deixe\u201d, finalizou, orgulhoso.<\/div>\n<div>\n<div id=\"attachment_15587\" style=\"width: 1034px\" class=\"wp-caption aligncenter\"><img loading=\"lazy\" decoding=\"async\" aria-describedby=\"caption-attachment-15587\" class=\"size-large wp-image-15587\" src=\"https:\/\/blogs.correio24h.com.br\/mesalte\/wp-content\/uploads\/2018\/05\/escada3-1024x683.jpg\" alt=\"Foto: Almiro Lopes\/CORREIO\" width=\"1024\" height=\"683\" srcset=\"https:\/\/blogs.correio24h.com.br\/mesalte\/wp-content\/uploads\/2018\/05\/escada3-1024x683.jpg 1024w, https:\/\/blogs.correio24h.com.br\/mesalte\/wp-content\/uploads\/2018\/05\/escada3-300x200.jpg 300w, https:\/\/blogs.correio24h.com.br\/mesalte\/wp-content\/uploads\/2018\/05\/escada3-768x512.jpg 768w, https:\/\/blogs.correio24h.com.br\/mesalte\/wp-content\/uploads\/2018\/05\/escada3-219x146.jpg 219w, https:\/\/blogs.correio24h.com.br\/mesalte\/wp-content\/uploads\/2018\/05\/escada3-50x33.jpg 50w, https:\/\/blogs.correio24h.com.br\/mesalte\/wp-content\/uploads\/2018\/05\/escada3-113x75.jpg 113w\" sizes=\"auto, (max-width: 1024px) 100vw, 1024px\" \/><p id=\"caption-attachment-15587\" class=\"wp-caption-text\">Foto: Almiro Lopes\/CORREIO<\/p><\/div>\n<\/div>\n<\/div>\n<div id=\"smartIntxt\" data-smartplay-instance-id=\"0\">\n<div id=\"smartIntxt-backdrop\"><\/div>\n<p>Logo depois, uma jovem que n\u00e3o quis se identificar perguntou: \u201cIsso \u00e9 o que eu t\u00f4 pensando que \u00e9?\u201d. Diante da resposta positiva, ela acrescentou animada: \u201cLogo vi! Tem gente que vai se impactar, gente que vai achar absurdo, mas achei massa!\u201d, aprovou a garota que todo dia sai do Garcia at\u00e9 a esta\u00e7\u00e3o da Lapa para cuidar dos oito cachorros e 45 gatos que moram com a m\u00e3e no Pau Mi\u00fado. \u201cL\u00e1 no apartamento n\u00e3o tem espa\u00e7o e meu marido n\u00e3o gosta\u201d, justificou rindo.<\/p>\n<\/div>\n<p class=\"bodytext\">Ent\u00e3o, logo entregou que muitas amigas suas v\u00e3o gostar da novidade na esta\u00e7\u00e3o da Lapa, principalmente uma que era evang\u00e9lica e decidiu sair da Igreja porque n\u00e3o estava feliz em esconder sua prefer\u00eancia por mulheres.<\/p>\n<blockquote>\n<p class=\"bodytext\">\u201cEla n\u00e3o quis mais se esconder, mas ainda tem muita gente infeliz que fica se reprimindo. S\u00e3o todos seres humanos e temos que ter respeito\u201d, defendeu.<\/p>\n<\/blockquote>\n<p class=\"bodytext\">Curiosa com o novo cen\u00e1rio, a professora aposentada Valdete Aguiar, 73, chegou de mansinho para entender o que estava acontecendo. \u201cEstava aqui curiando e fiquei intrigada. O que \u00e9 isso?\u201d, perguntou, afinal passa na esta\u00e7\u00e3o da Lapa cinco vezes na semana e era a primeira vez que via o subsolo t\u00e3o colorido. \u201cAchei \u00f3timo! Sou contra o preconceito contra gays, idosos, pobres, negros&#8230; Tem que haver respeito \u00e0s diferen\u00e7as. Se todo mundo gostasse s\u00f3 do rosa, o que seria do azul e do amarelo?\u201d, sorriu Valdete.<\/p>\n<p class=\"bodytext\">Esse foi justamente o mote da a\u00e7\u00e3o que aconteceu na tarde desta segunda-feira (21) e contou com presen\u00e7a de ativistas pol\u00edticos e entidades governamentais. \u201cImportante lembrar que as cores do arco-\u00edris representam a diversidade de pessoas. A bandeira \u00e9 muito mais do que LGBT\u201d, destacou Millena Passos, que \u00e9 coordenadora do GGB, diretora da Uni\u00e3o Nacional LGBT e assessora t\u00e9cnica da Secretaria de Pol\u00edticas para as Mulheres (SPM).<\/p>\n<blockquote>\n<p class=\"bodytext\">\u201cA gente vive numa sociedade machista, sexista, lgbtf\u00f3bica e temos que come\u00e7ar a compreender a diversidade\u201d, refor\u00e7ou Millena.<\/p>\n<\/blockquote>\n","protected":false},"excerpt":{"rendered":"<p>Por Laura Fernandes Bastou parar na frente da escadaria da esta\u00e7\u00e3o da Lapa para perceber os olhares curiosos e as caras de interroga\u00e7\u00e3o. \u201cDesculpa perguntar, mas [&hellip;]<\/p>\n","protected":false},"author":1,"featured_media":15586,"comment_status":"open","ping_status":"open","sticky":false,"template":"","format":"image","meta":{"footnotes":""},"categories":[80,9],"tags":[],"class_list":["post-15585","post","type-post","status-publish","format-image","has-post-thumbnail","hentry","category-home","category-me-orgulho","post_format-post-format-image"],"_links":{"self":[{"href":"https:\/\/blogs.correio24horas.com.br\/mesalte\/wp-json\/wp\/v2\/posts\/15585","targetHints":{"allow":["GET"]}}],"collection":[{"href":"https:\/\/blogs.correio24horas.com.br\/mesalte\/wp-json\/wp\/v2\/posts"}],"about":[{"href":"https:\/\/blogs.correio24horas.com.br\/mesalte\/wp-json\/wp\/v2\/types\/post"}],"author":[{"embeddable":true,"href":"https:\/\/blogs.correio24horas.com.br\/mesalte\/wp-json\/wp\/v2\/users\/1"}],"replies":[{"embeddable":true,"href":"https:\/\/blogs.correio24horas.com.br\/mesalte\/wp-json\/wp\/v2\/comments?post=15585"}],"version-history":[{"count":2,"href":"https:\/\/blogs.correio24horas.com.br\/mesalte\/wp-json\/wp\/v2\/posts\/15585\/revisions"}],"predecessor-version":[{"id":15589,"href":"https:\/\/blogs.correio24horas.com.br\/mesalte\/wp-json\/wp\/v2\/posts\/15585\/revisions\/15589"}],"wp:featuredmedia":[{"embeddable":true,"href":"https:\/\/blogs.correio24horas.com.br\/mesalte\/wp-json\/wp\/v2\/media\/15586"}],"wp:attachment":[{"href":"https:\/\/blogs.correio24horas.com.br\/mesalte\/wp-json\/wp\/v2\/media?parent=15585"}],"wp:term":[{"taxonomy":"category","embeddable":true,"href":"https:\/\/blogs.correio24horas.com.br\/mesalte\/wp-json\/wp\/v2\/categories?post=15585"},{"taxonomy":"post_tag","embeddable":true,"href":"https:\/\/blogs.correio24horas.com.br\/mesalte\/wp-json\/wp\/v2\/tags?post=15585"}],"curies":[{"name":"wp","href":"https:\/\/api.w.org\/{rel}","templated":true}]}}