{"id":15541,"date":"2018-05-18T10:49:58","date_gmt":"2018-05-18T13:49:58","guid":{"rendered":"http:\/\/blogs.correio24horas.com.br\/mesalte\/?p=15541"},"modified":"2018-05-18T10:51:28","modified_gmt":"2018-05-18T13:51:28","slug":"escadaria-da-estacao-da-lapa-sera-pintada-com-as-cores-da-bandeira-lgbt","status":"publish","type":"post","link":"https:\/\/blogs.correio24horas.com.br\/mesalte\/escadaria-da-estacao-da-lapa-sera-pintada-com-as-cores-da-bandeira-lgbt\/","title":{"rendered":"Escadaria da esta\u00e7\u00e3o da Lapa ser\u00e1 pintada com as cores da bandeira LGBT"},"content":{"rendered":"<p>A maior esta\u00e7\u00e3o de transbordo de Salvador &#8211; a esta\u00e7\u00e3o da Lapa &#8211; ganhar\u00e1 as cores de arco-\u00edris,\u00a0s\u00edmbolo da caminhada LGBT por igualdade, respeito a diversidade e cidadania no mundo inteiro. A partir de segunda-feira (21) o equipamento estar\u00e1 com as cores da diversidade.<\/p>\n<p>A iniciativa colorida comemora o Dia Mundial de Combate a LGBTfobia (17 de maio) e recebeu como t\u00edtulo \u201cTire o Preconceito do Caminho que Vamos Passar\u201d. O local escolhido pelo Grupo Gay da Bahia (GGB) foi a escadaria fixa que faz o acesso do subsolo da Esta\u00e7\u00e3o para o primeiro andar: 30 degraus receber\u00e3o uma composi\u00e7\u00e3o das cores que reproduzem a bandeira do movimento LGBT em sua forma original.<\/p>\n<p>O presidente do GGB Marcelo Cerqueira comemora a iniciativa.\u00a0 \u201cEssa arte-instala\u00e7\u00e3o se relaciona com o simb\u00f3lico individual de muitos LGBTs suburbanos ou da periferia que puderam fortalecer a sua identidade fazendo uso cotidiano desse circuito que se insere em um territ\u00f3rio indenit\u00e1rio urbano que \u00e9 a cidade\u201d. Cerqueira pretende que essa a\u00e7\u00e3o estimule ainda mais os LGBTs fazerem uso dos espa\u00e7os urbanos nas metr\u00f3poles de forma c\u00edvica e respeitosa, n\u00e3o somente com a cidade, mas com os demais indiv\u00edduos que transitam no mesmo territ\u00f3rio. Assim sendo, o GGB estimula as demonstra\u00e7\u00f5es de afeto em p\u00fablico, sem excessos, \u201cno mesmo ritmo dos casais heterossexuais: direitos iguais, nem menos, nem mais!\u201d.<br \/>\nA campanha ainda possui outras mensagens de apoio. \u201cDiscriminar pessoas por elas serem o que s\u00e3o, \u00e9 ilegal, imoral e s\u00f3 faz mal. Gays, l\u00e9sbicas, travestis e pessoas trans s\u00e3o cidad\u00e3os de respeito\u201d. Tais mensagens constar\u00e3o em placas fixadas nas laterais do acesso da escadaria da Lapa para que as pessoas possam saber mais sobre o ide\u00e1rio da proposta.<\/p>\n<p>Essa iniciativa conta com o apoio da Esta\u00e7\u00e3o Nova Lapa, Minist\u00e9rio P\u00fablico e Uranus2. \u00c9 uma realiza\u00e7\u00e3o do Grupo Gay da Bahia (GGB). Fica de segunda-feira, 21 de maio at\u00e9 o dia 21 de junho. Na abertura oficial, que acontecer\u00e1 \u00e0s 14h, espera-se reunir, artistas, pol\u00edticos e ativistas da causa.<\/p>\n<p>A Esta\u00e7\u00e3o da Lapa foi escolhida por ser o maior e mais importante terminal de Salvador por onde transitam cerca de 800 mil pessoas diariamente.<\/p>\n<p>&nbsp;<\/p>\n","protected":false},"excerpt":{"rendered":"<p>A maior esta\u00e7\u00e3o de transbordo de Salvador &#8211; a esta\u00e7\u00e3o da Lapa &#8211; ganhar\u00e1 as cores de arco-\u00edris,\u00a0s\u00edmbolo da caminhada LGBT por igualdade, respeito a diversidade [&hellip;]<\/p>\n","protected":false},"author":1,"featured_media":15545,"comment_status":"open","ping_status":"open","sticky":false,"template":"","format":"image","meta":{"footnotes":""},"categories":[80,9],"tags":[],"class_list":["post-15541","post","type-post","status-publish","format-image","has-post-thumbnail","hentry","category-home","category-me-orgulho","post_format-post-format-image"],"_links":{"self":[{"href":"https:\/\/blogs.correio24horas.com.br\/mesalte\/wp-json\/wp\/v2\/posts\/15541","targetHints":{"allow":["GET"]}}],"collection":[{"href":"https:\/\/blogs.correio24horas.com.br\/mesalte\/wp-json\/wp\/v2\/posts"}],"about":[{"href":"https:\/\/blogs.correio24horas.com.br\/mesalte\/wp-json\/wp\/v2\/types\/post"}],"author":[{"embeddable":true,"href":"https:\/\/blogs.correio24horas.com.br\/mesalte\/wp-json\/wp\/v2\/users\/1"}],"replies":[{"embeddable":true,"href":"https:\/\/blogs.correio24horas.com.br\/mesalte\/wp-json\/wp\/v2\/comments?post=15541"}],"version-history":[{"count":4,"href":"https:\/\/blogs.correio24horas.com.br\/mesalte\/wp-json\/wp\/v2\/posts\/15541\/revisions"}],"predecessor-version":[{"id":15546,"href":"https:\/\/blogs.correio24horas.com.br\/mesalte\/wp-json\/wp\/v2\/posts\/15541\/revisions\/15546"}],"wp:featuredmedia":[{"embeddable":true,"href":"https:\/\/blogs.correio24horas.com.br\/mesalte\/wp-json\/wp\/v2\/media\/15545"}],"wp:attachment":[{"href":"https:\/\/blogs.correio24horas.com.br\/mesalte\/wp-json\/wp\/v2\/media?parent=15541"}],"wp:term":[{"taxonomy":"category","embeddable":true,"href":"https:\/\/blogs.correio24horas.com.br\/mesalte\/wp-json\/wp\/v2\/categories?post=15541"},{"taxonomy":"post_tag","embeddable":true,"href":"https:\/\/blogs.correio24horas.com.br\/mesalte\/wp-json\/wp\/v2\/tags?post=15541"}],"curies":[{"name":"wp","href":"https:\/\/api.w.org\/{rel}","templated":true}]}}