{"id":15526,"date":"2018-05-17T18:06:15","date_gmt":"2018-05-17T21:06:15","guid":{"rendered":"http:\/\/blogs.correio24horas.com.br\/mesalte\/?p=15526"},"modified":"2018-05-17T18:16:18","modified_gmt":"2018-05-17T21:16:18","slug":"jovempanhomofobia","status":"publish","type":"post","link":"https:\/\/blogs.correio24horas.com.br\/mesalte\/jovempanhomofobia\/","title":{"rendered":"Jovem Pan erra feio ao pedir \u00faltima m\u00fasica para v\u00edtimas de homofobia"},"content":{"rendered":"<p>Sabe aquela frase que diz &#8216;\u00e9 melhor se calar do que falar besteira? A r\u00e1dio Jovem Pan esqueceu de pensar nessa frase ao desenvolver uma equivocada campanha em suas redes sociais pelo Dia Internacional Contra a Homofobia, celebrado nesta quinta-feira (17).<\/p>\n<p>A empresa lan\u00e7ou a hashtag #Minha\u00daltimaM\u00fasica, convidando as pessoas a compartilhar a \u00faltima m\u00fasica que cada pessoa ouviu com a quest\u00e3o: \u201cO Brasil \u00e9 o pa\u00eds que mais mata LGBTI+. Se voc\u00ea fosse a pr\u00f3xima v\u00edtima, qual seria a \u00faltima m\u00fasica\u201d.<\/p>\n<p>Ouvintes criticaram a campanha por banalizar as mortes motivadas por homofobia e por tentar fazer uso da data para gerar audi\u00eancia na internet. Dados do Grupo Gay da Bahia indicam que somente este ano 153 pessoaa LGBTs foram mortas no Brasil.<\/p>\n<p><img loading=\"lazy\" decoding=\"async\" class=\"aligncenter size-large wp-image-15530\" src=\"https:\/\/blogs.correio24h.com.br\/mesalte\/wp-content\/uploads\/2018\/05\/IMG-20180517-WA0000-473x1024.jpg\" alt=\"IMG-20180517-WA0000\" width=\"473\" height=\"1024\" srcset=\"https:\/\/blogs.correio24h.com.br\/mesalte\/wp-content\/uploads\/2018\/05\/IMG-20180517-WA0000.jpg 473w, https:\/\/blogs.correio24h.com.br\/mesalte\/wp-content\/uploads\/2018\/05\/IMG-20180517-WA0000-139x300.jpg 139w, https:\/\/blogs.correio24h.com.br\/mesalte\/wp-content\/uploads\/2018\/05\/IMG-20180517-WA0000-67x146.jpg 67w, https:\/\/blogs.correio24h.com.br\/mesalte\/wp-content\/uploads\/2018\/05\/IMG-20180517-WA0000-23x50.jpg 23w, https:\/\/blogs.correio24h.com.br\/mesalte\/wp-content\/uploads\/2018\/05\/IMG-20180517-WA0000-35x75.jpg 35w\" sizes=\"auto, (max-width: 473px) 100vw, 473px\" \/><\/p>\n<p>Artistas convidadas para participar da programa\u00e7\u00e3o especial desta quinta-feira, na r\u00e1dio, j\u00e1 come\u00e7aram a se manifestar contra a campanha. Depois de publicar um texto apoiando a campanha, o perfil oficial de Pabllo Vittar apagou o post e depois publicou uma sequ\u00eancia de frases se explicando:<\/p>\n<p>&#8220;Gente do c\u00e9u, o que foi isso? Eu n\u00e3o escrevi isso, n\u00e3o! Galera que mexe no meu Twitter que p*** \u00e9 essa? Jamais escreveria uma coisa dessas. Pode ter certeza que quem fez isso n\u00e3o trabalha mais comigo, eu mais que ningu\u00e9m sei o qu\u00e3o pesado \u00e9 isso! Me desculpem por terem lido isso&#8221;.<\/p>\n<p>A cantora Candy Melody, que \u00e9 transexual e participou das grava\u00e7\u00f5es no est\u00fadio da r\u00e1dio pela manh\u00e3, tamb\u00e9m pediu desculpas e publicou explica\u00e7\u00f5es:<\/p>\n<p>&#8220;Quero pedir perd\u00e3o por n\u00e3o ter sido t\u00e3o observadora quanto \u00e0 hashtag. Mas minha fala, apesar disso, foi bem pontuada&#8221;.<\/p>\n<p>Ela se mostrou indignada pela forma como internautas a abordaram, com mensagens a acusando de lucro a todo custo e de \u201cfalta de discernimento\u201d.<\/p>\n<p>&#8220;Falar de mortes de uma popula\u00e7\u00e3o nunca \u00e9 f\u00e1cil, pelo menos n\u00e3o pra mim. Me embarga a voz, me tira o pouco da esperan\u00e7a que tenho nos seres humanos, me destr\u00f3i por dentro! Mesmo assim, engulo meu ego e vou l\u00e1. O que mais me chateia \u00e9 ver que algumas pessoas esquecem que eu tamb\u00e9m sou T&#8221;.<\/p>\n<p>A r\u00e1dio Jovem Pan ainda n\u00e3o se manifestou sobre a repercuss\u00e3o negativa da campanha lan\u00e7ada num dia t\u00e3o importante para a comunidade LGBT.<br \/>\nA data\u00a017 de maio foi escolhida porque foi o dia em que,\u00a0em 1990, ocorreu a retirada da\u00a0homossexualidade\u00a0da Classifica\u00e7\u00e3o Estat\u00edstica Internacional de Doen\u00e7as e Problemas Relacionados com a Sa\u00fade (CID) da Organiza\u00e7\u00e3o Mundial da Sa\u00fade (OMS). A organiza\u00e7\u00e3o aboliu o sufixo \u201cismo\u201d, que caracteriza condi\u00e7\u00f5es patol\u00f3gica. Essa vit\u00f3ria foi muito importante na luta pelos direitos\u00a0LGBT\u00a0e foi celebrada por pessoas e ONGs de v\u00e1rios pa\u00edses.<\/p>\n","protected":false},"excerpt":{"rendered":"<p>Sabe aquela frase que diz &#8216;\u00e9 melhor se calar do que falar besteira? A r\u00e1dio Jovem Pan esqueceu de pensar nessa frase ao desenvolver uma equivocada [&hellip;]<\/p>\n","protected":false},"author":1,"featured_media":15528,"comment_status":"open","ping_status":"open","sticky":false,"template":"","format":"image","meta":{"footnotes":""},"categories":[28,80],"tags":[],"class_list":["post-15526","post","type-post","status-publish","format-image","has-post-thumbnail","hentry","category-farofa-digital","category-home","post_format-post-format-image"],"_links":{"self":[{"href":"https:\/\/blogs.correio24horas.com.br\/mesalte\/wp-json\/wp\/v2\/posts\/15526","targetHints":{"allow":["GET"]}}],"collection":[{"href":"https:\/\/blogs.correio24horas.com.br\/mesalte\/wp-json\/wp\/v2\/posts"}],"about":[{"href":"https:\/\/blogs.correio24horas.com.br\/mesalte\/wp-json\/wp\/v2\/types\/post"}],"author":[{"embeddable":true,"href":"https:\/\/blogs.correio24horas.com.br\/mesalte\/wp-json\/wp\/v2\/users\/1"}],"replies":[{"embeddable":true,"href":"https:\/\/blogs.correio24horas.com.br\/mesalte\/wp-json\/wp\/v2\/comments?post=15526"}],"version-history":[{"count":9,"href":"https:\/\/blogs.correio24horas.com.br\/mesalte\/wp-json\/wp\/v2\/posts\/15526\/revisions"}],"predecessor-version":[{"id":15538,"href":"https:\/\/blogs.correio24horas.com.br\/mesalte\/wp-json\/wp\/v2\/posts\/15526\/revisions\/15538"}],"wp:featuredmedia":[{"embeddable":true,"href":"https:\/\/blogs.correio24horas.com.br\/mesalte\/wp-json\/wp\/v2\/media\/15528"}],"wp:attachment":[{"href":"https:\/\/blogs.correio24horas.com.br\/mesalte\/wp-json\/wp\/v2\/media?parent=15526"}],"wp:term":[{"taxonomy":"category","embeddable":true,"href":"https:\/\/blogs.correio24horas.com.br\/mesalte\/wp-json\/wp\/v2\/categories?post=15526"},{"taxonomy":"post_tag","embeddable":true,"href":"https:\/\/blogs.correio24horas.com.br\/mesalte\/wp-json\/wp\/v2\/tags?post=15526"}],"curies":[{"name":"wp","href":"https:\/\/api.w.org\/{rel}","templated":true}]}}