{"id":15513,"date":"2018-05-17T07:50:44","date_gmt":"2018-05-17T10:50:44","guid":{"rendered":"http:\/\/blogs.correio24horas.com.br\/mesalte\/?p=15513"},"modified":"2018-05-17T08:00:57","modified_gmt":"2018-05-17T11:00:57","slug":"abrigo-que-homenageia-homem-trans-baiano-executado-busca-financiamento-para-se-manter-no-ceara","status":"publish","type":"post","link":"https:\/\/blogs.correio24horas.com.br\/mesalte\/abrigo-que-homenageia-homem-trans-baiano-executado-busca-financiamento-para-se-manter-no-ceara\/","title":{"rendered":"Abrigo que homenageia homem trans baiano executado busca financiamento para se manter aberto no Cear\u00e1"},"content":{"rendered":"<p><em>Por Ang\u00e9lica Feitosa e Ivig Freitas\/Jornal O Povo\/Rede Nordeste<\/em><\/p>\n<p>Quando foi expulso de casa, no bairro Monte Castelo, Lucas Lima, 18, se viu sem rumo. N\u00e3o sabia o que fazer e nem tinha para onde ir. \u201cFiquei sem ch\u00e3o. Estava perdido no meio da rua\u201d, rememora a hist\u00f3ria ocorrida h\u00e1 um m\u00eas. Dormiu em cal\u00e7adas, sob marquises, levou chuva, sentiu-se perdido. \u201cMinha fam\u00edlia \u00e9 muito conservadora e n\u00e3o me aceitava\u201d. \u201cEles diziam que eu tinha de ser mulher\u201d. Em v\u00e3o. \u201cFazer o qu\u00ea se eu n\u00e3o sou?\u201d, sintetiza.<\/p>\n<p>A sa\u00edda encontrada foi o Abrigo Thadeu Nascimento, o primeiro do Brasil a atender exclusivamente pessoas trans. Criado h\u00e1 dez meses em um sobrado alugado no bairro Joaquim T\u00e1vora, em Fortaleza, no Cear\u00e1, o local de acolhimento \u00e9 hoje referencial de fam\u00edlia para o estudante. O abrigo foi idealizado pela Associa\u00e7\u00e3o Transmasculina do Cear\u00e1 (Atrans). N\u00e3o tem conv\u00eanio com \u00f3rg\u00e3os p\u00fablicos e sobrevive de doa\u00e7\u00f5es e do bazar permanente. Assim, encara dificuldades financeiras.<\/p>\n<p>O nome da casa \u00e9 uma homenagem a Thadeu Nascimento, <a href=\"https:\/\/blogs.correio24horas.com.br\/mesalte\/homem-trans-tem-casa-invadida-e-e-encontrado-morto-na-bahia\/\" target=\"_blank\">homem trans que, em maio do ano passado, teve sua resid\u00eancia invadida e foi espancado e assassinado em Salvador <\/a>. Um ano depois, a casa que leva seu nome representa um lugar de resist\u00eancia \u00e0 transfobia e ao preconceito.<\/p>\n<p>\u201cNosso or\u00e7amento inclui aluguel, energia, alimenta\u00e7\u00e3o e outros suprimentos b\u00e1sicos\u201d, explica o fundador e diretor, Kaio Lemos. A resid\u00eancia tem tr\u00eas quartos, sala, cozinha, garagem e quintal.<\/p>\n<div id=\"attachment_15515\" style=\"width: 1034px\" class=\"wp-caption aligncenter\"><img loading=\"lazy\" decoding=\"async\" aria-describedby=\"caption-attachment-15515\" class=\"size-large wp-image-15515\" src=\"https:\/\/blogs.correio24h.com.br\/mesalte\/wp-content\/uploads\/2018\/05\/abrigo-1-1024x683.jpg\" alt=\"Foto: Aur\u00e9lio Alves\/ Especial para O POVO\" width=\"1024\" height=\"683\" srcset=\"https:\/\/blogs.correio24h.com.br\/mesalte\/wp-content\/uploads\/2018\/05\/abrigo-1-1024x683.jpg 1024w, https:\/\/blogs.correio24h.com.br\/mesalte\/wp-content\/uploads\/2018\/05\/abrigo-1-300x200.jpg 300w, https:\/\/blogs.correio24h.com.br\/mesalte\/wp-content\/uploads\/2018\/05\/abrigo-1-768x512.jpg 768w, https:\/\/blogs.correio24h.com.br\/mesalte\/wp-content\/uploads\/2018\/05\/abrigo-1-219x146.jpg 219w, https:\/\/blogs.correio24h.com.br\/mesalte\/wp-content\/uploads\/2018\/05\/abrigo-1-50x33.jpg 50w, https:\/\/blogs.correio24h.com.br\/mesalte\/wp-content\/uploads\/2018\/05\/abrigo-1-113x75.jpg 113w, https:\/\/blogs.correio24h.com.br\/mesalte\/wp-content\/uploads\/2018\/05\/abrigo-1.jpg 1824w\" sizes=\"auto, (max-width: 1024px) 100vw, 1024px\" \/><p id=\"caption-attachment-15515\" class=\"wp-caption-text\">Foto: Aur\u00e9lio Alves\/ Especial para O POVO<\/p><\/div>\n<p>Os nove moradores da casa participaram, na semana passada, da oficina Filtro dos Sonhos, realizada pelo Servi\u00e7o Social do Com\u00e9rcio (Sesc), dentro da programa\u00e7\u00e3o da 4\u00aa edi\u00e7\u00e3o do Di\u00e1logos Sesc Sobre Diversidade Sexual e Cidadania, que se encerra hoje.<\/p>\n<p>A aula, realizada no abrigo, os ajudou a produzir um apanhador de sonhos. Amuleto da cultura ind\u00edgena norte-americana, teria o poder de purificar as energias e fazer a separa\u00e7\u00e3o entre \u201csonhos negativos\u201d e \u201csonhos positivos\u201d. E sonhos \u00e9 o que mais eles t\u00eam. \u201cTraz sabedoria e sorte. E \u00e9 tamb\u00e9m uma fonte de renda para ser vendida na feira do bazar\u201d, garante a instrutora do treinamento, a artes\u00e3 Sara Mendes.<\/p>\n<p>Na produ\u00e7\u00e3o do talism\u00e3, entre um amarrado e outro, Kaio Lemos contabiliza as vit\u00f3rias conquistadas pelos nove residentes: ali, eles t\u00eam comida e local para dormir, comprovante de endere\u00e7o, pessoas com quem compartilhar as dores. \u201cO homem trans passa pela vulnerabilidade, que \u00e9 a solid\u00e3o, o abandono, a depress\u00e3o e at\u00e9 o suic\u00eddio. Nem mesmo usar o posto de sa\u00fade eu posso se estou na rua, precisa comprovante de resid\u00eancia. Aqui eles t\u00eam\u201d.<\/p>\n<p>O Abrigo Thadeu Nascimento est\u00e1 em busca de financiamento. O aluguel do m\u00eas de maio foi pago com uma doa\u00e7\u00e3o conseguida com a Uni\u00e3o Europeia, por meio de edital. O de junho, ainda n\u00e3o est\u00e1 garantido. \u201cM\u00eas passado, a gente pensou at\u00e9 em fechar. Mas n\u00e3o perco a esperan\u00e7a\u201d, conta Apollo Franco, 24, vice-diretor. Vindo de Campos Sales (a 504 km de Fortaleza), Apollo trabalha com a confec\u00e7\u00e3o de colete p\u00f3s-cir\u00fargicos para homens trans.<\/p>\n<p>Kalel Douglas, 20, tem na casa de acolhimento um ref\u00fagio h\u00e1 nove meses, desde que os conflitos familiares o impulsionaram a sair da casa dos pais. \u201cA vida de pessoas trans \u00e9 de muita solid\u00e3o, por isso \u00e9 bom estar entre os pares\u201d.<\/p>\n<p>Ele afirma que a transexualidade dificultou seu acesso aos direitos b\u00e1sicos e ao mercado de trabalho. \u201cFui para v\u00e1rias entrevistas, ent\u00e3o foi um processo muito \u00e1rduo para mim\u201d. Atualmente, ele estuda para o Enem e sonha cursar Nutri\u00e7\u00e3o ou Psicologia. E sabe que vai conseguir.<\/p>\n<p>A cada edi\u00e7\u00e3o, o Di\u00e1logos Sesc pela Diversidade Sexual e Cidadania promove a\u00e7\u00f5es socioeducativas em diversos pontos da Cidade, e este \u00e9 o primeiro ano em que o Abrigo Thadeu Nascimento\u00e9 atendido. Kaio Lemos diz que o local procura continuamente desenvolver estrat\u00e9gias de fortalecimento e pertencimento social voltadas para a comunidade trans. \u201cEssa oficina \u00e9 o passo inicial para as pessoas se sentirem vivas e perceberem que a vida tem muitos saberes, prazeres e trocas. Pode ser uma coisa simples, mas \u00e9 disso que elas precisam\u201d.<\/p>\n<p>&nbsp;<\/p>\n<p><a href=\"https:\/\/www.opovo.com.br\/jornal\/cidades\/2018\/05\/abrigo-para-pessoas-trans-busca-financiamento-para-se-manter.html\" target=\"_blank\">As informa\u00e7\u00f5es s\u00e3o do jornal O Povo.\u00a0<\/a><\/p>\n<p><strong>Servi\u00e7o<\/strong><br \/>\nPara ajudar o Abrigo Thadeu Nascimento<br \/>\nDep\u00f3sito na conta da Atransce no Banco do Brasil: ag\u00eancia 3253-0, conta corrente 39.855-3.<br \/>\nOutras doa\u00e7\u00f5es podem ser acordadas pelo<br \/>\ntelefone (85) 98553 8070.<\/p>\n<p>&nbsp;<\/p>\n","protected":false},"excerpt":{"rendered":"<p>Por Ang\u00e9lica Feitosa e Ivig Freitas\/Jornal O Povo\/Rede Nordeste Quando foi expulso de casa, no bairro Monte Castelo, Lucas Lima, 18, se viu sem rumo. N\u00e3o [&hellip;]<\/p>\n","protected":false},"author":2,"featured_media":0,"comment_status":"open","ping_status":"open","sticky":false,"template":"","format":"image","meta":{"footnotes":""},"categories":[80,11],"tags":[],"class_list":["post-15513","post","type-post","status-publish","format-image","hentry","category-home","category-me-informo","post_format-post-format-image"],"_links":{"self":[{"href":"https:\/\/blogs.correio24horas.com.br\/mesalte\/wp-json\/wp\/v2\/posts\/15513","targetHints":{"allow":["GET"]}}],"collection":[{"href":"https:\/\/blogs.correio24horas.com.br\/mesalte\/wp-json\/wp\/v2\/posts"}],"about":[{"href":"https:\/\/blogs.correio24horas.com.br\/mesalte\/wp-json\/wp\/v2\/types\/post"}],"author":[{"embeddable":true,"href":"https:\/\/blogs.correio24horas.com.br\/mesalte\/wp-json\/wp\/v2\/users\/2"}],"replies":[{"embeddable":true,"href":"https:\/\/blogs.correio24horas.com.br\/mesalte\/wp-json\/wp\/v2\/comments?post=15513"}],"version-history":[{"count":5,"href":"https:\/\/blogs.correio24horas.com.br\/mesalte\/wp-json\/wp\/v2\/posts\/15513\/revisions"}],"predecessor-version":[{"id":15520,"href":"https:\/\/blogs.correio24horas.com.br\/mesalte\/wp-json\/wp\/v2\/posts\/15513\/revisions\/15520"}],"wp:attachment":[{"href":"https:\/\/blogs.correio24horas.com.br\/mesalte\/wp-json\/wp\/v2\/media?parent=15513"}],"wp:term":[{"taxonomy":"category","embeddable":true,"href":"https:\/\/blogs.correio24horas.com.br\/mesalte\/wp-json\/wp\/v2\/categories?post=15513"},{"taxonomy":"post_tag","embeddable":true,"href":"https:\/\/blogs.correio24horas.com.br\/mesalte\/wp-json\/wp\/v2\/tags?post=15513"}],"curies":[{"name":"wp","href":"https:\/\/api.w.org\/{rel}","templated":true}]}}