{"id":15505,"date":"2018-05-17T05:15:43","date_gmt":"2018-05-17T08:15:43","guid":{"rendered":"http:\/\/blogs.correio24horas.com.br\/mesalte\/?p=15505"},"modified":"2018-05-17T07:35:12","modified_gmt":"2018-05-17T10:35:12","slug":"17-de-maio-dia-de-combate-a-lgbtfobia-uma-historia-baiana","status":"publish","type":"post","link":"https:\/\/blogs.correio24horas.com.br\/mesalte\/17-de-maio-dia-de-combate-a-lgbtfobia-uma-historia-baiana\/","title":{"rendered":"17 de maio, dia de combate a LGBTfobia: uma hist\u00f3ria baiana."},"content":{"rendered":"<p><strong>Por Marcelo Cerqueira, presidente do Grupo Gay da Bahia<\/strong><\/p>\n<p>Todas as categorias sociais e profissionais possuem o seu dia de luta e transforma\u00e7\u00e3o. Os jornalistas, os radialistas, os enfermeiros, os m\u00e9dicos e os m\u00fasicos. A comunidade negra comemora o dia 20 de novembro com o Dia da Consci\u00eancia Negra essa \u00e9 a data da morte de Zumbi dos Palmares.<\/p>\n<p>Algumas datas s\u00e3o institu\u00eddas oficialmente como foi o 13 de Maio. Em uma iluminada tarde de 13 de Maio de 1888 a princesa Isabel Cristina Leopoldina Augusta Micaela Gabriela Rafaela Gonzaga assinou a Lei Aurea, como essa seria uma data chapa bra\u00e7a, o povo negro optou por outra.<\/p>\n<p>O povo LGBT optou pelo dia 17 de Maio. O Dia foi institu\u00eddo desde 1990 quando m\u00e9dicos do mundo inteiro reunidos na segunda Assembleia Mundial da Sa\u00fade das Na\u00e7\u00f5es Unidas, decidiram tornar sem efeito o c\u00f3digo 302.0 da Classifica\u00e7\u00e3o Internacional de Doen\u00e7as (CID), no seu cap\u00edtulo V que considerava o homossexualismo como \u201ctranstorno sexual\u201d. A partir dessa data o que era uma suposta doen\u00e7a se transformou em uma orienta\u00e7\u00e3o sexual, normal, natural e saud\u00e1vel. A Bahia sente-se honrada em ter contribu\u00eddo a esta vit\u00f3ria gra\u00e7as ao voto favor\u00e1vel da m\u00e9dica Legista Maria Tereza Pacheco, por muitos anos Diretora do Instituto M\u00e9dico Legal Nina Rodrigues.<\/p>\n<p><img loading=\"lazy\" decoding=\"async\" class=\"aligncenter size-full wp-image-15507\" src=\"https:\/\/blogs.correio24h.com.br\/mesalte\/wp-content\/uploads\/2018\/05\/cor.jpg\" alt=\"cor\" width=\"362\" height=\"251\" srcset=\"https:\/\/blogs.correio24h.com.br\/mesalte\/wp-content\/uploads\/2018\/05\/cor.jpg 362w, https:\/\/blogs.correio24h.com.br\/mesalte\/wp-content\/uploads\/2018\/05\/cor-300x208.jpg 300w, https:\/\/blogs.correio24h.com.br\/mesalte\/wp-content\/uploads\/2018\/05\/cor-211x146.jpg 211w, https:\/\/blogs.correio24h.com.br\/mesalte\/wp-content\/uploads\/2018\/05\/cor-50x35.jpg 50w, https:\/\/blogs.correio24h.com.br\/mesalte\/wp-content\/uploads\/2018\/05\/cor-108x75.jpg 108w\" sizes=\"auto, (max-width: 362px) 100vw, 362px\" \/><\/p>\n<p>Ela votou para que se tornasse sem efeito o c\u00f3digo 302.0, sensibilizada pela a\u00e7\u00e3o do professor Luiz Mott, por suas convic\u00e7\u00f5es pr\u00f3prias, seu trabalho cientifico de m\u00e9dica legista no IML junto com o mestre Est\u00e1cio de Lima.<\/p>\n<p>A m\u00e9dica Maria Tereza Pacheco se formou na Escola M\u00e9dica do professor Nina Rodrigues que formou o Mestre Est\u00e1cio, seu mestre. O incr\u00edvel disso \u00e9 a mudan\u00e7a! Em 1934 o sex\u00f3logo Est\u00e1cio publicou a \u201cInvers\u00e3o dos Sexos\u201d pela Editora Guanabara. Trata-se de um estudo sobre homossexualidade na Bahia nos anos trinta. Influenciado pelas teorias m\u00e9dicas vindas da Europa, mestre Est\u00e1cio procurava identificar sinais cl\u00ednicos que pudessem revelar o \u201chomossexualismo\u201d do indiv\u00edduo. Usando a Medicina Forense, Mestre Est\u00e1cio fazia a descri\u00e7\u00e3o dos corpos de gays e de l\u00e9sbicas para desenvolver sua suposta cura. Mestre Est\u00e1cio al\u00e9m de descrever os fen\u00f3tipos dos \u201cinvertidos\u201d,\u00a0 associa as transforma\u00e7\u00f5es destes corpos, fazendo contraponto\u00a0 com a quest\u00e3o da marginalidade. Fotos realistas ilustram sua obra, rar\u00edssima de se encontrar nas bibliotecas.<\/p>\n<p><img loading=\"lazy\" decoding=\"async\" class=\"aligncenter size-full wp-image-15508\" src=\"https:\/\/blogs.correio24h.com.br\/mesalte\/wp-content\/uploads\/2018\/05\/vitimas.jpg\" alt=\"vitimas\" width=\"629\" height=\"280\" srcset=\"https:\/\/blogs.correio24h.com.br\/mesalte\/wp-content\/uploads\/2018\/05\/vitimas.jpg 629w, https:\/\/blogs.correio24h.com.br\/mesalte\/wp-content\/uploads\/2018\/05\/vitimas-300x134.jpg 300w, https:\/\/blogs.correio24h.com.br\/mesalte\/wp-content\/uploads\/2018\/05\/vitimas-260x116.jpg 260w, https:\/\/blogs.correio24h.com.br\/mesalte\/wp-content\/uploads\/2018\/05\/vitimas-50x22.jpg 50w, https:\/\/blogs.correio24h.com.br\/mesalte\/wp-content\/uploads\/2018\/05\/vitimas-150x67.jpg 150w\" sizes=\"auto, (max-width: 629px) 100vw, 629px\" \/><\/p>\n<p>Quando ele descreve um casal de l\u00e9sbicas que causou furor em Salvador \u00e0 sua \u00e9poca, mestre Est\u00e1cio relaciona suas formas corporais, h\u00e1bitos e sinais psicol\u00f3gicos \u00e0 sua condi\u00e7\u00e3o de\u00a0 mulheres s\u00e1ficas. Mestre Est\u00e1cio, pleiteava retirar o \u201chomossexualismo\u201d das m\u00e3os violentas da pol\u00edcia:\u00a0\u00a0\u00a0\u00a0\u00a0\u00a0\u00a0\u00a0 queria poder tratar, cuidar, para evitar a marginalidade a que estavam condenados os \u201cpederastas\u201d. Ele n\u00e3o gostava que prendesse, queria tratar. Muitas fam\u00edlias tradicionais baianas se desenvolveram acreditando at\u00e9 hoje que ser homossexual \u00e9 doen\u00e7a. Se n\u00e3o for doen\u00e7a, \u00e9 no m\u00ednimo a vergonha da fam\u00edlia.<\/p>\n<p>Ter um filho ou filha LGBT era um desabono a moral das fam\u00edlias baianas, ent\u00e3o, criou-se a institui\u00e7\u00e3o do ex\u00edlio desses membros indigestos. O exilio era para quanto mais longe melhor. As fam\u00edlias ricas mandavam os filhos indesejados para a Fran\u00e7a Rio de Janeiro e por l\u00e1 ficavam. Est\u00e1cio de Lima, n\u00e3o era o m\u00e9dico mostro. O seu trabalho cientifico n\u00e3o implicava em maus-tratos, ele queria cuidar, queria entender, embora seguindo a cartilha m\u00e9dica da \u00e9poca que considerava o \u201camor que n\u00e3o ousava dizer o nome\u201d\u00a0 uma anormalidade e disfun\u00e7\u00e3o glandular.<\/p>\n","protected":false},"excerpt":{"rendered":"<p>Por Marcelo Cerqueira, presidente do Grupo Gay da Bahia Todas as categorias sociais e profissionais possuem o seu dia de luta e transforma\u00e7\u00e3o. Os jornalistas, os [&hellip;]<\/p>\n","protected":false},"author":2,"featured_media":15510,"comment_status":"open","ping_status":"open","sticky":false,"template":"","format":"image","meta":{"footnotes":""},"categories":[80,11],"tags":[],"class_list":["post-15505","post","type-post","status-publish","format-image","has-post-thumbnail","hentry","category-home","category-me-informo","post_format-post-format-image"],"_links":{"self":[{"href":"https:\/\/blogs.correio24horas.com.br\/mesalte\/wp-json\/wp\/v2\/posts\/15505","targetHints":{"allow":["GET"]}}],"collection":[{"href":"https:\/\/blogs.correio24horas.com.br\/mesalte\/wp-json\/wp\/v2\/posts"}],"about":[{"href":"https:\/\/blogs.correio24horas.com.br\/mesalte\/wp-json\/wp\/v2\/types\/post"}],"author":[{"embeddable":true,"href":"https:\/\/blogs.correio24horas.com.br\/mesalte\/wp-json\/wp\/v2\/users\/2"}],"replies":[{"embeddable":true,"href":"https:\/\/blogs.correio24horas.com.br\/mesalte\/wp-json\/wp\/v2\/comments?post=15505"}],"version-history":[{"count":1,"href":"https:\/\/blogs.correio24horas.com.br\/mesalte\/wp-json\/wp\/v2\/posts\/15505\/revisions"}],"predecessor-version":[{"id":15511,"href":"https:\/\/blogs.correio24horas.com.br\/mesalte\/wp-json\/wp\/v2\/posts\/15505\/revisions\/15511"}],"wp:featuredmedia":[{"embeddable":true,"href":"https:\/\/blogs.correio24horas.com.br\/mesalte\/wp-json\/wp\/v2\/media\/15510"}],"wp:attachment":[{"href":"https:\/\/blogs.correio24horas.com.br\/mesalte\/wp-json\/wp\/v2\/media?parent=15505"}],"wp:term":[{"taxonomy":"category","embeddable":true,"href":"https:\/\/blogs.correio24horas.com.br\/mesalte\/wp-json\/wp\/v2\/categories?post=15505"},{"taxonomy":"post_tag","embeddable":true,"href":"https:\/\/blogs.correio24horas.com.br\/mesalte\/wp-json\/wp\/v2\/tags?post=15505"}],"curies":[{"name":"wp","href":"https:\/\/api.w.org\/{rel}","templated":true}]}}