{"id":15466,"date":"2018-05-15T18:00:27","date_gmt":"2018-05-15T21:00:27","guid":{"rendered":"http:\/\/blogs.correio24horas.com.br\/mesalte\/?p=15466"},"modified":"2018-05-15T18:08:38","modified_gmt":"2018-05-15T21:08:38","slug":"centro-de-referencia-lgbt-de-salvador-recebe-eventos-pela-diversidade","status":"publish","type":"post","link":"https:\/\/blogs.correio24horas.com.br\/mesalte\/centro-de-referencia-lgbt-de-salvador-recebe-eventos-pela-diversidade\/","title":{"rendered":"Centro de Refer\u00eancia recebe eventos pela diversidade em maio"},"content":{"rendered":"<p>O Dia Internacional contra a Homofobia ser\u00e1 celebrado nesta quinta-feira (17), e para comemorar a data o Centro Municipal de Refer\u00eancia LGBT promove, em parceira com outras entidades, o M\u00eas da Diversidade. As atividades realizadas trazem o debate sobre as Rela\u00e7\u00f5es de G\u00eanero e Diversidade Sexual na cidade, promovendo uma forma\u00e7\u00e3o continuada dos multiplicadores sociais e fomentando o di\u00e1logo da comunidade assistida com as representa\u00e7\u00f5es institucionais e movimentos sociais, fundamentais para o emponderamento da popula\u00e7\u00e3o LGBT.<\/p>\n<p>Foi criado neste ano o Decreto n\u00ba 29.574, que estabelece o Comit\u00ea T\u00e9cnico de Combate a LGBTfobia Institucional, com o objetivo de promover o enfrentamento a este problema em todos os \u00f3rg\u00e3os e entidades da Prefeitura.<\/p>\n<p>A cidade conta ainda com o Observat\u00f3rio da Discrimina\u00e7\u00e3o e com o Centro LGBT, este \u00faltimo, criado em 2016, j\u00e1 realizou 2.363 atendimentos, oferecendo orienta\u00e7\u00e3o e encaminhamento jur\u00eddico em casos que envolvam viol\u00eancia contra l\u00e9sbicas, gays, bissexuais e transg\u00eaneros. O centro realiza v\u00e1rias atividades e oficinas nas Prefeituras-Bairro.<\/p>\n<p><strong>Programa\u00e7\u00e3o:<br \/>\n<\/strong>16\/05 &#8211; RODA DE CONVERSA<br \/>\nTema: O lado cinza do arco-\u00edris: ser LGBTQ+ e a viol\u00eancia no contexto familiar.<br \/>\nParticipa\u00e7\u00e3o: Psicologia\/FTC<\/p>\n<p>17\/05 &#8211; RODA DE CONVERSA<br \/>\nTema: Redes Sociais e Multimeios como instrumento de combate as intoler\u00e2ncia e discrimina\u00e7\u00f5es.<br \/>\nParticipa\u00e7\u00e3o: Genilson Coutinho, jornalista do Site Dois Ter\u00e7os; Jorge Gauthier\/ Jornalista CORREIO, coluna Me salte.<\/p>\n<p>25\/05 &#8211; RODA DE CONVERSA<br \/>\nTema: Historia do Movimento LGBT no Brasil: Diversidade sexual, de g\u00eanero e cidadania LGBT. LGBTFobia no Brasil e suas consequ\u00eancias.<br \/>\nParticipa\u00e7\u00e3o: \u00cdcaro Ceita &#8211; Renosp &#8211; Rede Nacional de Seguran\u00e7a Publica, Bacharel em Seguran\u00e7a P\u00fablica; Marcelo Cerqueira &#8211; Professor Historiador\/Presidente do Grupo Gay da Bahia.<br \/>\n22\/05 &#8211; RODA DE CONVERSA<br \/>\nTema: As conquistas jur\u00eddicas da popula\u00e7\u00e3o LGBT e os desafios atuais.<br \/>\nParticipa\u00e7\u00e3o: Promotora L\u00edvia Sant\u2019Anna Vaz &#8211; Coordenadora do Grupo de Atua\u00e7\u00e3o Especial em Defesa da Mulher (GEDEM); Felipe Gaberlloto &#8211; Comiss\u00e3o da Diversidade Sexual OAB.<\/p>\n<p>24\/05 &#8211; RODA DE CONVERSA<br \/>\nTema: Projeto do Estatuto da Diversidade Sexual.<br \/>\nParticipa\u00e7\u00e3o: Tony Reis &#8211; Executivo da organiza\u00e7\u00e3o Grupo Dignidade, Fundador da ABGLT, Conselho Internacional da Funda\u00e7\u00e3o Hirschfeld-Eddy Alian\u00e7a LGBTQI\/ GayLatino.<\/p>\n<p>29\/05 &#8211; RODA DE CONVERSA<br \/>\nTema: Cultura LGBTQI em seus espa\u00e7os de conviv\u00eancias. O papel do cidad\u00e3o na promo\u00e7\u00e3o da diversidade.<br \/>\nParticipa\u00e7\u00e3o: M\u00e1rcia Franco; Lucas Bar Burlesque; Dj Oliver<\/p>\n<p>30\/05 &#8211; OFICINA<br \/>\nTema: Emprendedorismo para LGBTS<br \/>\nParticipa\u00e7\u00e3o: C\u00e9lia Lima &#8211; Analista \/SEBRAE<\/p>\n<p>31\/05 &#8211; RODA DE CONVERSA<br \/>\nTema: Rede de prote\u00e7\u00e3o e cidadania LGBT. Paradas da Diversidade um Movimento para a forma\u00e7\u00e3o da Cidadania LGBT<br \/>\nParticipa\u00e7\u00e3o: Agripino Magalh\u00e3es \u2013 APOGLBT\/SP, ONG respons\u00e1vel pela organiza\u00e7\u00e3o da parada da Diversidade de S\u00e3o Paulo.<br \/>\n<strong>Mais informa\u00e7\u00f5es<\/strong><br \/>\nCentro Municipal de Refer\u00eancia LGBT<br \/>\nEnd. Avenida Oce\u00e2nica, n\u00ba 3731<br \/>\nRio Vermelho \u2013 Salvador\/BA<br \/>\nTel.: (71) 3202-2750<\/p>\n","protected":false},"excerpt":{"rendered":"<p>O Dia Internacional contra a Homofobia ser\u00e1 celebrado nesta quinta-feira (17), e para comemorar a data o Centro Municipal de Refer\u00eancia LGBT promove, em parceira com [&hellip;]<\/p>\n","protected":false},"author":1,"featured_media":15470,"comment_status":"open","ping_status":"open","sticky":false,"template":"","format":"image","meta":{"footnotes":""},"categories":[80,11],"tags":[],"class_list":["post-15466","post","type-post","status-publish","format-image","has-post-thumbnail","hentry","category-home","category-me-informo","post_format-post-format-image"],"_links":{"self":[{"href":"https:\/\/blogs.correio24horas.com.br\/mesalte\/wp-json\/wp\/v2\/posts\/15466","targetHints":{"allow":["GET"]}}],"collection":[{"href":"https:\/\/blogs.correio24horas.com.br\/mesalte\/wp-json\/wp\/v2\/posts"}],"about":[{"href":"https:\/\/blogs.correio24horas.com.br\/mesalte\/wp-json\/wp\/v2\/types\/post"}],"author":[{"embeddable":true,"href":"https:\/\/blogs.correio24horas.com.br\/mesalte\/wp-json\/wp\/v2\/users\/1"}],"replies":[{"embeddable":true,"href":"https:\/\/blogs.correio24horas.com.br\/mesalte\/wp-json\/wp\/v2\/comments?post=15466"}],"version-history":[{"count":4,"href":"https:\/\/blogs.correio24horas.com.br\/mesalte\/wp-json\/wp\/v2\/posts\/15466\/revisions"}],"predecessor-version":[{"id":15472,"href":"https:\/\/blogs.correio24horas.com.br\/mesalte\/wp-json\/wp\/v2\/posts\/15466\/revisions\/15472"}],"wp:featuredmedia":[{"embeddable":true,"href":"https:\/\/blogs.correio24horas.com.br\/mesalte\/wp-json\/wp\/v2\/media\/15470"}],"wp:attachment":[{"href":"https:\/\/blogs.correio24horas.com.br\/mesalte\/wp-json\/wp\/v2\/media?parent=15466"}],"wp:term":[{"taxonomy":"category","embeddable":true,"href":"https:\/\/blogs.correio24horas.com.br\/mesalte\/wp-json\/wp\/v2\/categories?post=15466"},{"taxonomy":"post_tag","embeddable":true,"href":"https:\/\/blogs.correio24horas.com.br\/mesalte\/wp-json\/wp\/v2\/tags?post=15466"}],"curies":[{"name":"wp","href":"https:\/\/api.w.org\/{rel}","templated":true}]}}