{"id":15459,"date":"2018-05-15T17:52:31","date_gmt":"2018-05-15T20:52:31","guid":{"rendered":"http:\/\/blogs.correio24horas.com.br\/mesalte\/?p=15459"},"modified":"2018-05-15T17:52:31","modified_gmt":"2018-05-15T20:52:31","slug":"ato-publico-por-matheusa-acontece-em-alagoinhas","status":"publish","type":"post","link":"https:\/\/blogs.correio24horas.com.br\/mesalte\/ato-publico-por-matheusa-acontece-em-alagoinhas\/","title":{"rendered":"Ato p\u00fablico por Matheusa acontece em Alagoinhas"},"content":{"rendered":"<p>A revolta pela morte da militante e ativista LGBTQIA+ <a href=\"https:\/\/blogs.correio24horas.com.br\/mesalte\/estudante-desaparecida-foi-morta-por-traficantes-no-rio-de-janeiro\/\" target=\"_blank\">Matheusa Passareli<\/a>, de 21 anos, no Rio de Janeiro, ganhar\u00e1 ecos na Bahia na pr\u00f3xima quinta-feira (17) durante as a\u00e7\u00f5es pelo\u00a0Dia Internacional de Combate \u00e0 Homofobia.<\/p>\n<p>Promovido pela Alian\u00e7a LGBT de Alagoinhas, Grupo da Diversidade de Alagoinhas e Coordena\u00e7\u00e3o Nacional das Entidades Negras o evento acontecer\u00e1 em frente \u00e0 prefeitura municipal de Alagoinhas na Bahia.<\/p>\n<p>A partir das 16 horas o &#8216;ato p\u00fablico por Theusa e por todxs n\u00f3s LGBTs&#8217; reunir\u00e1 pessoas com camisa preta e velas brancas.<\/p>\n<p>&nbsp;<\/p>\n","protected":false},"excerpt":{"rendered":"<p>A revolta pela morte da militante e ativista LGBTQIA+ Matheusa Passareli, de 21 anos, no Rio de Janeiro, ganhar\u00e1 ecos na Bahia na pr\u00f3xima quinta-feira (17) [&hellip;]<\/p>\n","protected":false},"author":1,"featured_media":15461,"comment_status":"open","ping_status":"open","sticky":false,"template":"","format":"image","meta":{"footnotes":""},"categories":[80,11],"tags":[],"class_list":["post-15459","post","type-post","status-publish","format-image","has-post-thumbnail","hentry","category-home","category-me-informo","post_format-post-format-image"],"_links":{"self":[{"href":"https:\/\/blogs.correio24horas.com.br\/mesalte\/wp-json\/wp\/v2\/posts\/15459","targetHints":{"allow":["GET"]}}],"collection":[{"href":"https:\/\/blogs.correio24horas.com.br\/mesalte\/wp-json\/wp\/v2\/posts"}],"about":[{"href":"https:\/\/blogs.correio24horas.com.br\/mesalte\/wp-json\/wp\/v2\/types\/post"}],"author":[{"embeddable":true,"href":"https:\/\/blogs.correio24horas.com.br\/mesalte\/wp-json\/wp\/v2\/users\/1"}],"replies":[{"embeddable":true,"href":"https:\/\/blogs.correio24horas.com.br\/mesalte\/wp-json\/wp\/v2\/comments?post=15459"}],"version-history":[{"count":2,"href":"https:\/\/blogs.correio24horas.com.br\/mesalte\/wp-json\/wp\/v2\/posts\/15459\/revisions"}],"predecessor-version":[{"id":15462,"href":"https:\/\/blogs.correio24horas.com.br\/mesalte\/wp-json\/wp\/v2\/posts\/15459\/revisions\/15462"}],"wp:featuredmedia":[{"embeddable":true,"href":"https:\/\/blogs.correio24horas.com.br\/mesalte\/wp-json\/wp\/v2\/media\/15461"}],"wp:attachment":[{"href":"https:\/\/blogs.correio24horas.com.br\/mesalte\/wp-json\/wp\/v2\/media?parent=15459"}],"wp:term":[{"taxonomy":"category","embeddable":true,"href":"https:\/\/blogs.correio24horas.com.br\/mesalte\/wp-json\/wp\/v2\/categories?post=15459"},{"taxonomy":"post_tag","embeddable":true,"href":"https:\/\/blogs.correio24horas.com.br\/mesalte\/wp-json\/wp\/v2\/tags?post=15459"}],"curies":[{"name":"wp","href":"https:\/\/api.w.org\/{rel}","templated":true}]}}