{"id":15397,"date":"2018-05-11T17:00:46","date_gmt":"2018-05-11T20:00:46","guid":{"rendered":"http:\/\/blogs.correio24horas.com.br\/mesalte\/?p=15397"},"modified":"2018-05-11T17:05:26","modified_gmt":"2018-05-11T20:05:26","slug":"a-luta-lgbt-em-destaque-no-ufc","status":"publish","type":"post","link":"https:\/\/blogs.correio24horas.com.br\/mesalte\/a-luta-lgbt-em-destaque-no-ufc\/","title":{"rendered":"A luta LGBT em destaque no UFC"},"content":{"rendered":"<p><em>Por Ivan Dias Marques*<\/em><\/p>\n<p>Neste s\u00e1bado (12), a baiana Amanda Nunes faz sua primeira defesa de cintur\u00e3o do UFC no Brasil. Mais do que isso, sua luta contra a americana Raquel Pennington, a principal do UFC 224, no Rio, \u00e9 um marco hist\u00f3rico no pa\u00eds.<\/p>\n<p>Tanto Amanda quanto Raquel s\u00e3o homossexuais e far\u00e3o o primeiro evento principal da organiza\u00e7\u00e3o envolvendo duas ativistas dos direitos LGBT em pleno pa\u00eds recordista mundial em assassinatos de LGBTs. No ano passado foram 445 mortos no Brasil por motivo de homofobia, segundo dados do Grupo Gay da Bahia (GGB), ou seja, mais do que um por dia.<\/p>\n<p>As duas lutadoras possuem relacionamento com outras atletas do UFC e ambas, como a maioria dos LGBTs, sofreram at\u00e9 poderem expressar suas prefer\u00eancias. Preconceito de familiares, amigos e, claro, do meio do MMA. Afinal, o maior estere\u00f3tipo que pode existir quanto a uma mulher se dedicar profissionalmente \u00e0s artes marciais \u00e9, exatamente, trat\u00e1-la como l\u00e9sbica.<\/p>\n<p>No entanto, na maioria dos casos, a arte marcial n\u00e3o \u00e9 o meio, \u00e9 a fuga e o porto seguro. O medo da homofobia, da viol\u00eancia daqueles que n\u00e3o respeitam as escolhas de g\u00eanero e a inseguran\u00e7a por ter que esconder quem realmente s\u00e3o \u00e9 quem, geralmente e, muitas vezes, inconscientemente, faz com que as mulheres LGBT procurem uma arte marcial.<\/p>\n<p>E talvez seja esse preconceito que fa\u00e7a com que Amanda tamb\u00e9m ainda n\u00e3o tenha o reconhecimento que merece. Enquanto Ronda Rousey era a queridinha, a garota-propaganda, o bibel\u00f4 do UFC, a baiana, campe\u00e3 com m\u00e9ritos e que destro\u00e7ou Ronda, n\u00e3o conta com a mesma \u201csimpatia\u201d.<\/p>\n<p>Para o evento de amanh\u00e3, no Rio, a expectativa de muitos torcedores \u2013 e da organiza\u00e7\u00e3o &#8211; \u00e9 muito mais pela presen\u00e7a da americana-brasileira Mackenzie Dern, que tem potencial para ocupar o mesmo lugar vago por Ronda e tamb\u00e9m faz sua primeira luta em solo brasileiro. Mackenzie sempre foi cercada de expectativa, pelos t\u00edtulos no jiu-jitsu, mas conta com uma simpatia por fazer parte de um padr\u00e3o est\u00e9tico e comportamental mais de acordo com os valores da \u201cfam\u00edlia\u201d. Se perder, ningu\u00e9m vai lembrar ou ofend\u00ea-la por sua op\u00e7\u00e3o sexual, o que, com Amanda, a gente bem sabe que pode acontecer.<\/p>\n<p>Assim, mesmo sabendo do risco inerente a uma luta de disputa de cintur\u00e3o de MMA e da qualidade de Raquel (pra mim, inferior a Amanda), aguardo que a Leoa ven\u00e7a o combate, siga com seu cintur\u00e3o, lasque um beijo em rede nacional em sua esposa e fa\u00e7a um discurso daqueles. Para fazer do UFC 224 um marco na luta pelos direitos LGBTs.<\/p>\n<p><em>Basquete<\/em><br \/>\n\u00c9 com grande ansiedade que todos n\u00f3s, imprensa e amantes do basquete, esperamos a melhor resolu\u00e7\u00e3o poss\u00edvel para o imbr\u00f3glio entre o Vit\u00f3ria e a Universo. Em 2015, entrevistei o ent\u00e3o t\u00e9cnico da sele\u00e7\u00e3o brasileira R\u00faben Magnano e ele falava da import\u00e2ncia em massificar o basquete para faz\u00ea-lo voltar a ser um esporte de grandes conquistas no Brasil.<\/p>\n<p>Somos umas das cinco maiores cidades do pa\u00eds e n\u00e3o ter uma equipe de basquete jogando numa liga nacional e em bom n\u00edvel atrasaria em muitos anos o desenvolvimento do esporte em Salvador. Tenho certeza que a cultura do basquete criada nestes tr\u00eas anos na capital baiana, principalmente, no bairro de Cajazeiras, o mais populoso da nossa cidade, dar\u00e1 frutos. Mas o trabalho n\u00e3o pode ser cortado assim, de uma hora para outra.<\/p>\n<p><em>Ivan Dias Marques \u00e9 subeditor de Esporte e escreve \u00e0s sextas-feiras no<a href=\"https:\/\/www.correio24horas.com.br\/noticia\/nid\/a-luta-lgbt-em-destaque-no-ufc\/\" target=\"_blank\"> jornal CORREIO<\/a><\/em><\/p>\n","protected":false},"excerpt":{"rendered":"<p>Por Ivan Dias Marques* Neste s\u00e1bado (12), a baiana Amanda Nunes faz sua primeira defesa de cintur\u00e3o do UFC no Brasil. Mais do que isso, sua [&hellip;]<\/p>\n","protected":false},"author":2,"featured_media":15398,"comment_status":"open","ping_status":"open","sticky":false,"template":"","format":"image","meta":{"footnotes":""},"categories":[80,11],"tags":[],"class_list":["post-15397","post","type-post","status-publish","format-image","has-post-thumbnail","hentry","category-home","category-me-informo","post_format-post-format-image"],"_links":{"self":[{"href":"https:\/\/blogs.correio24horas.com.br\/mesalte\/wp-json\/wp\/v2\/posts\/15397","targetHints":{"allow":["GET"]}}],"collection":[{"href":"https:\/\/blogs.correio24horas.com.br\/mesalte\/wp-json\/wp\/v2\/posts"}],"about":[{"href":"https:\/\/blogs.correio24horas.com.br\/mesalte\/wp-json\/wp\/v2\/types\/post"}],"author":[{"embeddable":true,"href":"https:\/\/blogs.correio24horas.com.br\/mesalte\/wp-json\/wp\/v2\/users\/2"}],"replies":[{"embeddable":true,"href":"https:\/\/blogs.correio24horas.com.br\/mesalte\/wp-json\/wp\/v2\/comments?post=15397"}],"version-history":[{"count":1,"href":"https:\/\/blogs.correio24horas.com.br\/mesalte\/wp-json\/wp\/v2\/posts\/15397\/revisions"}],"predecessor-version":[{"id":15399,"href":"https:\/\/blogs.correio24horas.com.br\/mesalte\/wp-json\/wp\/v2\/posts\/15397\/revisions\/15399"}],"wp:featuredmedia":[{"embeddable":true,"href":"https:\/\/blogs.correio24horas.com.br\/mesalte\/wp-json\/wp\/v2\/media\/15398"}],"wp:attachment":[{"href":"https:\/\/blogs.correio24horas.com.br\/mesalte\/wp-json\/wp\/v2\/media?parent=15397"}],"wp:term":[{"taxonomy":"category","embeddable":true,"href":"https:\/\/blogs.correio24horas.com.br\/mesalte\/wp-json\/wp\/v2\/categories?post=15397"},{"taxonomy":"post_tag","embeddable":true,"href":"https:\/\/blogs.correio24horas.com.br\/mesalte\/wp-json\/wp\/v2\/tags?post=15397"}],"curies":[{"name":"wp","href":"https:\/\/api.w.org\/{rel}","templated":true}]}}