{"id":15385,"date":"2018-05-09T20:24:26","date_gmt":"2018-05-09T23:24:26","guid":{"rendered":"http:\/\/blogs.correio24horas.com.br\/mesalte\/?p=15385"},"modified":"2018-05-09T20:25:33","modified_gmt":"2018-05-09T23:25:33","slug":"quem-disse-que-nao-e-uma-familia-diz-rafael-zulu-apos-cena-de-beijo","status":"publish","type":"post","link":"https:\/\/blogs.correio24horas.com.br\/mesalte\/quem-disse-que-nao-e-uma-familia-diz-rafael-zulu-apos-cena-de-beijo\/","title":{"rendered":"&#8216;Quem disse que n\u00e3o \u00e9 uma fam\u00edlia&#8217; , diz Rafael Zulu ap\u00f3s cena de beijo"},"content":{"rendered":"<p>O ator Rafael Zulu fez uma postagem em seu Instagram, que foi posteriormente compartilhada pelo colega Eriberto Le\u00e3o, falando a respeito do desfecho dos personagens Cido e Samuel, vividos por eles em O Outro Lado do Para\u00edso.<\/p>\n<p>&#8220;Quem disse que isso aqui n\u00e3o \u00e9 uma fam\u00edlia? Viva o amor&#8221;, escreveu Rafael Zulu em seu Instagram, ao lado de uma foto em que o casal aparece ao lado de Adin\u00e9ia (Ana Lucia Torre), m\u00e3e de Samuel na trama.<\/p>\n<p>Zulu ainda publicou uma foto da cena do beijo entre os dois, exibida na \u00faltima ter\u00e7a-feira, 8, ressaltando sua mensagem: &#8220;E viva o amor, independente da forma&#8221;. Assista ao momento clicando aqui.<\/p>\n<blockquote class=\"instagram-media\" style=\"background: #FFF; border: 0; border-radius: 3px; box-shadow: 0 0 1px 0 rgba(0,0,0,0.5),0 1px 10px 0 rgba(0,0,0,0.15); margin: 1px; max-width: 658px; padding: 0; width: calc(100% - 2px);\" data-instgrm-captioned=\"\" data-instgrm-permalink=\"https:\/\/www.instagram.com\/p\/BiifxfAHAl1\/\" data-instgrm-version=\"8\">\n<div style=\"padding: 8px;\">\n<div style=\"background: #F8F8F8; line-height: 0; margin-top: 40px; padding: 50.0% 0; text-align: center; width: 100%;\"><\/div>\n<p style=\"margin: 8px 0 0 0; padding: 0 4px;\"><a style=\"color: #000; font-family: Arial,sans-serif; font-size: 14px; font-style: normal; font-weight: normal; line-height: 17px; text-decoration: none; word-wrap: break-word;\" href=\"https:\/\/www.instagram.com\/p\/BiifxfAHAl1\/\" target=\"_blank\">Quem disse que isso aqui n\u00e3o \u00e9 uma fam\u00edlia?! . . VIVA O AMOR&#8230; \u2665<\/a><\/p>\n<p style=\"color: #c9c8cd; font-family: Arial,sans-serif; font-size: 14px; line-height: 17px; margin-bottom: 0; margin-top: 8px; overflow: hidden; padding: 8px 0 7px; text-align: center; text-overflow: ellipsis; white-space: nowrap;\">Uma publica\u00e7\u00e3o compartilhada por <a style=\"color: #c9c8cd; font-family: Arial,sans-serif; font-size: 14px; font-style: normal; font-weight: normal; line-height: 17px;\" href=\"https:\/\/www.instagram.com\/rafaelzulu\/\" target=\"_blank\"> Rafael Zulu<\/a> (@rafaelzulu) em <time style=\"font-family: Arial,sans-serif; font-size: 14px; line-height: 17px;\" datetime=\"2018-05-09T01:55:28+00:00\">8 de Mai, 2018 \u00e0s 6:55 PDT<\/time><\/p>\n<\/div>\n<\/blockquote>\n<p><script src=\"\/\/www.instagram.com\/embed.js\" async=\"\" defer=\"defer\"><\/script><\/p>\n","protected":false},"excerpt":{"rendered":"<p>O ator Rafael Zulu fez uma postagem em seu Instagram, que foi posteriormente compartilhada pelo colega Eriberto Le\u00e3o, falando a respeito do desfecho dos personagens Cido [&hellip;]<\/p>\n","protected":false},"author":1,"featured_media":15387,"comment_status":"open","ping_status":"open","sticky":false,"template":"","format":"image","meta":{"footnotes":""},"categories":[28,80],"tags":[],"class_list":["post-15385","post","type-post","status-publish","format-image","has-post-thumbnail","hentry","category-farofa-digital","category-home","post_format-post-format-image"],"_links":{"self":[{"href":"https:\/\/blogs.correio24horas.com.br\/mesalte\/wp-json\/wp\/v2\/posts\/15385","targetHints":{"allow":["GET"]}}],"collection":[{"href":"https:\/\/blogs.correio24horas.com.br\/mesalte\/wp-json\/wp\/v2\/posts"}],"about":[{"href":"https:\/\/blogs.correio24horas.com.br\/mesalte\/wp-json\/wp\/v2\/types\/post"}],"author":[{"embeddable":true,"href":"https:\/\/blogs.correio24horas.com.br\/mesalte\/wp-json\/wp\/v2\/users\/1"}],"replies":[{"embeddable":true,"href":"https:\/\/blogs.correio24horas.com.br\/mesalte\/wp-json\/wp\/v2\/comments?post=15385"}],"version-history":[{"count":1,"href":"https:\/\/blogs.correio24horas.com.br\/mesalte\/wp-json\/wp\/v2\/posts\/15385\/revisions"}],"predecessor-version":[{"id":15386,"href":"https:\/\/blogs.correio24horas.com.br\/mesalte\/wp-json\/wp\/v2\/posts\/15385\/revisions\/15386"}],"wp:featuredmedia":[{"embeddable":true,"href":"https:\/\/blogs.correio24horas.com.br\/mesalte\/wp-json\/wp\/v2\/media\/15387"}],"wp:attachment":[{"href":"https:\/\/blogs.correio24horas.com.br\/mesalte\/wp-json\/wp\/v2\/media?parent=15385"}],"wp:term":[{"taxonomy":"category","embeddable":true,"href":"https:\/\/blogs.correio24horas.com.br\/mesalte\/wp-json\/wp\/v2\/categories?post=15385"},{"taxonomy":"post_tag","embeddable":true,"href":"https:\/\/blogs.correio24horas.com.br\/mesalte\/wp-json\/wp\/v2\/tags?post=15385"}],"curies":[{"name":"wp","href":"https:\/\/api.w.org\/{rel}","templated":true}]}}