{"id":15327,"date":"2018-05-09T09:00:28","date_gmt":"2018-05-09T12:00:28","guid":{"rendered":"http:\/\/blogs.correio24horas.com.br\/mesalte\/?p=15327"},"modified":"2018-05-09T11:37:08","modified_gmt":"2018-05-09T14:37:08","slug":"bicha-sapatao-traveco-ate-quando-vao-nos-matar-com-palavras","status":"publish","type":"post","link":"https:\/\/blogs.correio24horas.com.br\/mesalte\/bicha-sapatao-traveco-ate-quando-vao-nos-matar-com-palavras\/","title":{"rendered":"Bicha, sapat\u00e3o, traveco &#8230; at\u00e9 quando v\u00e3o nos matar com palavras?"},"content":{"rendered":"<p>Com\u00a0tiros na cabe\u00e7a e espancamentos, o <a href=\"https:\/\/blogs.correio24horas.com.br\/mesalte\/homem-trans-tem-casa-invadida-e-e-encontrado-morto-na-bahia\/\" target=\"_blank\">homem trans Thadeu Nascimento<\/a> foi morto em Salvador.\u00a0Com facadas, a travesti <a href=\"https:\/\/www.correio24horas.com.br\/noticia\/nid\/travesti-e-morta-a-tiros-no-bairro-de-stella-maris-em-salvador\/\" target=\"_blank\">Bruna<\/a> foi executada no bairro de Stella Maris, na capital baiana.\u00a0Queimada, a\u00a0estudante carioca <a href=\"https:\/\/blogs.correio24horas.com.br\/mesalte\/estudante-desaparecida-foi-morta-por-traficantes-no-rio-de-janeiro\/\" target=\"_blank\">Matheusa Passareli<\/a> foi morta no Rio de Janeiro. A lista \u00e9 longa e s\u00f3 cresce com passar dos dias, meses e anos. Somente nos primeiros quatro meses deste ano 142 pessoas LGBTQIA+ foram mortas no Brasil, segundo dados do Grupo Gay da Bahia.<\/p>\n<p>Mas, antes do fim da vida terrena, Thadeu, Bruna, Matheusa e tantos outrxs foram mortos &#8211; e ainda s\u00e3o a cada momento. Bicha, traveco, sapat\u00e3o&#8230;. S\u00e3o palavras que matam os LGBTQIA+ todos os dias. Infelizmente, a lista de ofensas verbais \u00e9 t\u00e3o extensa que n\u00e3o caberia nem colocar nesse texto.<\/p>\n<p>Certamente voc\u00ea que est\u00e1 me lendo j\u00e1 deve ter chamado ou uma travesti de &#8216;o traveco&#8217; ou algum gay de &#8216;bichinha&#8217;.\u00a0Alguma vez voc\u00ea pensou no efeito que isso tem no ouvido de quem \u00e9 nomeado de forma pejorativa e agressiva?<\/p>\n<p>Voc\u00ea n\u00e3o imagina o que pode est\u00e1\u00a0causando na vida dessa pessoa.\u00a0O respeito \u00e0 identidade do outro n\u00e3o deve ser encarado como &#8216;mimimi&#8217; de militante. Respeitar a forma como a pessoa se entende no mundo deve ser superior ao preconceito disfar\u00e7ado de &#8216;brincadeira&#8217;.<\/p>\n<p>Muitas vezes presenciei na vida e fui alvo de coment\u00e1rios preconceituosos. Na minha inf\u00e2ncia eu era a t\u00edpica <a href=\"https:\/\/blogs.correio24horas.com.br\/mesalte\/crianca-viada-veja-fotos-de-criancas-que-mostram-que-e-preciso-lacrar-desde-a-infancia\/\" target=\"_blank\">crian\u00e7a viada<\/a>. Imagine o tipo de palavras que eu n\u00e3o ouvi na minha inf\u00e2ncia. Bicha, viadinho, mulherzinha, \u00edndia, queima rosca&#8230;.. Os nomes eram muitos e por muitas vezes tiram o sorriso do rosto que eu tinha quando pequeno (esse que voc\u00ea v\u00ea na foto abaixo).<\/p>\n<div id=\"attachment_7294\" style=\"width: 623px\" class=\"wp-caption aligncenter\"><img loading=\"lazy\" decoding=\"async\" aria-describedby=\"caption-attachment-7294\" class=\"size-full wp-image-7294\" src=\"https:\/\/blogs.correio24h.com.br\/mesalte\/wp-content\/uploads\/2016\/10\/criancaviada_jorge.jpg\" alt=\"Eu quando era uma crian\u00e7a viada Foto: Acervo Pessoal\" width=\"613\" height=\"639\" srcset=\"https:\/\/blogs.correio24h.com.br\/mesalte\/wp-content\/uploads\/2016\/10\/criancaviada_jorge.jpg 613w, https:\/\/blogs.correio24h.com.br\/mesalte\/wp-content\/uploads\/2016\/10\/criancaviada_jorge-288x300.jpg 288w, https:\/\/blogs.correio24h.com.br\/mesalte\/wp-content\/uploads\/2016\/10\/criancaviada_jorge-140x146.jpg 140w, https:\/\/blogs.correio24h.com.br\/mesalte\/wp-content\/uploads\/2016\/10\/criancaviada_jorge-48x50.jpg 48w, https:\/\/blogs.correio24h.com.br\/mesalte\/wp-content\/uploads\/2016\/10\/criancaviada_jorge-72x75.jpg 72w\" sizes=\"auto, (max-width: 613px) 100vw, 613px\" \/><p id=\"caption-attachment-7294\" class=\"wp-caption-text\"><strong>Eu quando era uma crian\u00e7a viada<\/strong><br \/>Foto: Acervo Pessoal<\/p><\/div>\n<p>Esse sorriso, por muito tempo, e por muitas vezes foi encerrado diante de coment\u00e1rios desse g\u00eanero. Em muitos momentos da minha vida buscava entender porque os coleguinhas de col\u00e9gio me chamavam de algo que eu sequer sabia o que significava pelo simples prazer de ferir. Ser\u00e1 que essas pessoas nunca pensaram no mal que estavam me fazendo? Ser\u00e1 que essas pessoas &#8211; que l\u00e1 na inf\u00e2ncia nutriam esse \u00f3dio &#8211; n\u00e3o se tornaram assassinos de outros LGBTQIA?<\/p>\n<p>Quando na inf\u00e2ncia eu jogava futebol &#8211; sim, j\u00e1 tive esse passado! &#8211; eu precisava ser melhor do que os outros meninos. Eles n\u00e3o entendiam e ficavam furiosos quando eu\u00a0 &#8211; o viadinho do grupo &#8211; era o melhor na quadra. Quando ganhei o campeonato e fiz o gol do t\u00edtulo foi um choque para os mini-mach\u00f5es em forma\u00e7\u00e3o. Recebi at\u00e9 &#8216;cartinhas carinhosas&#8217; dizendo que lugar de bicha era longe do campo. Acabei abandonando a pr\u00e1tica esportiva por esses e outros motivos. Naqueles momentos sempre morria mais um pouco. Mas eu n\u00e3o sou o \u00fanico.<\/p>\n<p>O Brasil \u00e9 o pa\u00eds onde mais se mata pessoas LGBTQIA+ no mundo. Infelizmente a maioria dessas mortes t\u00eam algo em comum: a cultura do \u00f3dio. Esse terror heteronormativo que acha que somente a forma\u00e7\u00e3o da fam\u00edlia tradicional brasileira \u00e9 o pano de fundo para tantas mortes.<\/p>\n<p>Quando vamos para ambientes mais &#8216;tradicionais&#8217; a coisa piora. A famosa bancada da &#8216;bala&#8217; e da &#8216;b\u00edblia&#8217; no Congresso Federal, por exemplo, reverbera esses discursos anacr\u00f4nico de forma amplificada. Infelizmente nos c\u00e9rebros danificados acabam encontrando reverbera\u00e7\u00f5es dessa vis\u00e3o de mundo que parou no tempo das cavernas.\u00a0\u00c9 inconceb\u00edvel que num pa\u00eds onde se prega a democracia tenhamos pol\u00edticos defendendo publicamente a morte de homossexuais.\u00a0 Seus eleitores &#8211; t\u00e3o ignorantes quanto seus representantes &#8211; ecoam essas express\u00f5es como se fossem as palavras do apocalipse.<\/p>\n<p>A prova que est\u00e3o parados no tempo pode ser percebida por exemplo quando usam o termo homossexualismo ou inv\u00e9s de homossexualidade. Deste 1973 que os Estados Unidos retirou\u00a0 o termo \u201chomossexualismo\u201d da lista dos dist\u00farbios mentais da American Psychology Association, passando a ser usado o termo homossexualidade.<\/p>\n<p>Desde fevereiro de 1985, o Conselho Federal de Medicina aprovou a retirada, no Brasil, da homossexualidade do c\u00f3digo 302.0, referente aos desvios e transtornos sexuais. Em 17 de maio de 1990, a Assembleia Mundial da Sa\u00fade aprovou a retirada do c\u00f3digo 302.0 da Classifica\u00e7\u00e3o Internacional de Doen\u00e7as da Organiza\u00e7\u00e3o Mundial da Sa\u00fade. A nova classifica\u00e7\u00e3o entrou em vigor entre os pa\u00edses-membro das Na\u00e7\u00f5es Unidas a partir de 1\u00ba de janeiro de 1993.<\/p>\n<p>Dados da Associa\u00e7\u00e3o Brasileira de L\u00e9sbicas, Gays, Bissexuais,\u00a0Travestis e Transexuais (ABGLT) indicam que em 1999, o Conselho Federal de Psicologia formulou a Resolu\u00e7\u00e3o 001\/99, considerando que \u201ca homossexualidade n\u00e3o constitui doen\u00e7a, nem dist\u00farbio e nem pervers\u00e3o\u201d, que \u201ch\u00e1, na sociedade, uma inquieta\u00e7\u00e3o em torno das pr\u00e1ticas sexuais desviantes da norma estabelecida s\u00f3cio-culturalmente\u201d (qual seja, a heterossexualidade), e, especialmente, que \u201ca Psicologia pode e deve contribuir com seu conhecimento para o esclarecimento sobre as quest\u00f5es da sexualidade, permitindo a supera\u00e7\u00e3o de preconceitos e discrimina\u00e7\u00f5es\u201d. Assim, tanto no Brasil como em outros pa\u00edses, cientificamente, homossexualidade n\u00e3o \u00e9 considerada doen\u00e7a. Por isso, o sufixo \u201cismo\u201d (terminologia referente \u00e0 \u201cdoen\u00e7a\u201d) foi substitu\u00eddo por \u201cdade\u201d (que remete a \u201cmodo de ser\u201d).<\/p>\n<p>Mas, porque ser\u00e1 que ainda insistem em dizem a palavra &#8216;homossexualismo&#8217;? Ser\u00e1 que, realmente, \u00e9 porque essas pessoas n\u00e3o conhecem o significado do termo ou realmente \u00e9 s\u00f3 por maldade e vontade de nos rotular como doentes mesmo quando a Medicina j\u00e1 n\u00e3o usa mais esse entendimento. Acredito que &#8211; tirando raras exce\u00e7\u00f5es &#8211; isso \u00e9 pura maldade. S\u00e3o os heteros preceituosos da escola que cresceram e agora est\u00e3o por a\u00ed reberverando o \u00f3dio de forma gratuita.<\/p>\n<p>Chamar uma travesti pelo nome masculino que consta no registro civil \u00e9 ferir sua identidade. \u00c9 mat\u00e1-la na sua ess\u00eancia. Usar o termo &#8216;traveco&#8217; n\u00e3o \u00e9 engra\u00e7ado. N\u00e3o \u00e9 correto. \u00c9 um uso pejorativo que marginaliza a exist\u00eancia dessas pessoas.<\/p>\n<p>Questionar isso n\u00e3o \u00e9 bobagem. Sim, as palavras matam. E elas n\u00e3o matam apenas as pessoas que ouvem. Elas matam todxs n\u00f3s a cada dia. Repense seus atos, seus gestos e sua voz . Saiba que voc\u00ea est\u00e1, ao proferir essas palavras, colaborando para aumentar a dor e o sofrimento de outras pessoas.<\/p>\n<p><em>Ilustra\u00e7\u00e3o: arte de<a href=\"https:\/\/www.instagram.com\/mariliagabcruz\/\" target=\"_blank\"> Gabriela Cruz<\/a> sobre imagem do Shutterstock<\/em><\/p>\n<p>Leia tamb\u00e9m: <a href=\"https:\/\/blogs.correio24horas.com.br\/mesalte\/entenda-os-termos-e-evite-ser-uma-pessoa-lgbtfobica\/\" target=\"_blank\">Entenda os termos e evite ser uma pessoa LGBTf\u00f3bica<\/a><\/p>\n","protected":false},"excerpt":{"rendered":"<p>Com\u00a0tiros na cabe\u00e7a e espancamentos, o homem trans Thadeu Nascimento foi morto em Salvador.\u00a0Com facadas, a travesti Bruna foi executada no bairro de Stella Maris, na [&hellip;]<\/p>\n","protected":false},"author":1,"featured_media":15352,"comment_status":"open","ping_status":"open","sticky":false,"template":"","format":"image","meta":{"footnotes":""},"categories":[80,11],"tags":[175,72,338,33,587,309,43,1660,50,1241,62],"class_list":["post-15327","post","type-post","status-publish","format-image","has-post-thumbnail","hentry","category-home","category-me-informo","tag-diversidade","tag-drag","tag-dragart","tag-gay","tag-instagay","tag-lesbica","tag-lgbt","tag-lgbtquia","tag-trans","tag-transexuais-e-transgeneros","tag-travesti","post_format-post-format-image"],"_links":{"self":[{"href":"https:\/\/blogs.correio24horas.com.br\/mesalte\/wp-json\/wp\/v2\/posts\/15327","targetHints":{"allow":["GET"]}}],"collection":[{"href":"https:\/\/blogs.correio24horas.com.br\/mesalte\/wp-json\/wp\/v2\/posts"}],"about":[{"href":"https:\/\/blogs.correio24horas.com.br\/mesalte\/wp-json\/wp\/v2\/types\/post"}],"author":[{"embeddable":true,"href":"https:\/\/blogs.correio24horas.com.br\/mesalte\/wp-json\/wp\/v2\/users\/1"}],"replies":[{"embeddable":true,"href":"https:\/\/blogs.correio24horas.com.br\/mesalte\/wp-json\/wp\/v2\/comments?post=15327"}],"version-history":[{"count":15,"href":"https:\/\/blogs.correio24horas.com.br\/mesalte\/wp-json\/wp\/v2\/posts\/15327\/revisions"}],"predecessor-version":[{"id":15496,"href":"https:\/\/blogs.correio24horas.com.br\/mesalte\/wp-json\/wp\/v2\/posts\/15327\/revisions\/15496"}],"wp:featuredmedia":[{"embeddable":true,"href":"https:\/\/blogs.correio24horas.com.br\/mesalte\/wp-json\/wp\/v2\/media\/15352"}],"wp:attachment":[{"href":"https:\/\/blogs.correio24horas.com.br\/mesalte\/wp-json\/wp\/v2\/media?parent=15327"}],"wp:term":[{"taxonomy":"category","embeddable":true,"href":"https:\/\/blogs.correio24horas.com.br\/mesalte\/wp-json\/wp\/v2\/categories?post=15327"},{"taxonomy":"post_tag","embeddable":true,"href":"https:\/\/blogs.correio24horas.com.br\/mesalte\/wp-json\/wp\/v2\/tags?post=15327"}],"curies":[{"name":"wp","href":"https:\/\/api.w.org\/{rel}","templated":true}]}}