{"id":15310,"date":"2018-05-08T07:33:32","date_gmt":"2018-05-08T10:33:32","guid":{"rendered":"http:\/\/blogs.correio24horas.com.br\/mesalte\/?p=15310"},"modified":"2018-05-08T07:33:32","modified_gmt":"2018-05-08T10:33:32","slug":"livro-sobre-a-problematizacao-da-visibilidade-lgbt-em-jornais-sera-lancado-em-salvador","status":"publish","type":"post","link":"https:\/\/blogs.correio24horas.com.br\/mesalte\/livro-sobre-a-problematizacao-da-visibilidade-lgbt-em-jornais-sera-lancado-em-salvador\/","title":{"rendered":"Livro sobre a problematiza\u00e7\u00e3o da\u00a0visibilidade LGBT em jornais ser\u00e1 lan\u00e7ado em Salvador"},"content":{"rendered":"<p>Ser\u00e1 lan\u00e7ado na pr\u00f3xima quinta-feira (10), o livro \u201cLGBT como pauta do jornalismo: visibilidades e limita\u00e7\u00f5es\u201d, assinado pelo jornalista Eder Luis Santana. A obra revela como dois jornais da Bahia retrataram a diversidade sexual e de g\u00eanero em sua cobertura durante um ano. O lan\u00e7amento acontece no audit\u00f3rio da Faculdade Ruy Barbosa, no Rio Vermelho, a partir das 8h20. A entrada \u00e9 gratuita.<\/p>\n<p>O livro \u00e9 divido em quatro cap\u00edtulos: pol\u00edtica, direitos civis, celebridades e viol\u00eancia. Ao longo de doze meses, todo o conte\u00fado publicado foi coletado para, em seguida, ser problematizado a partir de autores que debatem g\u00eanero e sexualidade em diferentes \u00e1reas das Ci\u00eancias Sociais. Os Estudos Queer formam a base mais importantes do arcabou\u00e7o te\u00f3rico a partir de nomes como Judith Butler, Leandro Colling, Larissa Pel\u00facio e Beatriz Preciado.<\/p>\n<p>Os jornais escolhidos para an\u00e1lise foram A\u00a0Tarde e o Massa!. \u201cO objetivo \u00e9 mostrar como as not\u00edcias servem de instrumento \u00e0s reflex\u00f5es mais profundas ligadas ao universo LGBT. Se pensarmos o jornal como ferramenta legitimada para narrar nosso presente, podemos projet\u00e1-lo tamb\u00e9m como um produtor de narrativas que devem ser problematizadas. O jornalismo \u00e9 um poderoso produtor de subjetividades\u201d, comenta Santana.<\/p>\n<p>Mestre em cultura e sociedade pela Universidade Federal da Bahia (Ufba), o escritor trabalhou em jornais di\u00e1rios como rep\u00f3rter, editor e blogueiro, al\u00e9m de ter experi\u00eancia como freelancer em ve\u00edculos de circula\u00e7\u00e3o nacional. O livro \u201cLGBT como pauta do jornalismo: visibilidades e limita\u00e7\u00f5es\u201d re\u00fane seu trabalho de pesquisa feito durante o mestrado, quando integrava o Grupo de Pesquisa em Cultura e Sexualidade (CuS)<\/p>\n<p>\u00c0 frente do lan\u00e7amento est\u00e1 a Editora Devires, criada em 2017 com o objetivo de publicar disserta\u00e7\u00f5es e teses acad\u00eamicas voltadas \u00e0 \u00e1rea de g\u00eanero e sexualidade em di\u00e1logo com Estudos Queer, p\u00f3s-coloniais, subalternos, transfeministas, dentre outros. \u201cLan\u00e7ar um livro focado no jornalismo \u00e9 importante n\u00e3o apenas por analisar o modo como a m\u00eddia pode reproduzir padr\u00f5es normativos de sujeitos, mas tamb\u00e9m porque contribui com a forma\u00e7\u00e3o de profissionais de comunica\u00e7\u00e3o pautados na \u00e9tica e no compromisso social\u201d, comentou o fundador da Devires, Gilmaro Nogueira.<\/p>\n<p>O lan\u00e7amento em Salvador faz parte da programa\u00e7\u00e3o oficial do Bate Cabelo Cient\u00edfico, evento promovido pela Mostra de Pesquisa em Ci\u00eancia e Tecnologia da Faculdade Ruy Barbosa &#8211; Widen. Na ocasi\u00e3o, ser\u00e3o apresentadas, dentre outras, pesquisas sobre g\u00eanero e sexualidade na escola, corporalidades das afeminadas, identidades e viv\u00eancias trans e atendimento psicossocial de crian\u00e7as trans. A programa\u00e7\u00e3o completa do evento pode ser conferida no site www.wyden.com.br.<\/p>\n<p><strong>Servi\u00e7o<\/strong><br \/>\nO que: lan\u00e7amento do livro \u201cLGBT como pauta do jornalismo\u201d<br \/>\nQuando: dia 10 de mar\u00e7o, \u00e0s 8h20.<br \/>\nOnde: audit\u00f3rio da Faculdade Ruy Barbosa, no Rio Vermelho.<br \/>\nMais informa\u00e7\u00f5es: https:\/\/www.wyden.com.br\/frb\/mostra-de-pesquisa-em-ciencia-e-tecnologi<\/p>\n","protected":false},"excerpt":{"rendered":"<p>Ser\u00e1 lan\u00e7ado na pr\u00f3xima quinta-feira (10), o livro \u201cLGBT como pauta do jornalismo: visibilidades e limita\u00e7\u00f5es\u201d, assinado pelo jornalista Eder Luis Santana. A obra revela como [&hellip;]<\/p>\n","protected":false},"author":1,"featured_media":15311,"comment_status":"open","ping_status":"open","sticky":false,"template":"","format":"image","meta":{"footnotes":""},"categories":[80,11],"tags":[],"class_list":["post-15310","post","type-post","status-publish","format-image","has-post-thumbnail","hentry","category-home","category-me-informo","post_format-post-format-image"],"_links":{"self":[{"href":"https:\/\/blogs.correio24horas.com.br\/mesalte\/wp-json\/wp\/v2\/posts\/15310","targetHints":{"allow":["GET"]}}],"collection":[{"href":"https:\/\/blogs.correio24horas.com.br\/mesalte\/wp-json\/wp\/v2\/posts"}],"about":[{"href":"https:\/\/blogs.correio24horas.com.br\/mesalte\/wp-json\/wp\/v2\/types\/post"}],"author":[{"embeddable":true,"href":"https:\/\/blogs.correio24horas.com.br\/mesalte\/wp-json\/wp\/v2\/users\/1"}],"replies":[{"embeddable":true,"href":"https:\/\/blogs.correio24horas.com.br\/mesalte\/wp-json\/wp\/v2\/comments?post=15310"}],"version-history":[{"count":1,"href":"https:\/\/blogs.correio24horas.com.br\/mesalte\/wp-json\/wp\/v2\/posts\/15310\/revisions"}],"predecessor-version":[{"id":15312,"href":"https:\/\/blogs.correio24horas.com.br\/mesalte\/wp-json\/wp\/v2\/posts\/15310\/revisions\/15312"}],"wp:featuredmedia":[{"embeddable":true,"href":"https:\/\/blogs.correio24horas.com.br\/mesalte\/wp-json\/wp\/v2\/media\/15311"}],"wp:attachment":[{"href":"https:\/\/blogs.correio24horas.com.br\/mesalte\/wp-json\/wp\/v2\/media?parent=15310"}],"wp:term":[{"taxonomy":"category","embeddable":true,"href":"https:\/\/blogs.correio24horas.com.br\/mesalte\/wp-json\/wp\/v2\/categories?post=15310"},{"taxonomy":"post_tag","embeddable":true,"href":"https:\/\/blogs.correio24horas.com.br\/mesalte\/wp-json\/wp\/v2\/tags?post=15310"}],"curies":[{"name":"wp","href":"https:\/\/api.w.org\/{rel}","templated":true}]}}