{"id":15300,"date":"2018-05-07T11:20:28","date_gmt":"2018-05-07T14:20:28","guid":{"rendered":"http:\/\/blogs.correio24horas.com.br\/mesalte\/?p=15300"},"modified":"2018-05-07T12:28:41","modified_gmt":"2018-05-07T15:28:41","slug":"estudante-desaparecida-foi-morta-por-traficantes-no-rio-de-janeiro","status":"publish","type":"post","link":"https:\/\/blogs.correio24horas.com.br\/mesalte\/estudante-desaparecida-foi-morta-por-traficantes-no-rio-de-janeiro\/","title":{"rendered":"Militante LGBT desaparecida foi morta e queimada por traficantes no Rio de Janeiro, diz irm\u00e3o"},"content":{"rendered":"<p>Acabou de forma tr\u00e1gica a busca pela estudante\u00a0de Artes Visuais Matheusa Passareli, de 21 anos.\u00a0Em mensagem escrita neste domingo (06) no Facebook, Gabriel Passareli afirmou que\u00a0a irm\u00e3\u00a0 foi executada e teve o corpo queimado ap\u00f3s entrar em uma favela na Piedade, Zona Norte do Rio de Janeiro.<\/p>\n<p>A v\u00edtima, que se identificava com uma pessoa n\u00e3o-bin\u00e1ria e era militante do movimento LGBT, est\u00e1 desaparecida h\u00e1 uma semana. At\u00e9 o momento, a Pol\u00edcia Civil n\u00e3o confirmou a morte de Matheusa, que foi vista pela \u00faltima vez na madrugada do \u00faltimo dia 29 de abril. Matheusa, estuda na Universidade do Estado do Rio (Uerj) e sumiu ap\u00f3s ir a uma festa com amigos.<\/p>\n<p>O desaparecimento est\u00e1 sendo divulgado fortemente pelas redes sociais por v\u00e1rios artistas.<\/p>\n<p>Veja abaixo o relato de Gabriel no Facebook:<\/p>\n<p><em>&#8220;Sinto muito. H\u00e1 uma semana atr\u00e1s recebemos a noticia que minha irm\u00e3 tinha desaparecido ao tentar sair de uma festa no Bairro Encantado, Piedade, Rio de Janeiro. Quando est\u00e1vamos em S\u00e3o Paulo, Matheusa havia comentado sobre esse trabalho que ela tinha para fazer na festa, que seria uma tatuagem na aniversariante. O processo-performance de tatuagem n\u00e3o aconteceu e como noticiamos no domingo passado, a Matheusa saiu do evento e n\u00e3o voltou mais. Quanto ao que aconteceu no evento em si, a Delegacia de Descoberta de Paradeiros est\u00e1 recebendo os depoimentos dos que estavam presentes (contamos que todos v\u00e3o para relatar a experi\u00eancia da festa e dar continuidade ao processo de investiga\u00e7\u00e3o do caso).<\/em><\/p>\n<p><em>As buscas se intensificaram ap\u00f3s o anuncio do desaparecimento da minha irm\u00e3 e com isso, muitas pessoas sa\u00edram \u00e0 procura por dias, espalhando cartazes, rodando de carro e caminhando, dialogando com as pessoas nas ruas, enfrentando os medos para estar em territ\u00f3rios desconhecidos, tudo isso para encontrar uma das pessoas mais queridas que eu j\u00e1 conheci, minha irm\u00e3, Matheus Passareli Sim\u00f5es Vieira. A partir de certo momento, descobrimos que n\u00e3o poder\u00edamos circular mais pelo bairro do acontecido desaparecimento e com isso, precis\u00e1vamos zelar pela seguran\u00e7a daqueles que estavam nas ruas implicados em encontrarem a Matheusa. Tivemos que parar as buscas e concentrar as energias nas investiga\u00e7\u00f5es da institui\u00e7\u00e3o. Segundo informa\u00e7\u00f5es, minha irm\u00e3 foi executada ao entrar em uma das comunidades do bairro.<\/em><\/p>\n<p><img loading=\"lazy\" decoding=\"async\" class=\"aligncenter size-large wp-image-15302\" src=\"https:\/\/blogs.correio24h.com.br\/mesalte\/wp-content\/uploads\/2018\/05\/matheusaa-576x1024.jpg\" alt=\"matheusaa\" width=\"576\" height=\"1024\" srcset=\"https:\/\/blogs.correio24h.com.br\/mesalte\/wp-content\/uploads\/2018\/05\/matheusaa-576x1024.jpg 576w, https:\/\/blogs.correio24h.com.br\/mesalte\/wp-content\/uploads\/2018\/05\/matheusaa-169x300.jpg 169w, https:\/\/blogs.correio24h.com.br\/mesalte\/wp-content\/uploads\/2018\/05\/matheusaa-82x146.jpg 82w, https:\/\/blogs.correio24h.com.br\/mesalte\/wp-content\/uploads\/2018\/05\/matheusaa-28x50.jpg 28w, https:\/\/blogs.correio24h.com.br\/mesalte\/wp-content\/uploads\/2018\/05\/matheusaa-42x75.jpg 42w, https:\/\/blogs.correio24h.com.br\/mesalte\/wp-content\/uploads\/2018\/05\/matheusaa.jpg 675w\" sizes=\"auto, (max-width: 576px) 100vw, 576px\" \/><\/p>\n<p><em>Sobre seu corpo, tamb\u00e9m segundo informa\u00e7\u00f5es colhidas pela DDPA, foi queimado e poucas s\u00e3o as possibilidades de encontrarmos alguma materialidade, al\u00e9m das milhares que a Matheusa deixou em vida e que muito servir\u00e3o para que possamos resignificar a realidade brutal que estamos vivendo.<\/em><\/p>\n<p><em>Todo o processo de acompanhamento do caso, junto da DDPA, foi acompanhado por mim, minha M\u00e3e e amigos que tornaram todo esse processo de sofrimento numa experi\u00eancia de muita for\u00e7a, coragem e objetivo. A ang\u00fastia se transformou no trabalho compartilhado de encontrar a pessoa que mais amei e acompanhei durante a vida. Infelizmente as \u00faltimas informa\u00e7\u00f5es que chegaram at\u00e9 n\u00f3s e at\u00e9 a institui\u00e7\u00e3o p\u00fablica que est\u00e1 desenvolvendo o processo de investiga\u00e7\u00e3o, demonstram diferentes faces da crueldade a qual estamos submetidos. Eu e minha M\u00e3e precis\u00e1vamos estar em Rio Bonito, estar em companhia com nossas fam\u00edlias e lidar com o sofrimento juntos. Trouxemos todos os objetos do quarto da Matheusa para a sua origem, a nossa terra natal, interior do Rio de Janeiro. Muitos registros das suas pesquisas de desenvolvimento da po\u00e9tica do CORPO ESTRANHO, roupas compradas e compartilhadas e principalmente, seus objetos m\u00e1gicos, suas plantas e livros.<\/em><\/p>\n<p><em>Por isso, antes de compartilhar com todes que est\u00e3o constantemente buscando pela Matheusa e mandando boas energias de amor e cuidado e ajuda financeira, precis\u00e1vamos estar em fam\u00edlia. Que no nosso caso, se configura como o nosso principal n\u00facleo de suporte, nossa fam\u00edlia, nossa casa, onde aprendemos muito sobre cuidado e respeito \u00e0s diferen\u00e7as.<\/em><\/p>\n<p><em>CORPO ESTRANHO que se coloca em cotidiano compartilhado com muitas pessoas e que enxerga e sente a vida atrav\u00e9s das energias e for\u00e7as da natureza. E, \u201cse tiver que existir uma dicotomia entre o amor e \u00f3dio, eu escolho o amor\u201d, nesse momento continuo escolhendo o amor pois sei que como essa frase, minha irm\u00e3 escreve isso nos corpos de todos que j\u00e1 foram e ainda ser\u00e3o atravessas pela exist\u00eancia da MATHEUSA.<\/em><\/p>\n<p><em>Sinto tanto que escolho ser leve mesmo diante de tanta crueldade \u00e0 qual minha irm\u00e3 e n\u00f3s, que estamos constantemente amando e meditando na presen\u00e7a e paz da Matheusa, fomos expostos. A experi\u00eancia tamb\u00e9m \u00e9 aquilo que nos passa e por isso, prefiro acreditar que essa experi\u00eancia de dor aguda tamb\u00e9m vai passar. Pois precisamos acreditar e acompanhar as investiga\u00e7\u00f5es da pol\u00edcia, para que continue ocorrendo um processo minucioso, eficaz e pr\u00e1tico de investiga\u00e7\u00e3o sobre o caso de homic\u00eddio da minha irm\u00e3. Principalmente, precisamos cuidar e manter a imagem e mem\u00f3ria da Matheusa e para isso, contar com as institui\u00e7\u00f5es onde a Matheus Passareli Sim\u00f5es Vieira est\u00e1 matriculada como estudante bolsista. UERJ Universidade do Estado do Rio de Janeiro e Parque Lage | Escola de Artes Visuais. Visto que nos mudamos da nossa cidade, Rio Bonito, para estudarmos e como primeiras da fam\u00edlia, cursar forma\u00e7\u00f5es p\u00fablicas de ensino e aprendizagem de artes e of\u00edcios. Contamos com todo apoio para a continuidade das investiga\u00e7\u00f5es e desenvolvimento das pesquisas e estudos da minha irm\u00e3. Avante!<\/em><\/p>\n<p><em>#vivatheusinha&#8221;<\/em><\/p>\n<p><strong>A revista Elle divulgou mensagem de pesar pelas redes sociais:<\/strong><\/p>\n<blockquote class=\"instagram-media\" style=\"background: #FFF; border: 0; border-radius: 3px; box-shadow: 0 0 1px 0 rgba(0,0,0,0.5),0 1px 10px 0 rgba(0,0,0,0.15); margin: 1px; max-width: 658px; padding: 0; width: calc(100% - 2px);\" data-instgrm-captioned=\"\" data-instgrm-permalink=\"https:\/\/www.instagram.com\/p\/Biepqz2AEKN\/\" data-instgrm-version=\"8\">\n<div style=\"padding: 8px;\">\n<div style=\"background: #F8F8F8; line-height: 0; margin-top: 40px; padding: 62.5% 0; text-align: center; width: 100%;\"><\/div>\n<p style=\"margin: 8px 0 0 0; padding: 0 4px;\"><a style=\"color: #000; font-family: Arial,sans-serif; font-size: 14px; font-style: normal; font-weight: normal; line-height: 17px; text-decoration: none; word-wrap: break-word;\" href=\"https:\/\/www.instagram.com\/p\/Biepqz2AEKN\/\" target=\"_blank\">#RIP \u00c9 com muito pesar que anunciamos a morte da estudante de 21 anos, Matheus Passareli Sim\u00f5es Vieira, a Matheusa. Ela estava desaparecida h\u00e1 uma semana, no Rio de Janeiro. Sua fam\u00edlia anunciou hoje que ela foi executada em uma favela da Zona Norte do Rio e que existem fortes ind\u00edcios de que seu corpo teria sido queimado. Matheusa tinha uma grande rela\u00e7\u00e3o com a moda, inclusive desfilou na \u00faltima edi\u00e7\u00e3o da @casadecriadores, para @fernandocozendey. Al\u00e9m disso, ela tamb\u00e9m estava envolvida com o projeto @jacaremoda. | Foto: @agfotosite<\/a><\/p>\n<p style=\"color: #c9c8cd; font-family: Arial,sans-serif; font-size: 14px; line-height: 17px; margin-bottom: 0; margin-top: 8px; overflow: hidden; padding: 8px 0 7px; text-align: center; text-overflow: ellipsis; white-space: nowrap;\">Uma publica\u00e7\u00e3o compartilhada por <a style=\"color: #c9c8cd; font-family: Arial,sans-serif; font-size: 14px; font-style: normal; font-weight: normal; line-height: 17px;\" href=\"https:\/\/www.instagram.com\/ellebrasil\/\" target=\"_blank\"> ELLE Brasil<\/a> (@ellebrasil) em <time style=\"font-family: Arial,sans-serif; font-size: 14px; line-height: 17px;\" datetime=\"2018-05-07T14:04:58+00:00\">7 de Mai, 2018 \u00e0s 7:04 PDT<\/time><\/p>\n<\/div>\n<\/blockquote>\n<p><script src=\"\/\/www.instagram.com\/embed.js\" async=\"\" defer=\"defer\"><\/script><\/p>\n","protected":false},"excerpt":{"rendered":"<p>Acabou de forma tr\u00e1gica a busca pela estudante\u00a0de Artes Visuais Matheusa Passareli, de 21 anos.\u00a0Em mensagem escrita neste domingo (06) no Facebook, Gabriel Passareli afirmou que\u00a0a [&hellip;]<\/p>\n","protected":false},"author":1,"featured_media":15308,"comment_status":"open","ping_status":"open","sticky":false,"template":"","format":"image","meta":{"footnotes":""},"categories":[80,11],"tags":[1659],"class_list":["post-15300","post","type-post","status-publish","format-image","has-post-thumbnail","hentry","category-home","category-me-informo","tag-matheus-passareli","post_format-post-format-image"],"_links":{"self":[{"href":"https:\/\/blogs.correio24horas.com.br\/mesalte\/wp-json\/wp\/v2\/posts\/15300","targetHints":{"allow":["GET"]}}],"collection":[{"href":"https:\/\/blogs.correio24horas.com.br\/mesalte\/wp-json\/wp\/v2\/posts"}],"about":[{"href":"https:\/\/blogs.correio24horas.com.br\/mesalte\/wp-json\/wp\/v2\/types\/post"}],"author":[{"embeddable":true,"href":"https:\/\/blogs.correio24horas.com.br\/mesalte\/wp-json\/wp\/v2\/users\/1"}],"replies":[{"embeddable":true,"href":"https:\/\/blogs.correio24horas.com.br\/mesalte\/wp-json\/wp\/v2\/comments?post=15300"}],"version-history":[{"count":5,"href":"https:\/\/blogs.correio24horas.com.br\/mesalte\/wp-json\/wp\/v2\/posts\/15300\/revisions"}],"predecessor-version":[{"id":15309,"href":"https:\/\/blogs.correio24horas.com.br\/mesalte\/wp-json\/wp\/v2\/posts\/15300\/revisions\/15309"}],"wp:featuredmedia":[{"embeddable":true,"href":"https:\/\/blogs.correio24horas.com.br\/mesalte\/wp-json\/wp\/v2\/media\/15308"}],"wp:attachment":[{"href":"https:\/\/blogs.correio24horas.com.br\/mesalte\/wp-json\/wp\/v2\/media?parent=15300"}],"wp:term":[{"taxonomy":"category","embeddable":true,"href":"https:\/\/blogs.correio24horas.com.br\/mesalte\/wp-json\/wp\/v2\/categories?post=15300"},{"taxonomy":"post_tag","embeddable":true,"href":"https:\/\/blogs.correio24horas.com.br\/mesalte\/wp-json\/wp\/v2\/tags?post=15300"}],"curies":[{"name":"wp","href":"https:\/\/api.w.org\/{rel}","templated":true}]}}