{"id":15291,"date":"2018-05-03T09:16:03","date_gmt":"2018-05-03T12:16:03","guid":{"rendered":"http:\/\/blogs.correio24horas.com.br\/mesalte\/?p=15291"},"modified":"2018-05-03T09:17:09","modified_gmt":"2018-05-03T12:17:09","slug":"filha-de-raul-seixas-tocara-na-inauguracao-de-boate-lgbt-no-rio-vermelho","status":"publish","type":"post","link":"https:\/\/blogs.correio24horas.com.br\/mesalte\/filha-de-raul-seixas-tocara-na-inauguracao-de-boate-lgbt-no-rio-vermelho\/","title":{"rendered":"Filha de Raul Seixas tocar\u00e1 na inaugura\u00e7\u00e3o de boate LGBT no Rio Vermelho"},"content":{"rendered":"<p>A DJ\u00a0Vivi Seixas\u00a0 &#8211; que \u00e9 filha de Raul Seixas &#8211; foi a escolhida para a inaugura\u00e7\u00e3o da\u00a0nova Amsterdam Salvador que abre suas portas na Pir\u00e2mide do Rio Vermelho, depois de construir bons momentos com seu p\u00fablico no Largo dos Aflitos. O lan\u00e7amento acontecer\u00e1 no dia\u00a010 de maio.<\/p>\n<p>A casa, que muda de endere\u00e7o, mas n\u00e3o abandona sua proposta de colocar de m\u00e3os dadas diversidade e respeito, traz a DJ, que est\u00e1 inserida no meio musical desde pequena e j\u00e1 tem na estante o DJ Sound Awards 2015, na categoria DJ feminina de Deep House, um dos pr\u00eamios mais conceituados da cena eletr\u00f4nica.<\/p>\n<p>O s\u00f3cio <a href=\"https:\/\/blogs.correio24horas.com.br\/mesalte\/exclusivo-boate-amsterdam-salvador-sera-transferida-para-o-rio-vermelho-saiba-mais\/\" target=\"_blank\">Rodrigo Smith prepara a decora\u00e7\u00e3o do novo espa\u00e7o, que contar\u00e1 com elementos arquitet\u00f4nicos e culturais da capital holandesa<\/a>, conhecida pela liberdade e toler\u00e2ncia e que d\u00e1 nome ao clube, o mais moderninho de Salvador.<\/p>\n<p>A casa onde atualmente funciona a Amsterdam ser\u00e1 mantida para atender ao fiel p\u00fablico com o mesmo conceito, mas passa a ser chamada de Mirante dos Aflitos, em refer\u00eancia ao local que ocupa, famoso pela deslumbrante vista da Ba\u00eda de todos os Santos, e ao carinhoso apelido dado pelos pr\u00f3prios clientes<\/p>\n","protected":false},"excerpt":{"rendered":"<p>A DJ\u00a0Vivi Seixas\u00a0 &#8211; que \u00e9 filha de Raul Seixas &#8211; foi a escolhida para a inaugura\u00e7\u00e3o da\u00a0nova Amsterdam Salvador que abre suas portas na Pir\u00e2mide [&hellip;]<\/p>\n","protected":false},"author":1,"featured_media":15292,"comment_status":"open","ping_status":"open","sticky":false,"template":"","format":"image","meta":{"footnotes":""},"categories":[28,80,16],"tags":[1657,1658],"class_list":["post-15291","post","type-post","status-publish","format-image","has-post-thumbnail","hentry","category-farofa-digital","category-home","category-me-jogo","tag-raul-seixas","tag-vivi-seixas","post_format-post-format-image"],"_links":{"self":[{"href":"https:\/\/blogs.correio24horas.com.br\/mesalte\/wp-json\/wp\/v2\/posts\/15291","targetHints":{"allow":["GET"]}}],"collection":[{"href":"https:\/\/blogs.correio24horas.com.br\/mesalte\/wp-json\/wp\/v2\/posts"}],"about":[{"href":"https:\/\/blogs.correio24horas.com.br\/mesalte\/wp-json\/wp\/v2\/types\/post"}],"author":[{"embeddable":true,"href":"https:\/\/blogs.correio24horas.com.br\/mesalte\/wp-json\/wp\/v2\/users\/1"}],"replies":[{"embeddable":true,"href":"https:\/\/blogs.correio24horas.com.br\/mesalte\/wp-json\/wp\/v2\/comments?post=15291"}],"version-history":[{"count":3,"href":"https:\/\/blogs.correio24horas.com.br\/mesalte\/wp-json\/wp\/v2\/posts\/15291\/revisions"}],"predecessor-version":[{"id":15295,"href":"https:\/\/blogs.correio24horas.com.br\/mesalte\/wp-json\/wp\/v2\/posts\/15291\/revisions\/15295"}],"wp:featuredmedia":[{"embeddable":true,"href":"https:\/\/blogs.correio24horas.com.br\/mesalte\/wp-json\/wp\/v2\/media\/15292"}],"wp:attachment":[{"href":"https:\/\/blogs.correio24horas.com.br\/mesalte\/wp-json\/wp\/v2\/media?parent=15291"}],"wp:term":[{"taxonomy":"category","embeddable":true,"href":"https:\/\/blogs.correio24horas.com.br\/mesalte\/wp-json\/wp\/v2\/categories?post=15291"},{"taxonomy":"post_tag","embeddable":true,"href":"https:\/\/blogs.correio24horas.com.br\/mesalte\/wp-json\/wp\/v2\/tags?post=15291"}],"curies":[{"name":"wp","href":"https:\/\/api.w.org\/{rel}","templated":true}]}}