{"id":15282,"date":"2018-05-02T12:11:27","date_gmt":"2018-05-02T15:11:27","guid":{"rendered":"http:\/\/blogs.correio24horas.com.br\/mesalte\/?p=15282"},"modified":"2018-05-05T12:53:12","modified_gmt":"2018-05-05T15:53:12","slug":"paulett-furacao-e-igor-leonardo-comandarao-programa-close-de-favela","status":"publish","type":"post","link":"https:\/\/blogs.correio24horas.com.br\/mesalte\/paulett-furacao-e-igor-leonardo-comandarao-programa-close-de-favela\/","title":{"rendered":"Paulett Furac\u00e3o e Igor Leonardo comandar\u00e3o programa Close de Favela"},"content":{"rendered":"<p>Estreia no pr\u00f3ximo s\u00e1bado (5) o programa Close de Favela, na r\u00e1dio 87.9 FM, em Salvador. O programa, que ser\u00e1 comandado por Paulett Furac\u00e3o e Igor Leonardo, ser\u00e1 transmitido das 14h \u00e0s 16h.<\/p>\n<p>&#8220;O close pode ser visto como uma das muitas formas de express\u00e3o de resist\u00eancia de sujeitas\/os LGBT+. Representa um posicionamento rebelde em rela\u00e7\u00e3o \u00e0s normas que tentam nos podar, impedindo que alcancemos possibilidades de exist\u00eancia n\u00e3o prescritas nos c\u00f3digos do ser. Assim como viados, sapatas, travas, bissexuais e outras sujeitas fora das limita\u00e7\u00f5es da heterossexualidade e cisgeneridade, os corpos que comp\u00f5em as favelas, em sua maioria negros, resistem ao genoc\u00eddio, ao descaso p\u00fablico, \u00e0s condi\u00e7\u00f5es extremadas de viol\u00eancia a que s\u00e3o submetidos diuturnamente, mostrando que o close est\u00e1 em todas\/os aquelas\/es que resistem aos apagamentos e abusos de uma sociedade homolesbitransf\u00f3bica, racista, classista e machista. Close de favela ser\u00e1 um lugar em que essas resist\u00eancias poder\u00e3o se radiofonizar para todas\/os&#8221;, explica Paulett.<\/p>\n<p>A estreia do programa ter\u00e1 como tema o debate da quest\u00e3o dos LGBTQIA+ na Comunica\u00e7\u00e3o. Os convidados ser\u00e3o Jorge Gauthier, editor do Me Salte, e Genilson Coutinho, editor do Dois Ter\u00e7os.<\/p>\n","protected":false},"excerpt":{"rendered":"<p>Estreia no pr\u00f3ximo s\u00e1bado (5) o programa Close de Favela, na r\u00e1dio 87.9 FM, em Salvador. O programa, que ser\u00e1 comandado por Paulett Furac\u00e3o e Igor [&hellip;]<\/p>\n","protected":false},"author":1,"featured_media":15283,"comment_status":"open","ping_status":"open","sticky":false,"template":"","format":"image","meta":{"footnotes":""},"categories":[80,9],"tags":[],"class_list":["post-15282","post","type-post","status-publish","format-image","has-post-thumbnail","hentry","category-home","category-me-orgulho","post_format-post-format-image"],"_links":{"self":[{"href":"https:\/\/blogs.correio24horas.com.br\/mesalte\/wp-json\/wp\/v2\/posts\/15282","targetHints":{"allow":["GET"]}}],"collection":[{"href":"https:\/\/blogs.correio24horas.com.br\/mesalte\/wp-json\/wp\/v2\/posts"}],"about":[{"href":"https:\/\/blogs.correio24horas.com.br\/mesalte\/wp-json\/wp\/v2\/types\/post"}],"author":[{"embeddable":true,"href":"https:\/\/blogs.correio24horas.com.br\/mesalte\/wp-json\/wp\/v2\/users\/1"}],"replies":[{"embeddable":true,"href":"https:\/\/blogs.correio24horas.com.br\/mesalte\/wp-json\/wp\/v2\/comments?post=15282"}],"version-history":[{"count":2,"href":"https:\/\/blogs.correio24horas.com.br\/mesalte\/wp-json\/wp\/v2\/posts\/15282\/revisions"}],"predecessor-version":[{"id":15299,"href":"https:\/\/blogs.correio24horas.com.br\/mesalte\/wp-json\/wp\/v2\/posts\/15282\/revisions\/15299"}],"wp:featuredmedia":[{"embeddable":true,"href":"https:\/\/blogs.correio24horas.com.br\/mesalte\/wp-json\/wp\/v2\/media\/15283"}],"wp:attachment":[{"href":"https:\/\/blogs.correio24horas.com.br\/mesalte\/wp-json\/wp\/v2\/media?parent=15282"}],"wp:term":[{"taxonomy":"category","embeddable":true,"href":"https:\/\/blogs.correio24horas.com.br\/mesalte\/wp-json\/wp\/v2\/categories?post=15282"},{"taxonomy":"post_tag","embeddable":true,"href":"https:\/\/blogs.correio24horas.com.br\/mesalte\/wp-json\/wp\/v2\/tags?post=15282"}],"curies":[{"name":"wp","href":"https:\/\/api.w.org\/{rel}","templated":true}]}}