{"id":15263,"date":"2018-05-01T16:12:41","date_gmt":"2018-05-01T19:12:41","guid":{"rendered":"http:\/\/blogs.correio24horas.com.br\/mesalte\/?p=15263"},"modified":"2018-05-01T16:12:41","modified_gmt":"2018-05-01T19:12:41","slug":"conheca-no-paredao-novo-single-de-nininha-problematica","status":"publish","type":"post","link":"https:\/\/blogs.correio24horas.com.br\/mesalte\/conheca-no-paredao-novo-single-de-nininha-problematica\/","title":{"rendered":"Conhe\u00e7a &#8216;No Pared\u00e3o&#8217;, novo single de Nininha Problem\u00e1tica"},"content":{"rendered":"<p>Quem acha que o mundo das drags\/performers se limita a Pabllo Vittar precisa conhecer Nininha Problem\u00e1tica &#8211; baiana na ess\u00eancia e perif\u00e9rica na alta.\u00a0Nininha lan\u00e7ou\u00a0&#8211; que bomba nas redes sociais com covers e dublagens &#8211; lan\u00e7ou a can\u00e7\u00e3o \u201cNo Pared\u00e3o\u201d .<\/p>\n<p>A escolha do ritmo \u00e9 justamente o primeiro ponto de diferencia\u00e7\u00e3o de Nininha. \u201cDemorei mas aqui estou eu, t\u00f4 me lan\u00e7ando no cen\u00e1rio da Drag Music, que \u00e9 bem representado pela Pabllo Vittar, pela Gl\u00f3ria Groove, Aretuza, Lia Clark, que inclusive amo, mas eu sentia falta de algo nosso nesse grupo a\u00ed, porque uma faz pop, outra \u00e9 rapper, outra \u00e9 do funk , mas e o nosso som? Cad\u00ea? Cad\u00ea o pagod\u00e3o, cad\u00ea o ax\u00e9? Ent\u00e3o resolvi meter a cara, mas eu n\u00e3o queria apenas alcan\u00e7ar o p\u00fablico LGBT, eu queria que a favela me ouvisse, at\u00e9 porque eu sou da favela, eu sou do pagode, foi a\u00ed que tive a ideia de fazer uma vers\u00e3o baiana da m\u00fasica \u201cCrazy in Love\u201d, da Beyonc\u00e9&#8221;, explica Digo Santtos, ator que d\u00e1 vida \u00e0 personagem.<\/p>\n<p>&nbsp;<\/p>\n<blockquote><p>\u201cComo na letra eu queria uma viv\u00eancia real da comunidade de Salvador, que no caso seria a festa de pared\u00e3o, que tem muito nas comunidades soteropolitanas, o clipe n\u00e3o poderia ser diferente, ent\u00e3o depois que recebi a m\u00fasica finalizada, fui atr\u00e1s de produzir o clipe junto com minhas produtoras, procurando refer\u00eancias, parcerias, apoio, fiz o roteiro e metemos a m\u00e3o na grava\u00e7\u00e3o, em parceria com o a produtora SaturNema\u201d, revelou Nininha.<\/p><\/blockquote>\n<p><strong>Assista o clipe:<\/strong><\/p>\n<p><iframe loading=\"lazy\" src=\"https:\/\/www.youtube.com\/embed\/dnGIzJE6H_U\" width=\"560\" height=\"315\" frameborder=\"0\" allowfullscreen=\"allowfullscreen\"><\/iframe><\/p>\n<p>Produtora Audiovisual:<br \/>\nSaturnema Filmes<\/p>\n<p>Roteiro:<br \/>\nDigo Santtos<\/p>\n<p>Dire\u00e7\u00e3o:<br \/>\nAriel L. Dibernaci<\/p>\n<p>Dire\u00e7\u00e3o de Fotografia:<br \/>\nAna do Carmo<\/p>\n<p>Montagem:<br \/>\nAna do Carmo<br \/>\nAriel L. Dibernaci<\/p>\n<p>Dire\u00e7\u00e3o de Produ\u00e7\u00e3o:<br \/>\nRafaela Azevedo<\/p>\n<p>Produ\u00e7\u00e3o Executiva:<br \/>\nDigo Santtos<br \/>\nM\u00e1rio de Jesus<br \/>\nMaria de Jesus<\/p>\n<p>Som Direto:<br \/>\nAna do Carmo<\/p>\n<p>Assist\u00eancia de Fotografia:<br \/>\nIsabella Ferreira Hamilton Junior<\/p>\n<p>Produ\u00e7\u00e3o:<br \/>\nRafaela Azevedo<br \/>\nDigo Santtos<br \/>\nJ\u00e9ssica Ros\u00e1rio<br \/>\nEverton Carvalho<\/p>\n<p>Figurino:<br \/>\nDigo Santtos<br \/>\nJ\u00e9ssica Ros\u00e1rio<\/p>\n<p>Composi\u00e7\u00e3o:<br \/>\nAriel Oliveira<\/p>\n<p>Produ\u00e7\u00e3o musical:<br \/>\nBobby Djoy<\/p>\n<p>Maquiagem:<br \/>\nMatheus Cesar<\/p>\n<p>Elenco:<br \/>\nYago Chagas<br \/>\nLucas Montty<br \/>\nElvis Anjos<br \/>\nGeilande Nascimento Angelo Costa<\/p>\n<p>Elenco de Apoio:<br \/>\n\u00c1urea Semiseria<br \/>\nDavid Batedeira<br \/>\nJefferson Costa<br \/>\nBriana Carolina<br \/>\nGuini Santos<br \/>\nAndressa Honorato<br \/>\nSilas Santos<br \/>\nJack Bamba<br \/>\nAram vit\u00f3ria<br \/>\nLucas souza<br \/>\nFelipe silva<br \/>\nJoberson Santos<br \/>\nDiego Nabuco<br \/>\nFilype Benjamim<br \/>\nLarissa Rodrigues<br \/>\nFelipe Brito<br \/>\nMatheus Victor<\/p>\n<p>Agradecimentos:<br \/>\nLucas Souza<br \/>\nJunior Santos<br \/>\nMaur\u00edcio Santos<br \/>\nRodrigo Murici<br \/>\nDiego Nabuco<\/p>\n<p>Apoio:<br \/>\nPerucas Babadeiras Sereiando acess\u00f3rios<br \/>\nLidia Modas<br \/>\nLuana Modas<br \/>\nMochilas Zi\u00ea<br \/>\nGrilo Store<br \/>\nMirror Eyewear<\/p>\n","protected":false},"excerpt":{"rendered":"<p>Quem acha que o mundo das drags\/performers se limita a Pabllo Vittar precisa conhecer Nininha Problem\u00e1tica &#8211; baiana na ess\u00eancia e perif\u00e9rica na alta.\u00a0Nininha lan\u00e7ou\u00a0&#8211; que [&hellip;]<\/p>\n","protected":false},"author":1,"featured_media":15265,"comment_status":"open","ping_status":"open","sticky":false,"template":"","format":"image","meta":{"footnotes":""},"categories":[80,25],"tags":[1576],"class_list":["post-15263","post","type-post","status-publish","format-image","has-post-thumbnail","hentry","category-home","category-me-transformo","tag-nininha-problematica","post_format-post-format-image"],"_links":{"self":[{"href":"https:\/\/blogs.correio24horas.com.br\/mesalte\/wp-json\/wp\/v2\/posts\/15263","targetHints":{"allow":["GET"]}}],"collection":[{"href":"https:\/\/blogs.correio24horas.com.br\/mesalte\/wp-json\/wp\/v2\/posts"}],"about":[{"href":"https:\/\/blogs.correio24horas.com.br\/mesalte\/wp-json\/wp\/v2\/types\/post"}],"author":[{"embeddable":true,"href":"https:\/\/blogs.correio24horas.com.br\/mesalte\/wp-json\/wp\/v2\/users\/1"}],"replies":[{"embeddable":true,"href":"https:\/\/blogs.correio24horas.com.br\/mesalte\/wp-json\/wp\/v2\/comments?post=15263"}],"version-history":[{"count":2,"href":"https:\/\/blogs.correio24horas.com.br\/mesalte\/wp-json\/wp\/v2\/posts\/15263\/revisions"}],"predecessor-version":[{"id":15266,"href":"https:\/\/blogs.correio24horas.com.br\/mesalte\/wp-json\/wp\/v2\/posts\/15263\/revisions\/15266"}],"wp:featuredmedia":[{"embeddable":true,"href":"https:\/\/blogs.correio24horas.com.br\/mesalte\/wp-json\/wp\/v2\/media\/15265"}],"wp:attachment":[{"href":"https:\/\/blogs.correio24horas.com.br\/mesalte\/wp-json\/wp\/v2\/media?parent=15263"}],"wp:term":[{"taxonomy":"category","embeddable":true,"href":"https:\/\/blogs.correio24horas.com.br\/mesalte\/wp-json\/wp\/v2\/categories?post=15263"},{"taxonomy":"post_tag","embeddable":true,"href":"https:\/\/blogs.correio24horas.com.br\/mesalte\/wp-json\/wp\/v2\/tags?post=15263"}],"curies":[{"name":"wp","href":"https:\/\/api.w.org\/{rel}","templated":true}]}}