{"id":15253,"date":"2018-05-01T10:02:44","date_gmt":"2018-05-01T13:02:44","guid":{"rendered":"http:\/\/blogs.correio24horas.com.br\/mesalte\/?p=15253"},"modified":"2018-05-01T12:16:58","modified_gmt":"2018-05-01T15:16:58","slug":"saiba-tudo-que-vai-rolar-no-programa-prazer-pablo-vittar","status":"publish","type":"post","link":"https:\/\/blogs.correio24horas.com.br\/mesalte\/saiba-tudo-que-vai-rolar-no-programa-prazer-pablo-vittar\/","title":{"rendered":"Saiba tudo que vai rolar no programa &#8216;Prazer, Pablo Vittar&#8217;"},"content":{"rendered":"<p>Prazer, Pablo Vittar. Esse \u00e9 o nome do mais novo programa do Canal Mutishow, que vai ao ar hoje, \u00e0s 21 horas e traz a drag queen mais influente do cen\u00e1rio nacional em entrevistas diversas. Pabllo Vittar encara esta nova etapa de sua carreira como um desafio: \u201cEstou realizando um sonho! Tenho que agradecer muito ao Multishow por essa oportunidade, mas tamb\u00e9m aos meus f\u00e3s, que me colocaram nessa posi\u00e7\u00e3o e que me d\u00e3o a for\u00e7a di\u00e1ria que eu preciso. O programa vai ser a minha cara! Se preparem para muitas performances musicais e muita gente legal que vou entrevistar! A maioria s\u00e3o meus amigos e outros s\u00e3o pessoas que possuo um carinho muito grande e que vou adorar conhecer melhor. O palco est\u00e1 incr\u00edvel, tenho at\u00e9 um closet no meio do cen\u00e1rio e uma plateia! Estou muito grata por mais este desafio na minha carreira e empolgada para levar o que eu fa\u00e7o e as minhas mensagens para o p\u00fablico da TV e conseguir atingir ainda mais pessoas com o meu trabalho\u201d, declara.<\/p>\n<p>Na estreia, ela entrevista a cantora Preta Gil e o filho Francisco, da uni\u00e3o com o ator Ot\u00e1vio M\u00fcller. Num bate papo informal, eles abordam a rela\u00e7\u00e3o familiar, pontuando curiosidades e particularidades. A drag tamb\u00e9m interage com o tema e faz declara\u00e7\u00f5es sobre a rela\u00e7\u00e3o familiar. O programa traz ainda um quadro sobre os talentos escondidos dos convidados e apresenta\u00e7\u00f5es musicais.Em \u201cPrazer, Pabllo Vittar\u201d, o p\u00fablico conhece ainda mais sobre a cantora, sua trajet\u00f3ria e inspira\u00e7\u00f5es. Com cinco epis\u00f3dios, o programa vai promover encontros com convidados para abordar temas como fam\u00edlia, personalidade, \u00eddolos, bandeiras e futuro.\u00a0 A apresentadora tamb\u00e9m apresenta hits de divas do pop, como Britney Spears, de quem Pablo Vittar \u00e9 f\u00e3 assumida.<\/p>\n<p>O est\u00fadio conta com um palco com paineis de led onde Pabllo Vittar apresenta suas performances musicais, acompanhada de seu corpo de bailarinos em algumas delas, al\u00e9m de uma plateia. No cen\u00e1rio, um closet foi montado para a prepara\u00e7\u00e3o de figurino e maquiagem da apresentadora. O est\u00fadio tem ainda um ambiente intimista para as entrevistas com convidados.Al\u00e9m dos cinco epis\u00f3dios no linear, \u201cPrazer, Pabllo Vittar\u201d \u00e9 um programa que j\u00e1 nasce com spin-offs no digital. S\u00e3o tr\u00eas webs\u00e9ries, com diversos epis\u00f3dios cada, produzidas com conte\u00fado exclusivo para o canal de YouTube M\u00fasica Multishow.<\/p>\n<p>Em Dancing Queens, Pabllo e seus dan\u00e7arinos ensinam as coreografias de grandes sucessos da cantora para todo mundo arrasar. A webs\u00e9rie tem tr\u00eas epis\u00f3dios. Na webs\u00e9rie \u201cDestilando Haters\u201d, Vittar recebe convidados como Aretuza Lovi, Gloria Groove, Gominho, Lexa, MC Pocahontas e Preta Gil para bate-papos regados a bons drinks e muito bom humor para encarar os coment\u00e1rios dos haters na internet.\u00a0J\u00e1 em \u201cBem Menininha\u201d, Pabllo entrega truques para ser tornar uma drag queen bem \u2018babadeira\u2019. Ao lado da youtuber Blogueirinha de Merda e do influenciador John Drops, eles d\u00e3o dicas de maquiagem, ensinam como fazer um bom lip sync e ainda como arrasar nas fotos e no car\u00e3o nas redes sociais. S\u00e3o tr\u00eas epis\u00f3dios a partir do dia 04 de maio.<\/p>\n<p>Os momentos exclusivos dos bastidores de \u201cPrazer, Pabllo Vittar\u201d, envolvendo a apresentadora e seus convidados, estar\u00e3o no site\u00a0e nas redes sociais do Multishow \u2013 Facebook, Instagram e Twitter \u2013 para matar a curiosidade sobre tudo que acontece nas grava\u00e7\u00f5es do programa.<\/p>\n<p>Hoje, antes do programa, vai rolar ao vivo no\u00a0<strong><a href=\"http:\/\/www.facebook.com\/multishow\/\" target=\"_blank\">Facebook do Multishow<\/a>\u00a0com a Pabllo<\/strong>,\u00a0<strong>a partir das 20h30<\/strong>, com as presen\u00e7as ilustres de\u00a0<strong>Preta Gil<\/strong>\u00a0e\u00a0<strong>Gominho<\/strong>! Ah, antes ainda tem uma\u00a0<strong>farra na piscina, \u00e0s 16h40<\/strong>, tamb\u00e9m no\u00a0<strong><a href=\"https:\/\/www.facebook.com\/multishow\/\" target=\"_blank\">Facebook do Multishow<\/a>!\u00a0<\/strong><\/p>\n<p><strong>Programa Prazer, Pabllo Vittar<\/strong><br \/>\nEstreia: 1\u00ba de maio, ter\u00e7a-feira, \u00e0s 21h no Multishow<br \/>\nExibi\u00e7\u00e3o: ter\u00e7as, \u00e0s 21h<br \/>\nHor\u00e1rios alternativos: quartas \u00e0s 14h30 e domingos \u00e0s 17h<\/p>\n","protected":false},"excerpt":{"rendered":"<p>Prazer, Pablo Vittar. Esse \u00e9 o nome do mais novo programa do Canal Mutishow, que vai ao ar hoje, \u00e0s 21 horas e traz a drag [&hellip;]<\/p>\n","protected":false},"author":2,"featured_media":15260,"comment_status":"open","ping_status":"open","sticky":false,"template":"","format":"image","meta":{"footnotes":""},"categories":[80,26],"tags":[827],"class_list":["post-15253","post","type-post","status-publish","format-image","has-post-thumbnail","hentry","category-home","category-me-inspiro","tag-pabllo-vittar","post_format-post-format-image"],"_links":{"self":[{"href":"https:\/\/blogs.correio24horas.com.br\/mesalte\/wp-json\/wp\/v2\/posts\/15253","targetHints":{"allow":["GET"]}}],"collection":[{"href":"https:\/\/blogs.correio24horas.com.br\/mesalte\/wp-json\/wp\/v2\/posts"}],"about":[{"href":"https:\/\/blogs.correio24horas.com.br\/mesalte\/wp-json\/wp\/v2\/types\/post"}],"author":[{"embeddable":true,"href":"https:\/\/blogs.correio24horas.com.br\/mesalte\/wp-json\/wp\/v2\/users\/2"}],"replies":[{"embeddable":true,"href":"https:\/\/blogs.correio24horas.com.br\/mesalte\/wp-json\/wp\/v2\/comments?post=15253"}],"version-history":[{"count":3,"href":"https:\/\/blogs.correio24horas.com.br\/mesalte\/wp-json\/wp\/v2\/posts\/15253\/revisions"}],"predecessor-version":[{"id":15262,"href":"https:\/\/blogs.correio24horas.com.br\/mesalte\/wp-json\/wp\/v2\/posts\/15253\/revisions\/15262"}],"wp:featuredmedia":[{"embeddable":true,"href":"https:\/\/blogs.correio24horas.com.br\/mesalte\/wp-json\/wp\/v2\/media\/15260"}],"wp:attachment":[{"href":"https:\/\/blogs.correio24horas.com.br\/mesalte\/wp-json\/wp\/v2\/media?parent=15253"}],"wp:term":[{"taxonomy":"category","embeddable":true,"href":"https:\/\/blogs.correio24horas.com.br\/mesalte\/wp-json\/wp\/v2\/categories?post=15253"},{"taxonomy":"post_tag","embeddable":true,"href":"https:\/\/blogs.correio24horas.com.br\/mesalte\/wp-json\/wp\/v2\/tags?post=15253"}],"curies":[{"name":"wp","href":"https:\/\/api.w.org\/{rel}","templated":true}]}}