{"id":15247,"date":"2018-04-30T07:37:40","date_gmt":"2018-04-30T10:37:40","guid":{"rendered":"http:\/\/blogs.correio24horas.com.br\/mesalte\/?p=15247"},"modified":"2018-04-30T07:37:59","modified_gmt":"2018-04-30T10:37:59","slug":"mainha-voltou-veja-como-foi-primeiro-show-de-ivete-apos-parto-das-gemeas","status":"publish","type":"post","link":"https:\/\/blogs.correio24horas.com.br\/mesalte\/mainha-voltou-veja-como-foi-primeiro-show-de-ivete-apos-parto-das-gemeas\/","title":{"rendered":"Mainha voltou! Veja como foi primeiro show de Ivete ap\u00f3s parto das g\u00eameas"},"content":{"rendered":"<p><em>Por Laura Fernandes<\/em><\/p>\n<p>Aperto, cheiro de suor e cerveja, pessoas fantasiadas, solas de sapato perdidas no ch\u00e3o, uma briga s\u00f3 para constar, becos lotados e camarotes improvisados: apartamentos, bares, restaurantes e muros garantiram a vista privilegiada. Era Carnaval em Ondina em pleno 29 de abril.<\/p>\n<blockquote class=\"instagram-media\" style=\"background: #FFF; border: 0; border-radius: 3px; box-shadow: 0 0 1px 0 rgba(0,0,0,0.5),0 1px 10px 0 rgba(0,0,0,0.15); margin: 1px; max-width: 658px; padding: 0; width: calc(100% - 2px);\" data-instgrm-permalink=\"https:\/\/www.instagram.com\/p\/BiLeKBYFYvO\/\" data-instgrm-version=\"8\">\n<div style=\"padding: 8px;\">\n<div style=\"background: #F8F8F8; line-height: 0; margin-top: 40px; padding: 50% 0; text-align: center; width: 100%;\"><\/div>\n<p style=\"color: #c9c8cd; font-family: Arial,sans-serif; font-size: 14px; line-height: 17px; margin-bottom: 0; margin-top: 8px; overflow: hidden; padding: 8px 0 7px; text-align: center; text-overflow: ellipsis; white-space: nowrap;\"><a style=\"color: #c9c8cd; font-family: Arial,sans-serif; font-size: 14px; font-style: normal; font-weight: normal; line-height: 17px; text-decoration: none;\" href=\"https:\/\/www.instagram.com\/p\/BiLeKBYFYvO\/\" target=\"_blank\">Uma publica\u00e7\u00e3o compartilhada por Me Salte (@me_salte)<\/a> em <time style=\"font-family: Arial,sans-serif; font-size: 14px; line-height: 17px;\" datetime=\"2018-04-30T03:18:48+00:00\">29 de Abr, 2018 \u00e0s 8:18 PDT<\/time><\/p>\n<\/div>\n<\/blockquote>\n<p><script src=\"\/\/www.instagram.com\/embed.js\" async=\"\" defer=\"defer\"><\/script><\/p>\n<p>\u201cEu tenho um Carnaval s\u00f3 meu, porra!\u201d, vibrou a cantora Ivete Sangalo, 45, sem papas na l\u00edngua, para comemorar seu retorno aos palcos depois de dar \u00e0 luz \u00e0s g\u00eameas Marina e Helena, h\u00e1 menos de tr\u00eas meses. \u201cSalvador, mainha t\u00e1 de volta! Eu queria chegar j\u00e1 descendo a madeira. N\u00e3o imaginam o prazer que \u00e9 estar de volta\u201d, vibrou, tendo como resposta do p\u00fablico, em coro: \u201c\u00d4ooo, a rainha voltou!\u201d.<\/p>\n<p>Teve gente que chorou pra ver Ivete, gente que comemorou o anivers\u00e1rio, gente que faltou o anivers\u00e1rio da filha, ou veio de longe s\u00f3 para ver o show da artista que cantou durante tr\u00eas horas de Ondina ao Farol, uma hora a mais que o prometido. \u201cComemoramos ontem!\u201d, gargalhou a pedagoga baiana Manuela Guimar\u00e3es, 40, que, no dia do anivers\u00e1rio da filha, estava sozinha em plena pipoca, vestida de mulher-maravilha. \u201cOntem fui m\u00e3e, hoje sou f\u00e3!\u201d, justificou, rindo.<br \/>\n<iframe loading=\"lazy\" src=\"https:\/\/www.youtube.com\/embed\/Wa_Vx2Am3xo\" width=\"560\" height=\"315\" frameborder=\"0\" allowfullscreen=\"allowfullscreen\"><\/iframe><\/p>\n<p>Hits de todas as fases da carreira de Ivete fizeram a trilha do percurso que tamb\u00e9m contou com sucessos da ax\u00e9 music e at\u00e9 do pagode, como Popa da Bunda e Toda Boa, interpretados com o cantor M\u00e1rcio Victor. \u201cEu quase pari quando vi ele vestido de gr\u00e1vida no Carnaval. No meio do percurso, o peito virou bunda, a bunda virou peito\u201d, disse Ivete, arrancando uma gargalhada do cantor. \u201cFoi coisa de irm\u00e3o\u201d, justificou M\u00e1rcio, rindo. \u201cT\u00f4 toda comprimida, porque ainda tem uma pochete aqui. E os peitos est\u00e3o enormes j\u00e1, enchendo [de leite]. Mas n\u00e3o tem nada, n\u00e3o, em casa a gente \u2018esvazeia\u2019\u201d, brincou Ivete.<br \/>\n<iframe loading=\"lazy\" src=\"https:\/\/www.youtube.com\/embed\/k9ykXpgDiJA\" width=\"560\" height=\"315\" frameborder=\"0\" allowfullscreen=\"allowfullscreen\"><\/iframe><\/p>\n<p>Foi nesse clima bem-humorado que aconteceu seu Carnaval. Ivete at\u00e9 tentou, mas n\u00e3o conseguiu fugir da folia em 2018. \u201cMeu filho perguntou: m\u00e3e, quantas pessoas devem ter a\u00ed? N\u00e3o sei, mas o amor \u00e9 grande. Antes de voc\u00ea nascer, mam\u00e3e j\u00e1 tinha esse amor a\u00ed!\u201d, disse Ivete, surpresa com o tamanho da pipoca.<\/p>\n<p>\u201cA\u00ed, quando chego aqui no Farol, cheio como nunca vi na vida em todos os carnavais, fico envaidecida mesmo! Vem uma vozinha e diz: \u2018T\u00e1 vendo que valeu a pena?\u2019 O melhor caminho que tomei foi cantar ax\u00e9. N\u00e3o interessa se faz sucesso, mas quando canto pra voc\u00eas \u00e9 muito forte\u201d, agradeceu Ivete.<\/p>\n<p>&nbsp;<\/p>\n","protected":false},"excerpt":{"rendered":"<p>Por Laura Fernandes Aperto, cheiro de suor e cerveja, pessoas fantasiadas, solas de sapato perdidas no ch\u00e3o, uma briga s\u00f3 para constar, becos lotados e camarotes [&hellip;]<\/p>\n","protected":false},"author":2,"featured_media":15249,"comment_status":"open","ping_status":"open","sticky":false,"template":"","format":"image","meta":{"footnotes":""},"categories":[80,26],"tags":[566,1653,967],"class_list":["post-15247","post","type-post","status-publish","format-image","has-post-thumbnail","hentry","category-home","category-me-inspiro","tag-carnaval","tag-carnaval-da-ivete","tag-ivete","post_format-post-format-image"],"_links":{"self":[{"href":"https:\/\/blogs.correio24horas.com.br\/mesalte\/wp-json\/wp\/v2\/posts\/15247","targetHints":{"allow":["GET"]}}],"collection":[{"href":"https:\/\/blogs.correio24horas.com.br\/mesalte\/wp-json\/wp\/v2\/posts"}],"about":[{"href":"https:\/\/blogs.correio24horas.com.br\/mesalte\/wp-json\/wp\/v2\/types\/post"}],"author":[{"embeddable":true,"href":"https:\/\/blogs.correio24horas.com.br\/mesalte\/wp-json\/wp\/v2\/users\/2"}],"replies":[{"embeddable":true,"href":"https:\/\/blogs.correio24horas.com.br\/mesalte\/wp-json\/wp\/v2\/comments?post=15247"}],"version-history":[{"count":1,"href":"https:\/\/blogs.correio24horas.com.br\/mesalte\/wp-json\/wp\/v2\/posts\/15247\/revisions"}],"predecessor-version":[{"id":15248,"href":"https:\/\/blogs.correio24horas.com.br\/mesalte\/wp-json\/wp\/v2\/posts\/15247\/revisions\/15248"}],"wp:featuredmedia":[{"embeddable":true,"href":"https:\/\/blogs.correio24horas.com.br\/mesalte\/wp-json\/wp\/v2\/media\/15249"}],"wp:attachment":[{"href":"https:\/\/blogs.correio24horas.com.br\/mesalte\/wp-json\/wp\/v2\/media?parent=15247"}],"wp:term":[{"taxonomy":"category","embeddable":true,"href":"https:\/\/blogs.correio24horas.com.br\/mesalte\/wp-json\/wp\/v2\/categories?post=15247"},{"taxonomy":"post_tag","embeddable":true,"href":"https:\/\/blogs.correio24horas.com.br\/mesalte\/wp-json\/wp\/v2\/tags?post=15247"}],"curies":[{"name":"wp","href":"https:\/\/api.w.org\/{rel}","templated":true}]}}