{"id":15224,"date":"2018-04-27T09:12:29","date_gmt":"2018-04-27T12:12:29","guid":{"rendered":"http:\/\/blogs.correio24horas.com.br\/mesalte\/?p=15224"},"modified":"2018-04-27T09:12:29","modified_gmt":"2018-04-27T12:12:29","slug":"salvador-tera-casamento-coletivo-para-casais-lgbts-em-junho","status":"publish","type":"post","link":"https:\/\/blogs.correio24horas.com.br\/mesalte\/salvador-tera-casamento-coletivo-para-casais-lgbts-em-junho\/","title":{"rendered":"Salvador ter\u00e1 casamento coletivo para casais LGBTs em junho"},"content":{"rendered":"<p>O Minist\u00e9rio P\u00fablico da Bahia anunciou que realizar\u00e1 em junho uma cerim\u00f4nia de casamento coletivo dentro do projeto Sim Ao Amor. Essa ser\u00e1 a primeira vez que a celebra\u00e7\u00e3o de casamentos homoafetivos acontecer\u00e1 em Salvador.<\/p>\n<p>O projeto busca o reconhecimento social e judicial das uni\u00f5es homoafetivas. Os casais interessados precisam se inscrever com anteced\u00eancia devido aos prazos do cart\u00f3rio. A cerim\u00f4nia \u00e9 gratuita. Acesse o nosso site e fique por dentro de todos os detalhes. www.mpba.mp.br. A data prevista para a cerim\u00f4nia &#8211; gratuita &#8211; \u00e9 dia 28 de junho.<\/p>\n","protected":false},"excerpt":{"rendered":"<p>O Minist\u00e9rio P\u00fablico da Bahia anunciou que realizar\u00e1 em junho uma cerim\u00f4nia de casamento coletivo dentro do projeto Sim Ao Amor. Essa ser\u00e1 a primeira vez [&hellip;]<\/p>\n","protected":false},"author":1,"featured_media":15225,"comment_status":"open","ping_status":"open","sticky":false,"template":"","format":"image","meta":{"footnotes":""},"categories":[80,9],"tags":[],"class_list":["post-15224","post","type-post","status-publish","format-image","has-post-thumbnail","hentry","category-home","category-me-orgulho","post_format-post-format-image"],"_links":{"self":[{"href":"https:\/\/blogs.correio24horas.com.br\/mesalte\/wp-json\/wp\/v2\/posts\/15224","targetHints":{"allow":["GET"]}}],"collection":[{"href":"https:\/\/blogs.correio24horas.com.br\/mesalte\/wp-json\/wp\/v2\/posts"}],"about":[{"href":"https:\/\/blogs.correio24horas.com.br\/mesalte\/wp-json\/wp\/v2\/types\/post"}],"author":[{"embeddable":true,"href":"https:\/\/blogs.correio24horas.com.br\/mesalte\/wp-json\/wp\/v2\/users\/1"}],"replies":[{"embeddable":true,"href":"https:\/\/blogs.correio24horas.com.br\/mesalte\/wp-json\/wp\/v2\/comments?post=15224"}],"version-history":[{"count":2,"href":"https:\/\/blogs.correio24horas.com.br\/mesalte\/wp-json\/wp\/v2\/posts\/15224\/revisions"}],"predecessor-version":[{"id":15227,"href":"https:\/\/blogs.correio24horas.com.br\/mesalte\/wp-json\/wp\/v2\/posts\/15224\/revisions\/15227"}],"wp:featuredmedia":[{"embeddable":true,"href":"https:\/\/blogs.correio24horas.com.br\/mesalte\/wp-json\/wp\/v2\/media\/15225"}],"wp:attachment":[{"href":"https:\/\/blogs.correio24horas.com.br\/mesalte\/wp-json\/wp\/v2\/media?parent=15224"}],"wp:term":[{"taxonomy":"category","embeddable":true,"href":"https:\/\/blogs.correio24horas.com.br\/mesalte\/wp-json\/wp\/v2\/categories?post=15224"},{"taxonomy":"post_tag","embeddable":true,"href":"https:\/\/blogs.correio24horas.com.br\/mesalte\/wp-json\/wp\/v2\/tags?post=15224"}],"curies":[{"name":"wp","href":"https:\/\/api.w.org\/{rel}","templated":true}]}}