{"id":15183,"date":"2018-04-24T08:02:21","date_gmt":"2018-04-24T11:02:21","guid":{"rendered":"http:\/\/blogs.correio24horas.com.br\/mesalte\/?p=15183"},"modified":"2018-04-24T08:02:36","modified_gmt":"2018-04-24T11:02:36","slug":"felipe-doss-familia-e-amigos-convocam-ato-por-justica","status":"publish","type":"post","link":"https:\/\/blogs.correio24horas.com.br\/mesalte\/felipe-doss-familia-e-amigos-convocam-ato-por-justica\/","title":{"rendered":"Felipe Doss: fam\u00edlia e amigos convocam ato por justi\u00e7a"},"content":{"rendered":"<p>Ap\u00f3s cinco meses sem nenhuma resposta sobre o assassinato do estudante de Geografia da Ufba, Felipe Doss, familiares, amigos, colegas de curso e militantes convocaram um ato para cobrar justi\u00e7a, celeridade e comprometimento nas investiga\u00e7\u00f5es. Marcado para o dia 9 de maio, quando completam seis meses de sua morte, o ato come\u00e7a \u00e0 9h, com concentra\u00e7\u00e3o em frente ao pr\u00e9dio da Governadoria, no Centro Administrativo da Bahia (CAB).<\/p>\n<p><a href=\"https:\/\/www.correio24horas.com.br\/noticia\/nid\/ladrao-atirou-em-aluno-da-ufba-apos-ele-correr-para-nao-entregar-celular\/\" target=\"_blank\">Assassinado em 9 de novembro de 2017 na Federa\u00e7\u00e3o<\/a>, em pleno m\u00eas de campanha e ativismo sobre a valoriza\u00e7\u00e3o das vidas negras interrompidas pelo sistema racista, Felipe Doss teve uma trajet\u00f3ria de luta e milit\u00e2ncia dedicada aos negros e negras, LGBTs e estudantes cotistas, atuando em diversas entidades.<\/p>\n<p>A \u00fanica novidade relativa ao caso foi terem encontrado um carro abandonado que pode ter sido usado no crime, um dia ap\u00f3s o ocorrido. A pol\u00edcia sempre informa \u00e0 imprensa que est\u00e1 pr\u00f3xima de concluir as investiga\u00e7\u00f5es, mas n\u00e3o oferece respostas aos familiares. Vidas negras importam!<\/p>\n<p><strong>SERVI\u00c7O<\/strong><br \/>\nO qu\u00ea? Ato cobrando por justi\u00e7a e celeridade nas investiga\u00e7\u00f5es sobre o assassinato de Felipe Doss.<br \/>\nQuando? Dia 9 de maio, \u00e0s 9h.<br \/>\nOnde? Em frente \u00e0 Governadoria, no CAB.<\/p>\n","protected":false},"excerpt":{"rendered":"<p>Ap\u00f3s cinco meses sem nenhuma resposta sobre o assassinato do estudante de Geografia da Ufba, Felipe Doss, familiares, amigos, colegas de curso e militantes convocaram um [&hellip;]<\/p>\n","protected":false},"author":1,"featured_media":15184,"comment_status":"open","ping_status":"open","sticky":false,"template":"","format":"image","meta":{"footnotes":""},"categories":[80,11],"tags":[1650],"class_list":["post-15183","post","type-post","status-publish","format-image","has-post-thumbnail","hentry","category-home","category-me-informo","tag-felipe-doss","post_format-post-format-image"],"_links":{"self":[{"href":"https:\/\/blogs.correio24horas.com.br\/mesalte\/wp-json\/wp\/v2\/posts\/15183","targetHints":{"allow":["GET"]}}],"collection":[{"href":"https:\/\/blogs.correio24horas.com.br\/mesalte\/wp-json\/wp\/v2\/posts"}],"about":[{"href":"https:\/\/blogs.correio24horas.com.br\/mesalte\/wp-json\/wp\/v2\/types\/post"}],"author":[{"embeddable":true,"href":"https:\/\/blogs.correio24horas.com.br\/mesalte\/wp-json\/wp\/v2\/users\/1"}],"replies":[{"embeddable":true,"href":"https:\/\/blogs.correio24horas.com.br\/mesalte\/wp-json\/wp\/v2\/comments?post=15183"}],"version-history":[{"count":1,"href":"https:\/\/blogs.correio24horas.com.br\/mesalte\/wp-json\/wp\/v2\/posts\/15183\/revisions"}],"predecessor-version":[{"id":15185,"href":"https:\/\/blogs.correio24horas.com.br\/mesalte\/wp-json\/wp\/v2\/posts\/15183\/revisions\/15185"}],"wp:featuredmedia":[{"embeddable":true,"href":"https:\/\/blogs.correio24horas.com.br\/mesalte\/wp-json\/wp\/v2\/media\/15184"}],"wp:attachment":[{"href":"https:\/\/blogs.correio24horas.com.br\/mesalte\/wp-json\/wp\/v2\/media?parent=15183"}],"wp:term":[{"taxonomy":"category","embeddable":true,"href":"https:\/\/blogs.correio24horas.com.br\/mesalte\/wp-json\/wp\/v2\/categories?post=15183"},{"taxonomy":"post_tag","embeddable":true,"href":"https:\/\/blogs.correio24horas.com.br\/mesalte\/wp-json\/wp\/v2\/tags?post=15183"}],"curies":[{"name":"wp","href":"https:\/\/api.w.org\/{rel}","templated":true}]}}