{"id":15175,"date":"2018-04-23T14:14:25","date_gmt":"2018-04-23T17:14:25","guid":{"rendered":"http:\/\/blogs.correio24horas.com.br\/mesalte\/?p=15175"},"modified":"2018-04-23T16:38:04","modified_gmt":"2018-04-23T19:38:04","slug":"exclusivo-boate-amsterdam-salvador-sera-transferida-para-o-rio-vermelho-saiba-mais","status":"publish","type":"post","link":"https:\/\/blogs.correio24horas.com.br\/mesalte\/exclusivo-boate-amsterdam-salvador-sera-transferida-para-o-rio-vermelho-saiba-mais\/","title":{"rendered":"Exclusivo: boate Amsterdam Salvador ser\u00e1 transferida para o Rio Vermelho; saiba mais"},"content":{"rendered":"<p>Aten\u00e7\u00e3o, migues! Prepara o queixo que essa novidade vai te enlouquecer. Desde 2012 instalada no Largo dos Aflitos, a Amsterdam Salvador prepara um novo espa\u00e7o para sua programa\u00e7\u00e3o no Rio Vermelho, para onde levar\u00e1 algumas de suas festas e onde passar\u00e1 a contar com nova equipe e novos selos tem\u00e1ticos a partir de maio.<\/p>\n<p>O local escolhido \u00e9 a Pir\u00e2mide do Rio Vermelho, onde funcionaram os clubes Pink Elephant e XYZ e ao lado de onde tamb\u00e9m ser\u00e1 instalada a nova San Sebastian em breve (ela ficar\u00e1 no lado que ficou mais atingido pelo inc\u00eandio no espa\u00e7o e por isso demorar\u00e1 mais para ser aberta).<\/p>\n<div id=\"attachment_15181\" style=\"width: 1034px\" class=\"wp-caption aligncenter\"><img loading=\"lazy\" decoding=\"async\" aria-describedby=\"caption-attachment-15181\" class=\"size-large wp-image-15181\" src=\"https:\/\/blogs.correio24h.com.br\/mesalte\/wp-content\/uploads\/2018\/04\/NOVA-LOGO-1024x657.jpg\" alt=\"Boate ter\u00e1 nova logomarca no novo endere\u00e7o\" width=\"1024\" height=\"657\" srcset=\"https:\/\/blogs.correio24h.com.br\/mesalte\/wp-content\/uploads\/2018\/04\/NOVA-LOGO-1024x657.jpg 1024w, https:\/\/blogs.correio24h.com.br\/mesalte\/wp-content\/uploads\/2018\/04\/NOVA-LOGO-300x192.jpg 300w, https:\/\/blogs.correio24h.com.br\/mesalte\/wp-content\/uploads\/2018\/04\/NOVA-LOGO-768x493.jpg 768w, https:\/\/blogs.correio24h.com.br\/mesalte\/wp-content\/uploads\/2018\/04\/NOVA-LOGO-228x146.jpg 228w, https:\/\/blogs.correio24h.com.br\/mesalte\/wp-content\/uploads\/2018\/04\/NOVA-LOGO-50x32.jpg 50w, https:\/\/blogs.correio24h.com.br\/mesalte\/wp-content\/uploads\/2018\/04\/NOVA-LOGO-117x75.jpg 117w, https:\/\/blogs.correio24h.com.br\/mesalte\/wp-content\/uploads\/2018\/04\/NOVA-LOGO.jpg 1366w\" sizes=\"auto, (max-width: 1024px) 100vw, 1024px\" \/><p id=\"caption-attachment-15181\" class=\"wp-caption-text\">Boate ter\u00e1 nova logomarca no novo endere\u00e7o<\/p><\/div>\n<p>Com isso, a boate refor\u00e7a e amplia seu conceito de ser um espa\u00e7o onde a diversidade e o respeito andam juntos, reunindo pessoas de diferentes perfis que querem se divertir sem r\u00f3tulos e imposi\u00e7\u00f5es.<\/p>\n<p>O s\u00f3cio Rodrigo Smith prepara a decora\u00e7\u00e3o do novo espa\u00e7o, que contar\u00e1 com elementos arquitet\u00f4nicos e culturais da capital holandesa, conhecida pela liberdade e toler\u00e2ncia e que d\u00e1 nome ao clube, o mais moderninho de Salvador.<\/p>\n<p>A casa onde atualmente funciona a Amsterdam ser\u00e1 mantida para atender ao fiel p\u00fablico com o mesmo conceito, mas passa a ser chamada de Mirante dos Aflitos, em refer\u00eancia ao local que ocupa, famoso pela deslumbrante vista da Ba\u00eda de todos os Santos, e ao carinhoso apelido dado pelos pr\u00f3prios clientes.<\/p>\n","protected":false},"excerpt":{"rendered":"<p>Aten\u00e7\u00e3o, migues! Prepara o queixo que essa novidade vai te enlouquecer. Desde 2012 instalada no Largo dos Aflitos, a Amsterdam Salvador prepara um novo espa\u00e7o para [&hellip;]<\/p>\n","protected":false},"author":1,"featured_media":15176,"comment_status":"open","ping_status":"open","sticky":false,"template":"","format":"image","meta":{"footnotes":""},"categories":[28,80,16],"tags":[],"class_list":["post-15175","post","type-post","status-publish","format-image","has-post-thumbnail","hentry","category-farofa-digital","category-home","category-me-jogo","post_format-post-format-image"],"_links":{"self":[{"href":"https:\/\/blogs.correio24horas.com.br\/mesalte\/wp-json\/wp\/v2\/posts\/15175","targetHints":{"allow":["GET"]}}],"collection":[{"href":"https:\/\/blogs.correio24horas.com.br\/mesalte\/wp-json\/wp\/v2\/posts"}],"about":[{"href":"https:\/\/blogs.correio24horas.com.br\/mesalte\/wp-json\/wp\/v2\/types\/post"}],"author":[{"embeddable":true,"href":"https:\/\/blogs.correio24horas.com.br\/mesalte\/wp-json\/wp\/v2\/users\/1"}],"replies":[{"embeddable":true,"href":"https:\/\/blogs.correio24horas.com.br\/mesalte\/wp-json\/wp\/v2\/comments?post=15175"}],"version-history":[{"count":4,"href":"https:\/\/blogs.correio24horas.com.br\/mesalte\/wp-json\/wp\/v2\/posts\/15175\/revisions"}],"predecessor-version":[{"id":15182,"href":"https:\/\/blogs.correio24horas.com.br\/mesalte\/wp-json\/wp\/v2\/posts\/15175\/revisions\/15182"}],"wp:featuredmedia":[{"embeddable":true,"href":"https:\/\/blogs.correio24horas.com.br\/mesalte\/wp-json\/wp\/v2\/media\/15176"}],"wp:attachment":[{"href":"https:\/\/blogs.correio24horas.com.br\/mesalte\/wp-json\/wp\/v2\/media?parent=15175"}],"wp:term":[{"taxonomy":"category","embeddable":true,"href":"https:\/\/blogs.correio24horas.com.br\/mesalte\/wp-json\/wp\/v2\/categories?post=15175"},{"taxonomy":"post_tag","embeddable":true,"href":"https:\/\/blogs.correio24horas.com.br\/mesalte\/wp-json\/wp\/v2\/tags?post=15175"}],"curies":[{"name":"wp","href":"https:\/\/api.w.org\/{rel}","templated":true}]}}