{"id":15060,"date":"2018-04-12T08:57:09","date_gmt":"2018-04-12T11:57:09","guid":{"rendered":"http:\/\/blogs.correio24horas.com.br\/mesalte\/?p=15060"},"modified":"2018-04-12T09:00:40","modified_gmt":"2018-04-12T12:00:40","slug":"acontece-neste-final-de-semana-evento-gratuito-com-empreendedores-baianos","status":"publish","type":"post","link":"https:\/\/blogs.correio24horas.com.br\/mesalte\/acontece-neste-final-de-semana-evento-gratuito-com-empreendedores-baianos\/","title":{"rendered":"Acontece neste final de semana evento gratuito com empreendedores baianos"},"content":{"rendered":"<p>O evento itinerante Vizu chega \u00e0 sua segunda edi\u00e7\u00e3o neste final de semana, nos dias 14 e 15 de abril, NA GARAGEM, na Av. Professor Sabino Silva, Barra. S\u00e3o 16 marcas com empreendedores baianos \u00e0 frente, nos segmentos de moda, decora\u00e7\u00e3o, gastronomia e tattoo.<\/p>\n<p>Al\u00e9m de flash day tatto com Cheetara &#8211; L\u00edvia MC Gramacho &#8211; nos dois dias, o evento contar\u00e1 com a exposi\u00e7\u00e3o dos \u00f3culos de sol da Sonbrille, acess\u00f3rios em prata da Moai Pratas, bijoux das Outerelas, cal\u00e7ados da Born Store, moda feminina com a Cor de Dend\u00ea, moda masculina da Sambaba, moda infantil com DuoKids e Nicobaldo, moda praia com 3K, bolsas da Miu Mai, acess\u00f3rios em tecido da Com Arte, decora\u00e7\u00e3o com Arch\u00e9 e Est\u00fadio Al\u00ea, cosm\u00e9ticos da Abeb\u00e9 e aromas da Bem Me Quero.<\/p>\n<p>No primeiro dia, s\u00e1bado, o evento tem in\u00edcio \u00e0s 17h e segue at\u00e9 0h. O som ficar\u00e1 por conta de Leda Chaves. No domingo, a feira de economia criativa ir\u00e1 come\u00e7ar \u00e0s 13h e segue ate \u00e0s 22h ao som de Mar\u00edlia Sodr\u00e9. Vizu prop\u00f5e um novo jeito de visualizar o mundo, com produ\u00e7\u00f5es que impulsionam o modelo de consumo consciente e a economia criativa.<\/p>\n<p>SERVI\u00c7O<br \/>\nVizu \u2013 Moda, gastronomia, decora\u00e7\u00e3o e tattoo<br \/>\nDias: 14 e 15 de abril<br \/>\nHor\u00e1rio: S\u00e1bado das 17h \u00e0 0h | Domingo das 13h \u00e0s 22h<br \/>\nLocal: NA GARAGEM<br \/>\nEndere\u00e7o: Av. Professor Sabino Silva, 179, Barra<br \/>\nENTRADA GRATUITA<\/p>\n","protected":false},"excerpt":{"rendered":"<p>O evento itinerante Vizu chega \u00e0 sua segunda edi\u00e7\u00e3o neste final de semana, nos dias 14 e 15 de abril, NA GARAGEM, na Av. Professor Sabino [&hellip;]<\/p>\n","protected":false},"author":1,"featured_media":15061,"comment_status":"open","ping_status":"open","sticky":false,"template":"","format":"image","meta":{"footnotes":""},"categories":[80,16],"tags":[],"class_list":["post-15060","post","type-post","status-publish","format-image","has-post-thumbnail","hentry","category-home","category-me-jogo","post_format-post-format-image"],"_links":{"self":[{"href":"https:\/\/blogs.correio24horas.com.br\/mesalte\/wp-json\/wp\/v2\/posts\/15060","targetHints":{"allow":["GET"]}}],"collection":[{"href":"https:\/\/blogs.correio24horas.com.br\/mesalte\/wp-json\/wp\/v2\/posts"}],"about":[{"href":"https:\/\/blogs.correio24horas.com.br\/mesalte\/wp-json\/wp\/v2\/types\/post"}],"author":[{"embeddable":true,"href":"https:\/\/blogs.correio24horas.com.br\/mesalte\/wp-json\/wp\/v2\/users\/1"}],"replies":[{"embeddable":true,"href":"https:\/\/blogs.correio24horas.com.br\/mesalte\/wp-json\/wp\/v2\/comments?post=15060"}],"version-history":[{"count":1,"href":"https:\/\/blogs.correio24horas.com.br\/mesalte\/wp-json\/wp\/v2\/posts\/15060\/revisions"}],"predecessor-version":[{"id":15062,"href":"https:\/\/blogs.correio24horas.com.br\/mesalte\/wp-json\/wp\/v2\/posts\/15060\/revisions\/15062"}],"wp:featuredmedia":[{"embeddable":true,"href":"https:\/\/blogs.correio24horas.com.br\/mesalte\/wp-json\/wp\/v2\/media\/15061"}],"wp:attachment":[{"href":"https:\/\/blogs.correio24horas.com.br\/mesalte\/wp-json\/wp\/v2\/media?parent=15060"}],"wp:term":[{"taxonomy":"category","embeddable":true,"href":"https:\/\/blogs.correio24horas.com.br\/mesalte\/wp-json\/wp\/v2\/categories?post=15060"},{"taxonomy":"post_tag","embeddable":true,"href":"https:\/\/blogs.correio24horas.com.br\/mesalte\/wp-json\/wp\/v2\/tags?post=15060"}],"curies":[{"name":"wp","href":"https:\/\/api.w.org\/{rel}","templated":true}]}}