{"id":14984,"date":"2018-04-04T17:56:23","date_gmt":"2018-04-04T20:56:23","guid":{"rendered":"http:\/\/blogs.correio24horas.com.br\/mesalte\/?p=14984"},"modified":"2018-04-07T10:23:33","modified_gmt":"2018-04-07T13:23:33","slug":"festival-que-tera-primeiro-show-de-ivete-apos-gravidez-ja-tem-90-dos-ingressos-vendidos","status":"publish","type":"post","link":"https:\/\/blogs.correio24horas.com.br\/mesalte\/festival-que-tera-primeiro-show-de-ivete-apos-gravidez-ja-tem-90-dos-ingressos-vendidos\/","title":{"rendered":"Festival que ter\u00e1 primeiro show de Ivete ap\u00f3s gravidez j\u00e1 tem 90% dos ingressos vendidos"},"content":{"rendered":"<p>Ivete Sangalo ainda est\u00e1 no movimento das m\u00fasicas de ninar para suas filhas Marina e Helena, mas seus f\u00e3s j\u00e1 est\u00e3o na expectativa para o reencontro com a diva que acontecer\u00e1 no San Island Weekend, evento promovido pelo grupo San Sebastian em Morro de S\u00e3o Paulo.<\/p>\n<p>Faltando menos de 2 meses para o evento &#8211; que acontece em maio &#8211; j\u00e1 foram vendidos 90% dos pacotes. Os \u00faltimos dispon\u00edveis est\u00e3o \u00e0 venda no www.sanislandweekend.com.<\/p>\n<p>Os paulistas prometem invadir Morro de S\u00e3o Paulo, na Bahia, entre os dias 18 e 20 de maio, quando\u00a0acontecer\u00e1 a 2\u00aa edi\u00e7\u00e3o do San Island Weekend. O p\u00fablico de S\u00e3o Paulo representa 24% das vendas dos pacotes. Logo atr\u00e1s, v\u00eam os cariocas, que somam 20% do p\u00fablico esperado para a edi\u00e7\u00e3o 2018 do evento, que tem confirmadas as participa\u00e7\u00f5es de Ivete Sangalo e do DJ espanhol Ivan Gomez, que comanda a festa La Leche, numa in\u00e9dita parceria da San Sebastian com a The Week.<\/p>\n<p>O cen\u00e1rio paradis\u00edaco da Bahia aguarda tamb\u00e9m muitos brazilienses (16%), mineiros (14%) e, claro, baianos (7%). Os demais estados representam 19% do p\u00fablico.<\/p>\n<p>&#8220;Ficamos muito felizes com o resultado da primeira edi\u00e7\u00e3o, que superou nossas expectativas e prova que o evento ganhou o Brasil. A San Sebastian deixou de ser local e, hoje, faz festas no Brasil todo e para o Brasil todo. Estamos confiantes com esse projeto, que conta com a for\u00e7a de Ivete Sangalo, da The Week, que se torna uma grande parceira, e do nosso trabalho de levar a Bahia para o mundo&#8221;, refor\u00e7a Andr\u00e9 Gagliano, diretor do Grupo San Sebastian.<\/p>\n<p>&nbsp;<\/p>\n","protected":false},"excerpt":{"rendered":"<p>Ivete Sangalo ainda est\u00e1 no movimento das m\u00fasicas de ninar para suas filhas Marina e Helena, mas seus f\u00e3s j\u00e1 est\u00e3o na expectativa para o reencontro [&hellip;]<\/p>\n","protected":false},"author":1,"featured_media":11088,"comment_status":"open","ping_status":"open","sticky":false,"template":"","format":"image","meta":{"footnotes":""},"categories":[28,80],"tags":[],"class_list":["post-14984","post","type-post","status-publish","format-image","has-post-thumbnail","hentry","category-farofa-digital","category-home","post_format-post-format-image"],"_links":{"self":[{"href":"https:\/\/blogs.correio24horas.com.br\/mesalte\/wp-json\/wp\/v2\/posts\/14984","targetHints":{"allow":["GET"]}}],"collection":[{"href":"https:\/\/blogs.correio24horas.com.br\/mesalte\/wp-json\/wp\/v2\/posts"}],"about":[{"href":"https:\/\/blogs.correio24horas.com.br\/mesalte\/wp-json\/wp\/v2\/types\/post"}],"author":[{"embeddable":true,"href":"https:\/\/blogs.correio24horas.com.br\/mesalte\/wp-json\/wp\/v2\/users\/1"}],"replies":[{"embeddable":true,"href":"https:\/\/blogs.correio24horas.com.br\/mesalte\/wp-json\/wp\/v2\/comments?post=14984"}],"version-history":[{"count":3,"href":"https:\/\/blogs.correio24horas.com.br\/mesalte\/wp-json\/wp\/v2\/posts\/14984\/revisions"}],"predecessor-version":[{"id":15009,"href":"https:\/\/blogs.correio24horas.com.br\/mesalte\/wp-json\/wp\/v2\/posts\/14984\/revisions\/15009"}],"wp:featuredmedia":[{"embeddable":true,"href":"https:\/\/blogs.correio24horas.com.br\/mesalte\/wp-json\/wp\/v2\/media\/11088"}],"wp:attachment":[{"href":"https:\/\/blogs.correio24horas.com.br\/mesalte\/wp-json\/wp\/v2\/media?parent=14984"}],"wp:term":[{"taxonomy":"category","embeddable":true,"href":"https:\/\/blogs.correio24horas.com.br\/mesalte\/wp-json\/wp\/v2\/categories?post=14984"},{"taxonomy":"post_tag","embeddable":true,"href":"https:\/\/blogs.correio24horas.com.br\/mesalte\/wp-json\/wp\/v2\/tags?post=14984"}],"curies":[{"name":"wp","href":"https:\/\/api.w.org\/{rel}","templated":true}]}}