{"id":14976,"date":"2018-04-04T08:08:31","date_gmt":"2018-04-04T11:08:31","guid":{"rendered":"http:\/\/blogs.correio24horas.com.br\/mesalte\/?p=14976"},"modified":"2018-04-04T08:19:56","modified_gmt":"2018-04-04T11:19:56","slug":"comeca-prazo-para-eleitores-transexuais-e-travestis-registrarem-nome-social-no-titulo","status":"publish","type":"post","link":"https:\/\/blogs.correio24horas.com.br\/mesalte\/comeca-prazo-para-eleitores-transexuais-e-travestis-registrarem-nome-social-no-titulo\/","title":{"rendered":"Come\u00e7a prazo para eleitores transexuais e travestis registrarem nome social no t\u00edtulo"},"content":{"rendered":"<p>Duas amigas transexuais foram as primeiras a procurar o Tribunal Regional Eleitoral da Bahia (TRE-BA) para inclu\u00edrem o nome social no t\u00edtulo de eleitor. A atualiza\u00e7\u00e3o aconteceu nesta ter\u00e7a-feira (3), abertura do prazo para atualiza\u00e7\u00e3o do documento com autodeclara\u00e7\u00e3o, reconhecida pelo Tribunal Superior Eleitoral (TSE). A inclus\u00e3o modificar\u00e1 o nome do eleitor no caderno de vota\u00e7\u00e3o das Elei\u00e7\u00f5es de 2018.<\/p>\n<p>Na ocasi\u00e3o, o cidad\u00e3o tamb\u00e9m poder\u00e1 atualizar sua identidade de g\u00eanero para masculino ou feminino, conforme se identificar. Para utilizar o novo documento j\u00e1 nas Elei\u00e7\u00f5es 2018,\u00a0a pessoa \u00a0dever\u00e1 solicitar a mudan\u00e7a at\u00e9 o pr\u00f3ximo dia 9 de maio, data do fechamento do Cadastro Eleitoral. Ap\u00f3s o prazo, a altera\u00e7\u00e3o poder\u00e1 ser feita apenas ap\u00f3s a realiza\u00e7\u00e3o do pleito.<\/p>\n<p>A manicure Keyla Santos, 25 anos, soube da possibilidade de mudar o nome por meio de grupos em redes sociais. \u201cA inclus\u00e3o do nome social \u00e9 um sonho de todas n\u00f3s, trans. Estou muito feliz em ter realizado esta conquista\u201d, disse a jovem.<\/p>\n<p>\u00e1 a cabeleireira, Sheron Oliveira Fernandes, 23, viu nos notici\u00e1rios a novidade e multiplicou a informa\u00e7\u00e3o para as amigas. \u201cEu vi na televis\u00e3o e corri logo para falar para minhas amigas, pois todas t\u00eam que ter o nome social. Acho maravilhoso isso e n\u00e3o vejo a hora de mudar na minha identidade tamb\u00e9m\u201d, contou animada.<\/p>\n<p><strong>Como fazer?<\/strong><br \/>\nO cidad\u00e3o que desejar incluir o nome social no t\u00edtulo de eleitor deve procurar um cart\u00f3rio ou posto de atendimento da Justi\u00e7a Eleitoral em sua cidade. Durante o atendimento, dever\u00e1 ser apresentado documento oficial com foto e comprovante de resid\u00eancia. Para inclus\u00e3o do nome social, a autodeclara\u00e7\u00e3o \u00e9 suficiente, n\u00e3o sendo necess\u00e1rio que o nome pelo qual deseje ser chamado conste tamb\u00e9m no documento oficial apresentado.<\/p>\n","protected":false},"excerpt":{"rendered":"<p>Duas amigas transexuais foram as primeiras a procurar o Tribunal Regional Eleitoral da Bahia (TRE-BA) para inclu\u00edrem o nome social no t\u00edtulo de eleitor. A atualiza\u00e7\u00e3o [&hellip;]<\/p>\n","protected":false},"author":1,"featured_media":14983,"comment_status":"open","ping_status":"open","sticky":false,"template":"","format":"image","meta":{"footnotes":""},"categories":[80,11],"tags":[],"class_list":["post-14976","post","type-post","status-publish","format-image","has-post-thumbnail","hentry","category-home","category-me-informo","post_format-post-format-image"],"_links":{"self":[{"href":"https:\/\/blogs.correio24horas.com.br\/mesalte\/wp-json\/wp\/v2\/posts\/14976","targetHints":{"allow":["GET"]}}],"collection":[{"href":"https:\/\/blogs.correio24horas.com.br\/mesalte\/wp-json\/wp\/v2\/posts"}],"about":[{"href":"https:\/\/blogs.correio24horas.com.br\/mesalte\/wp-json\/wp\/v2\/types\/post"}],"author":[{"embeddable":true,"href":"https:\/\/blogs.correio24horas.com.br\/mesalte\/wp-json\/wp\/v2\/users\/1"}],"replies":[{"embeddable":true,"href":"https:\/\/blogs.correio24horas.com.br\/mesalte\/wp-json\/wp\/v2\/comments?post=14976"}],"version-history":[{"count":1,"href":"https:\/\/blogs.correio24horas.com.br\/mesalte\/wp-json\/wp\/v2\/posts\/14976\/revisions"}],"predecessor-version":[{"id":14978,"href":"https:\/\/blogs.correio24horas.com.br\/mesalte\/wp-json\/wp\/v2\/posts\/14976\/revisions\/14978"}],"wp:featuredmedia":[{"embeddable":true,"href":"https:\/\/blogs.correio24horas.com.br\/mesalte\/wp-json\/wp\/v2\/media\/14983"}],"wp:attachment":[{"href":"https:\/\/blogs.correio24horas.com.br\/mesalte\/wp-json\/wp\/v2\/media?parent=14976"}],"wp:term":[{"taxonomy":"category","embeddable":true,"href":"https:\/\/blogs.correio24horas.com.br\/mesalte\/wp-json\/wp\/v2\/categories?post=14976"},{"taxonomy":"post_tag","embeddable":true,"href":"https:\/\/blogs.correio24horas.com.br\/mesalte\/wp-json\/wp\/v2\/tags?post=14976"}],"curies":[{"name":"wp","href":"https:\/\/api.w.org\/{rel}","templated":true}]}}